{"id":350887,"date":"2025-08-17T04:35:15","date_gmt":"2025-08-17T04:35:15","guid":{"rendered":"https:\/\/www.europesays.com\/de\/350887\/"},"modified":"2025-08-17T04:35:15","modified_gmt":"2025-08-17T04:35:15","slug":"nicht-nur-an-honig-denken-kritik-am-privaten-bienen-boom-wissenschaft","status":"publish","type":"post","link":"https:\/\/www.europesays.com\/de\/350887\/","title":{"rendered":"Nicht nur an Honig denken: Kritik am privaten Bienen-Boom | Wissenschaft"},"content":{"rendered":"<p id=\"absatz1\" class=\"em_text\">Die zunehmende private Haltung von Honigbienen ist nach Ansicht des Naturschutzbundes Nabu nicht unproblematisch. \u00abDie private Bienenhaltung ist in den letzten 20 Jahren stark angestiegen\u00bb, sagt die Nabu-Referentin f\u00fcr Biodiversit\u00e4t, Laura Breitkreuz. \u00abViele Menschen verwechseln die Haltung von Honigbienen mit Naturschutz.\u00bb Demnach tragen die Tiere zwar zur Best\u00e4ubung bei, k\u00f6nnen aber unter Umst\u00e4nden auch ein Problem f\u00fcr wildlebende Bienen darstellen. \u00abIch w\u00fcrde derzeit davon abraten\u00bb, sagt Breitkreuz.<\/p>\n<p id=\"absatz2\" class=\"em_text\">Die Sprecherin ruft dazu auf, sich vor der Anschaffung eines Bienenvolks bewusst zu machen, was das eigentliche Ziel sei. \u00abPrivatpersonen sollten sich erst einmal fragen: Wollen wir Honig produzieren oder wollen wir etwas f\u00fcr die Umwelt tun?\u00bb Wer Honig gewinnen wolle, solle zus\u00e4tzlich Ma\u00dfnahmen zum Schutz der Natur ergreifen. Wer hingegen etwas f\u00fcr die Umwelt tun wolle, habe daf\u00fcr auch andere M\u00f6glichkeiten.<\/p>\n<p><a class=\"link-img\" href=\"https:\/\/www.mt.de\/_em_daten\/_cache\/image\/1xSkZrbm5qenlidjRuZ05UTUhWYjVSbjdHYzQ2V0N6eUtNekpzdnUrVFBjcURtVGMrbDgxdS9EbTNBbytKZ2hjM3hJTktvRTFzVnAyeFVwVVJCcHBlVHAxL2lqZW1YSzBPdkRraWdwck80QjdVd3NkSk9wZnZQU2FvaGRrWHg0Vlc\/250817-0603-urn-newsml-dpa-com-20090101-250817-935-773283.jpg\" data-fancybox=\"images\" data-caption=\"Detflef K\u00e4pnick z\u00fcchtet Honigbienen in seinem Garten. (Archivbild) - \u00a9 Alina Gr\u00fcnky\/dpa\" target=\"_blank\" rel=\"noopener\"><br \/>\n<img decoding=\"async\"  src=\"https:\/\/www.europesays.com\/de\/wp-content\/uploads\/2025\/08\/250817-0603-urn-newsml-dpa-com-20090101-250817-935-773283.jpg\" loading=\"lazy\" width=\"1000\" alt=\"Detflef K\u00e4pnick z\u00fcchtet Honigbienen in seinem Garten. (Archivbild) - \u00a9 Alina Gr\u00fcnky\/dpa\"\/><\/p>\n<p><\/a><\/p>\n<p>Detflef K\u00e4pnick z\u00fcchtet Honigbienen in seinem Garten. (Archivbild) &#8211; \u00a9 Alina Gr\u00fcnky\/dpa<\/p>\n<p id=\"absatz5\" class=\"em_text\">\u00abWer sich ein Bienenvolk in den Kleingarten stellt, der sollte auch daf\u00fcr sorgen, dass es mehr Bl\u00fcten in der Umgebung gibt\u00bb, f\u00fchrt sie weiter aus. Andernfalls entstehe zus\u00e4tzliche Konkurrenz um Pollen und Nektar mit Wildbienen und anderen Insekten. Besonders heimische Pflanzen seien wichtig. Auch das Schaffen von Nistpl\u00e4tzen etwa aus Totholz oder offenen Bodenfl\u00e4chen k\u00f6nne helfen.<\/p>\n<p>Imkerbund sieht andere Probleme<\/p>\n<p><a class=\"link-img\" href=\"https:\/\/www.mt.de\/_em_daten\/_cache\/image\/1xSkZrbm5qenlidjRuZ05UTUhWYjVSbjdHYzQ2V0N6eUtNekpzdnUrVFBjcURtVGMrbDgxdS9EbTNBbytKZ2hjM3hJTktvRTFzVnAyeFVwVVJCcHBlVHN2M0xPSVJkZ2ptVUJlMlFVMUNnK20vVlRPdStPU0E0SSszZWt1d2VOc1U\/250817-0603-urn-newsml-dpa-com-20090101-250817-935-773292.jpg\" data-fancybox=\"images\" data-caption=\"K\u00e4pnick schaut regelm\u00e4\u00dfig, ob es seinen Bienen gut geht. (Archivbild) - \u00a9 Alina Gr\u00fcnky\/dpa\" target=\"_blank\" rel=\"noopener\"><br \/>\n<img decoding=\"async\"  src=\"https:\/\/www.europesays.com\/de\/wp-content\/uploads\/2025\/08\/250817-0603-urn-newsml-dpa-com-20090101-250817-935-773292.jpg\" loading=\"lazy\" width=\"1000\" alt=\"K\u00e4pnick schaut regelm\u00e4\u00dfig, ob es seinen Bienen gut geht. (Archivbild) - \u00a9 Alina Gr\u00fcnky\/dpa\"\/><\/p>\n<p><\/a><\/p>\n<p>K\u00e4pnick schaut regelm\u00e4\u00dfig, ob es seinen Bienen gut geht. (Archivbild) &#8211; \u00a9 Alina Gr\u00fcnky\/dpa<\/p>\n<p id=\"absatz7\" class=\"em_text\">Der Deutsche Imkerbund sieht dagegen keine grunds\u00e4tzliche Konkurrenz zwischen Honigbienen und Wildbienen. \u00abDie Natur hat Mechanismen eingebaut, dank denen es kaum zu Nahrungskonkurrenz kommt\u00bb, sagt August-Wilhelm Schinkel, Pr\u00e4sidiumsmitglied des Verbands. \u00abWir haben 600 Bienenarten, die sich von unterschiedlichen Pflanzen ern\u00e4hren, die zu unterschiedlichen Tageszeiten bl\u00fchen.\u00bb Die Tiere seien auch nicht alle zur gleichen Tageszeit unterwegs.<\/p>\n<p><a class=\"link-img\" href=\"https:\/\/www.mt.de\/_em_daten\/_cache\/image\/1xSkZrbm5qenlidjRuZ05UTUhWYjVSbjdHYzQ2V0N6eUtNekpzdnUrVFBjcURtVGMrbDgxdS9EbTNBbytKZ2hjM3hJTktvRTFzVnAyeFVwVVJCcHBlVGdneTBsWCtOSlBlck9Qc0RUUVY0eFg3QTdvNzRrdmdJYzRZWi9VdUtnUUs\/250817-0603-urn-newsml-dpa-com-20090101-250817-935-773286.jpg\" data-fancybox=\"images\" data-caption=\"Bienen bringen Pollen in den Bienenstock. (Archivbild) - \u00a9 Alina Gr\u00fcnky\/dpa\" target=\"_blank\" rel=\"noopener\"><br \/>\n<img decoding=\"async\"  src=\"https:\/\/www.europesays.com\/de\/wp-content\/uploads\/2025\/08\/250817-0603-urn-newsml-dpa-com-20090101-250817-935-773286.jpg\" loading=\"lazy\" width=\"1000\" alt=\"Bienen bringen Pollen in den Bienenstock. (Archivbild) - \u00a9 Alina Gr\u00fcnky\/dpa\"\/><\/p>\n<p><\/a><\/p>\n<p>Bienen bringen Pollen in den Bienenstock. (Archivbild) &#8211; \u00a9 Alina Gr\u00fcnky\/dpa<\/p>\n<p id=\"absatz9\" class=\"em_text\">Derzeit gebe es in Deutschland rund eine Million Honigbienenv\u00f6lker in privater Haltung, sagt der Imker. 1951 seien es noch etwa zwei Millionen gewesen. \u00abEigentlich haben wir genug Nahrung, um alle Bienen zu ern\u00e4hren. Nur ist es so, dass die nicht gleich verteilt ist\u00bb, so Schinkel. Monokulturfl\u00e4chen, Pestizideinsatz und Fl\u00e4chenversiegelung schr\u00e4nken die Lebensr\u00e4ume von Wildbienen und Insekten ein.<\/p>\n<p id=\"absatz10\" class=\"em_text\">\u00abDie Imkerei hat mit Naturschutz erstmal nichts zu tun\u00bb, betont Schinkel. Es handle sich um ein Handwerk, das seit dem Mittelalter betrieben werde. Dennoch legten viele Imkerinnen und Imker auch Wert auf Naturschutz \u2013 etwa, indem sie f\u00fcr ganzj\u00e4hrig bl\u00fchende Pflanzen rund um ihre V\u00f6lker sorgten. \u00abEine einheitliche Bewertung zu diesem Thema f\u00fcr ganz Deutschland zu geben ist schwer, da \u00fcberall unterschiedliche Bedingungen vorliegen.\u00bb<\/p>\n<p>Hobbyimker lebt Naturschutz<\/p>\n<p id=\"absatz11\" class=\"em_text\">F\u00fcr Hobbyimker Detlef K\u00e4pnick aus Brandenburg ist die Debatte nicht neu. Seine Meinung: \u00abDie private Bienenhaltung ist nicht gleich Naturschutz, aber wer es richtig machen will, der muss Naturschutz mitdenken.\u00bb Der 70 Jahre alte Rentner h\u00e4lt seit vier Jahren Honigbienen in seinem Garten im Nuthetal (Potsdam-Mittelmark) \u2013 inzwischen sind es sechs V\u00f6lker. Auch wenn sein erster Gedanken sich um den Honig drehte, war ihm von Anfang an klar, dass er auch Verantwortung f\u00fcr die Tiere tr\u00e4gt.<\/p>\n<p id=\"absatz12\" class=\"em_text\">\u00abIch habe ein Dreivierteljahr, bevor ich die Bienen bekommen habe, angefangen, mir Wissen anzueignen\u00bb, sagt K\u00e4pnick. \u00abIch habe geschaut, ob es gen\u00fcgend verschiedene Pflanzen im Garten gibt, die ein oder andere ist noch hinzugekommen, auch ein paar Obstb\u00e4ume.\u00bb<\/p>\n<p id=\"absatz13\" class=\"em_text\">K\u00e4pnicks Ansicht nach muss man sich immer auch mit Wildbienen besch\u00e4ftigen. \u00abEs ist schlie\u00dflich die Urbiene, die soll nat\u00fcrlich erhalten bleiben.\u00bb K\u00e4pnick bietet in seinem Garten und im angrenzenden Waldst\u00fcck auch R\u00fcckzugsm\u00f6glichkeiten f\u00fcr Wildbienen. Es gibt neben den Beeten und B\u00e4umen auch einen wilden Bl\u00fchstreifen, Wasserstellen und sogenannte Insektenhotels.<\/p>\n<p id=\"absatz14\" class=\"em_text\">\u00abDas Imkern kann problematisch sein, zum Beispiel in St\u00e4dten, wenn die nat\u00fcrlichen Lebensr\u00e4ume eingeschr\u00e4nkt sind\u00bb, sagt der Hobbyimker. Dann k\u00f6nne es zu Konkurrenz kommen. \u00abDann m\u00fcsste man mit Quoten arbeiten und die Menge an Bienen regulieren, daf\u00fcr braucht es Untersuchungen. Im l\u00e4ndlichen Raum ist das eher kein Thema.\u00bb <\/p>\n","protected":false},"excerpt":{"rendered":"Die zunehmende private Haltung von Honigbienen ist nach Ansicht des Naturschutzbundes Nabu nicht unproblematisch. \u00abDie private Bienenhaltung ist&hellip;\n","protected":false},"author":2,"featured_media":350888,"comment_status":"","ping_status":"","sticky":false,"template":"","format":"standard","meta":{"footnotes":""},"categories":[1842],"tags":[97353,97350,1741,3364,97352,97351,29,30,97354,38609,1209],"class_list":{"0":"post-350887","1":"post","2":"type-post","3":"status-publish","4":"format-standard","5":"has-post-thumbnail","7":"category-bonn","8":"tag-august-wilhelm-schinkel","9":"tag-bienenhaltung","10":"tag-bonn","11":"tag-de","12":"tag-detlef-kpnick","13":"tag-deutscher-imkerbund","14":"tag-deutschland","15":"tag-germany","16":"tag-laura-breitkreuz","17":"tag-naturschutzbund-deutschland","18":"tag-nordrhein-westfalen"},"share_on_mastodon":{"url":"https:\/\/pubeurope.com\/@de\/115042249948981509","error":""},"_links":{"self":[{"href":"https:\/\/www.europesays.com\/de\/wp-json\/wp\/v2\/posts\/350887","targetHints":{"allow":["GET"]}}],"collection":[{"href":"https:\/\/www.europesays.com\/de\/wp-json\/wp\/v2\/posts"}],"about":[{"href":"https:\/\/www.europesays.com\/de\/wp-json\/wp\/v2\/types\/post"}],"author":[{"embeddable":true,"href":"https:\/\/www.europesays.com\/de\/wp-json\/wp\/v2\/users\/2"}],"replies":[{"embeddable":true,"href":"https:\/\/www.europesays.com\/de\/wp-json\/wp\/v2\/comments?post=350887"}],"version-history":[{"count":0,"href":"https:\/\/www.europesays.com\/de\/wp-json\/wp\/v2\/posts\/350887\/revisions"}],"wp:featuredmedia":[{"embeddable":true,"href":"https:\/\/www.europesays.com\/de\/wp-json\/wp\/v2\/media\/350888"}],"wp:attachment":[{"href":"https:\/\/www.europesays.com\/de\/wp-json\/wp\/v2\/media?parent=350887"}],"wp:term":[{"taxonomy":"category","embeddable":true,"href":"https:\/\/www.europesays.com\/de\/wp-json\/wp\/v2\/categories?post=350887"},{"taxonomy":"post_tag","embeddable":true,"href":"https:\/\/www.europesays.com\/de\/wp-json\/wp\/v2\/tags?post=350887"}],"curies":[{"name":"wp","href":"https:\/\/api.w.org\/{rel}","templated":true}]}}