{"id":350914,"date":"2025-08-17T04:50:17","date_gmt":"2025-08-17T04:50:17","guid":{"rendered":"https:\/\/www.europesays.com\/de\/350914\/"},"modified":"2025-08-17T04:50:17","modified_gmt":"2025-08-17T04:50:17","slug":"wieso-das-bermuda-dreieck-dortmunds-unterging","status":"publish","type":"post","link":"https:\/\/www.europesays.com\/de\/350914\/","title":{"rendered":"Wieso das Bermuda-Dreieck Dortmunds unterging"},"content":{"rendered":"<p>\t\tOstwall war einst Dortmunds Bermuda-Dreieck<br \/>\n\t\t\t\t\tWarum ging das Partyviertel unter?<\/p>\n<p>\t\t<img alt=\"\" src=\"https:\/\/www.europesays.com\/de\/wp-content\/uploads\/2025\/04\/630_0036_339736_.jpg\"  class=\"avatar avatar-36 photo avatar-default\" height=\"36\" width=\"36\" loading=\"lazy\" decoding=\"async\"\/>\t\t<a class=\"article-author__name\" href=\"https:\/\/www.ruhrnachrichten.de\/author\/thomas-thiel\/\" rel=\"author noopener\" target=\"_blank\">Thomas Thiel<\/a><br \/>\n\t\tRedakteur<\/p>\n<p>    <a href=\"https:\/\/www.europesays.com\/de\/wp-content\/uploads\/2025\/08\/630_0900_1844830_Ostwallviertel_Kneipen_Thiel_5_.jpg\"><\/p>\n<p>            <img loading=\"lazy\" decoding=\"async\" src=\"https:\/\/www.europesays.com\/de\/wp-content\/uploads\/2025\/08\/630_0900_1844830_Ostwallviertel_Kneipen_Thiel_5_.jpg\" width=\"640\" height=\"320\"  alt=\"Das Bild zeigt eine Zeichnung des Ostwallviertels in Dortmund im Jahr 1989, wo damals Kneipen T\u00fcr an T\u00fcr lagen.\"\/><\/p>\n<p>    <\/a><br \/>\n    Der Ostwall 1989: T\u00fcr an T\u00fcr lagen dort damals die Kneipen. Der Schwarze-Schaf-Betreiber Thomas Gehrmann zeichnete diesen Lage-Plan des Ausgehviertels f\u00fcr das Magazin \u201eNacht-Z\u00e4hne\u201c. \u00a9 Tilman Abegg (Repro)<\/p>\n<p class=\"article__teaser-text\">In den Kneipen des Ostwallviertels hat eine ganze Generation von Dortmundern die N\u00e4chte durchgefeiert. Heute ist vom Dortmunder Bermuda-Dreieck nichts mehr \u00fcbrig. Wie konnte das passieren?<\/p>\n<p>7 Min Lesezeit<\/p>\n<p>Hier lagen die bekannten Kneipen des Ostwallviertels:Ruhige Wohnstra\u00dfen, triste Parkpl\u00e4tzePrinz Fr\u00e9d\u00e9ric von Anhalt trank Champagner, Roy Black kam auf ein BierAnwohner k\u00e4mpfen gegen die KneipenszeneWirte k\u00e4mpfen mit G\u00fclle gegen die Wallraser\u201e1995\/96 war der Ostwall eigentlich tot\u201c\u201eAlles, was Leben in die Stadt bringt, wird torpediert.\u201c<\/p>\n","protected":false},"excerpt":{"rendered":"Ostwall war einst Dortmunds Bermuda-Dreieck Warum ging das Partyviertel unter? Thomas Thiel Redakteur Der Ostwall 1989: T\u00fcr an&hellip;\n","protected":false},"author":2,"featured_media":350915,"comment_status":"","ping_status":"","sticky":false,"template":"","format":"standard","meta":{"footnotes":""},"categories":[1833],"tags":[3364,29,217,30,68626,1209,6185],"class_list":{"0":"post-350914","1":"post","2":"type-post","3":"status-publish","4":"format-standard","5":"has-post-thumbnail","7":"category-dortmund","8":"tag-de","9":"tag-deutschland","10":"tag-dortmund","11":"tag-germany","12":"tag-kneipenviertel","13":"tag-nordrhein-westfalen","14":"tag-veranstaltungen-kultur"},"share_on_mastodon":{"url":"https:\/\/pubeurope.com\/@de\/115042308998530349","error":""},"_links":{"self":[{"href":"https:\/\/www.europesays.com\/de\/wp-json\/wp\/v2\/posts\/350914","targetHints":{"allow":["GET"]}}],"collection":[{"href":"https:\/\/www.europesays.com\/de\/wp-json\/wp\/v2\/posts"}],"about":[{"href":"https:\/\/www.europesays.com\/de\/wp-json\/wp\/v2\/types\/post"}],"author":[{"embeddable":true,"href":"https:\/\/www.europesays.com\/de\/wp-json\/wp\/v2\/users\/2"}],"replies":[{"embeddable":true,"href":"https:\/\/www.europesays.com\/de\/wp-json\/wp\/v2\/comments?post=350914"}],"version-history":[{"count":0,"href":"https:\/\/www.europesays.com\/de\/wp-json\/wp\/v2\/posts\/350914\/revisions"}],"wp:featuredmedia":[{"embeddable":true,"href":"https:\/\/www.europesays.com\/de\/wp-json\/wp\/v2\/media\/350915"}],"wp:attachment":[{"href":"https:\/\/www.europesays.com\/de\/wp-json\/wp\/v2\/media?parent=350914"}],"wp:term":[{"taxonomy":"category","embeddable":true,"href":"https:\/\/www.europesays.com\/de\/wp-json\/wp\/v2\/categories?post=350914"},{"taxonomy":"post_tag","embeddable":true,"href":"https:\/\/www.europesays.com\/de\/wp-json\/wp\/v2\/tags?post=350914"}],"curies":[{"name":"wp","href":"https:\/\/api.w.org\/{rel}","templated":true}]}}