{"id":350919,"date":"2025-08-17T04:53:17","date_gmt":"2025-08-17T04:53:17","guid":{"rendered":"https:\/\/www.europesays.com\/de\/350919\/"},"modified":"2025-08-17T04:53:17","modified_gmt":"2025-08-17T04:53:17","slug":"theater-an-der-koe-feiert-premiere-von-himmlische-zeiten","status":"publish","type":"post","link":"https:\/\/www.europesays.com\/de\/350919\/","title":{"rendered":"Theater an der K\u00f6 feiert Premiere von &#8222;Himmlische Zeiten&#8220;"},"content":{"rendered":"<p class=\"text_ohne_einzug richtext text-em-55 !leading-serif mx-6 desktop:mx-0\">Saisonauftakt im <a href=\"https:\/\/rp-online.de\/thema\/theater-an-der-koe\/\" rel=\"nofollow noopener\" target=\"_blank\">Theater an der K\u00f6<\/a>. In jedem Jahr beginnt die Spielzeit traditionell mit einem sommerlich-leichten Appetithappen. Diesmal w\u00e4hlte Hausherr Ren\u00e9 Heinersdorff die musikalische Revue \u201eHimmlische Zeiten\u201c aus. Ein Gl\u00fccksgriff. Das spritzige St\u00fcck mit dem Untertitel \u201eAltwerden ist nichts f\u00fcr Feiglinge\u201c wurde bei der Premiere von einem vorwiegend weiblichen Publikum bejubelt. Kleiner Tipp f\u00fcr Freundinnen: Geht gemeinsam hin und habt Spa\u00df. Ein prickelndes Schl\u00fcckchen davor kann nicht schaden, aber auch ohne diese Einstimmung springt der Funke sofort \u00fcber.<\/p>\n","protected":false},"excerpt":{"rendered":"Saisonauftakt im Theater an der K\u00f6. In jedem Jahr beginnt die Spielzeit traditionell mit einem sommerlich-leichten Appetithappen. Diesmal&hellip;\n","protected":false},"author":2,"featured_media":350920,"comment_status":"","ping_status":"","sticky":false,"template":"","format":"standard","meta":{"footnotes":""},"categories":[1831],"tags":[3364,29,3405,30,97360,1209,94],"class_list":{"0":"post-350919","1":"post","2":"type-post","3":"status-publish","4":"format-standard","5":"has-post-thumbnail","7":"category-duesseldorf","8":"tag-de","9":"tag-deutschland","10":"tag-duesseldorf","11":"tag-germany","12":"tag-himmlische","13":"tag-nordrhein-westfalen","14":"tag-theater"},"share_on_mastodon":{"url":"https:\/\/pubeurope.com\/@de\/115042320744724772","error":""},"_links":{"self":[{"href":"https:\/\/www.europesays.com\/de\/wp-json\/wp\/v2\/posts\/350919","targetHints":{"allow":["GET"]}}],"collection":[{"href":"https:\/\/www.europesays.com\/de\/wp-json\/wp\/v2\/posts"}],"about":[{"href":"https:\/\/www.europesays.com\/de\/wp-json\/wp\/v2\/types\/post"}],"author":[{"embeddable":true,"href":"https:\/\/www.europesays.com\/de\/wp-json\/wp\/v2\/users\/2"}],"replies":[{"embeddable":true,"href":"https:\/\/www.europesays.com\/de\/wp-json\/wp\/v2\/comments?post=350919"}],"version-history":[{"count":0,"href":"https:\/\/www.europesays.com\/de\/wp-json\/wp\/v2\/posts\/350919\/revisions"}],"wp:featuredmedia":[{"embeddable":true,"href":"https:\/\/www.europesays.com\/de\/wp-json\/wp\/v2\/media\/350920"}],"wp:attachment":[{"href":"https:\/\/www.europesays.com\/de\/wp-json\/wp\/v2\/media?parent=350919"}],"wp:term":[{"taxonomy":"category","embeddable":true,"href":"https:\/\/www.europesays.com\/de\/wp-json\/wp\/v2\/categories?post=350919"},{"taxonomy":"post_tag","embeddable":true,"href":"https:\/\/www.europesays.com\/de\/wp-json\/wp\/v2\/tags?post=350919"}],"curies":[{"name":"wp","href":"https:\/\/api.w.org\/{rel}","templated":true}]}}