{"id":350921,"date":"2025-08-17T04:54:19","date_gmt":"2025-08-17T04:54:19","guid":{"rendered":"https:\/\/www.europesays.com\/de\/350921\/"},"modified":"2025-08-17T04:54:19","modified_gmt":"2025-08-17T04:54:19","slug":"warren-caddy-statt-shon-weissman","status":"publish","type":"post","link":"https:\/\/www.europesays.com\/de\/350921\/","title":{"rendered":"Warren Caddy statt Shon Weissman?"},"content":{"rendered":"<p>                <img fetchpriority=\"high\" decoding=\"async\" aria-describedby=\"caption-attachment-332925\" class=\"wp-image-332925 size-full\" src=\"https:\/\/www.europesays.com\/de\/wp-content\/uploads\/2025\/08\/imago1047376029h.jpg\" alt=\"\u00a9 IMAGO \/ Moritz M\u00fcller\" width=\"1600\" height=\"900\"\/><\/p>\n<p id=\"caption-attachment-332925\" class=\"wp-caption-text\">Sportdirektor Christian Weber (l.) und Vorstand Klaus Allofs suchen noch nach Verst\u00e4rkung. \u00a9 IMAGO \/ Moritz M\u00fcller<\/p>\n<p>Erst am Montag erh\u00e4lt <a href=\"https:\/\/www.liga-zwei.de\/vereine\/fortuna-duesseldorf\/\" rel=\"nofollow noopener\" target=\"_blank\">Fortuna D\u00fcsseldorf<\/a> die Gelegenheit, den Fehlstart in der 2. Bundesliga mit Niederlagen bei Arminia Bielefeld (1:5) und gegen <a href=\"https:\/\/www.liga-zwei.de\/vereine\/hannover-96\/\" rel=\"nofollow noopener\" target=\"_blank\">Hannover 96<\/a> (0:2) wettzumachen, wenn die nicht \u00fcberm\u00e4\u00dfig angenehme Aufgabe im DFB-Pokal beim 1. FC Schweinfurt 05 wartet.<\/p>\n<p>Dann stehen die Fortuna und <a href=\"https:\/\/www.liga-zwei.de\/fortuna-duesseldorf-daniel-thioune-frueh-unter-druck\/\" rel=\"nofollow noopener\" target=\"_blank\">insbesondere Trainer Daniel Thioune<\/a>, der am Mittwoch im Testspiel beim VfB Hilden (6:0) auch seinen Stammkr\u00e4ften die Gelegenheit bot, Selbstvertrauen zu tanken, bereits unter Druck. Ein Aus im Pokal w\u00fcrde nicht nur den verpatzen Auftakt komplett machen, sondern auch teuer. Denn alleine der Einzug in die zweite Runde w\u00e4re mit garantierten Einnahmen in H\u00f6he von 423.772 Euro verbunden, die zudem in der Folge mit jeder weiteren Runde in doppelter H\u00f6he hinzuk\u00e4men.<\/p>\n<p>Mehrere Konkurrenten bei Caddy<\/p>\n<p>Auch ohne zus\u00e4tzliche Pokal-Einnahmen ist aber ein gewisser Spielraum vorhanden, um in den letzten beiden Transferwochen noch nachbessern zu k\u00f6nnen. Auf der Einkaufsliste steht unter anderem noch ein neuer Angreifer. Zwar wurde mit Cedric Itten der Wunschst\u00fcrmer nach langem Ringen von den Young Boys Bern losgeeist, im Gegenzug aber Vincent Vermeij an Dynamo Dresden abgegeben und weil sich auch Jona Niemiec noch ver\u00e4ndern m\u00f6chte, ist noch eine weitere Sturmverst\u00e4rkung gefragt.<\/p>\n<p>Nach der Posse um Shon Weissman, dessen Verpflichtung schon ann\u00e4hernd perfekt war, dann aber doch noch verworfen wurde, scheint es nun einen neuen Kandidaten zu geben. Wie <a href=\"https:\/\/www.fussballtransfers.com\/a3298496370011936940-neuer-stuermer-fuer-die-fortuna\" target=\"_blank\" rel=\"noopener nofollow\">fussballtransfers.com<\/a> berichtet, besch\u00e4ftigt sich die Fortuna mit Warren Caddy, der in der vergangenen Saison f\u00fcr den Schweizer Zweitligisten FC Stade-Lausanne-Ouchy in 29 Spielen 18 Tore erzielt und in der neuen Spielzeit in zwei Partien auch schon wieder zweifach getroffen hat.<\/p>\n<p>Der 28-J\u00e4hrige, der sieben A-L\u00e4nderspiele f\u00fcr Madagaskar absolviert hat, soll allerdings auch beim FC St. Gallen und bei Sakaryaspor sowie bei Vereinen aus Marokko und den Vereinigten Arabischen Emiraten ein Thema sein. Ein Wechsel gilt grunds\u00e4tzlich als nicht unwahrscheinlich, da Caddys Vertrag 2026 endet.<\/p>\n<p>Mehr News zu Fortuna D\u00fcsseldorf? Dann folge gerne auch unserer <a href=\"https:\/\/www.facebook.com\/people\/Fortuna-D%C3%BCsseldorf-Nachrichten\/61554496026049\/\" target=\"_blank\" rel=\"noopener nofollow\">Fortuna-Seite auf Facebook<\/a>!<\/p>\n<p><img loading=\"lazy\" decoding=\"async\" src=\"https:\/\/www.europesays.com\/de\/wp-content\/uploads\/2025\/08\/c110dfffaa88498cad85d13c1d91e2d2.gif\" alt=\"&quot;\" width=\"1\" height=\"1\"\/><\/p>\n<p>                <img loading=\"lazy\" width=\"160\" height=\"170\" src=\"https:\/\/www.europesays.com\/de\/wp-content\/uploads\/2025\/05\/avatar_johannes_ketterl-283x300.png\" class=\"db grow\" alt=\"avatar johannes ketterl\" style=\"object-fit:contain; max-width: 80px;\" decoding=\"async\"  \/>            <\/p>\n","protected":false},"excerpt":{"rendered":"Sportdirektor Christian Weber (l.) und Vorstand Klaus Allofs suchen noch nach Verst\u00e4rkung. \u00a9 IMAGO \/ Moritz M\u00fcller Erst&hellip;\n","protected":false},"author":2,"featured_media":350922,"comment_status":"","ping_status":"","sticky":false,"template":"","format":"standard","meta":{"footnotes":""},"categories":[1831],"tags":[3364,29,3405,97362,3132,30,1209,97361],"class_list":{"0":"post-350921","1":"post","2":"type-post","3":"status-publish","4":"format-standard","5":"has-post-thumbnail","7":"category-duesseldorf","8":"tag-de","9":"tag-deutschland","10":"tag-duesseldorf","11":"tag-fc-stade-lausanne-ouchy","12":"tag-fortuna-duesseldorf","13":"tag-germany","14":"tag-nordrhein-westfalen","15":"tag-warren-caddy"},"share_on_mastodon":{"url":"https:\/\/pubeurope.com\/@de\/115042324684702620","error":""},"_links":{"self":[{"href":"https:\/\/www.europesays.com\/de\/wp-json\/wp\/v2\/posts\/350921","targetHints":{"allow":["GET"]}}],"collection":[{"href":"https:\/\/www.europesays.com\/de\/wp-json\/wp\/v2\/posts"}],"about":[{"href":"https:\/\/www.europesays.com\/de\/wp-json\/wp\/v2\/types\/post"}],"author":[{"embeddable":true,"href":"https:\/\/www.europesays.com\/de\/wp-json\/wp\/v2\/users\/2"}],"replies":[{"embeddable":true,"href":"https:\/\/www.europesays.com\/de\/wp-json\/wp\/v2\/comments?post=350921"}],"version-history":[{"count":0,"href":"https:\/\/www.europesays.com\/de\/wp-json\/wp\/v2\/posts\/350921\/revisions"}],"wp:featuredmedia":[{"embeddable":true,"href":"https:\/\/www.europesays.com\/de\/wp-json\/wp\/v2\/media\/350922"}],"wp:attachment":[{"href":"https:\/\/www.europesays.com\/de\/wp-json\/wp\/v2\/media?parent=350921"}],"wp:term":[{"taxonomy":"category","embeddable":true,"href":"https:\/\/www.europesays.com\/de\/wp-json\/wp\/v2\/categories?post=350921"},{"taxonomy":"post_tag","embeddable":true,"href":"https:\/\/www.europesays.com\/de\/wp-json\/wp\/v2\/tags?post=350921"}],"curies":[{"name":"wp","href":"https:\/\/api.w.org\/{rel}","templated":true}]}}