{"id":350923,"date":"2025-08-17T04:55:11","date_gmt":"2025-08-17T04:55:11","guid":{"rendered":"https:\/\/www.europesays.com\/de\/350923\/"},"modified":"2025-08-17T04:55:11","modified_gmt":"2025-08-17T04:55:11","slug":"nach-abschiebung-in-den-irak-protest-in-stuttgart-gegen-abschiebung-von-einser-abiturient","status":"publish","type":"post","link":"https:\/\/www.europesays.com\/de\/350923\/","title":{"rendered":"Nach Abschiebung in den Irak: Protest in Stuttgart gegen Abschiebung von Einser-Abiturient"},"content":{"rendered":"<p>Zwanzig Leute haben die Organisatoren der <a href=\"https:\/\/www.stuttgarter-zeitung.de\/thema\/Kundgebung\" title=\"Kundgebung\" class=\"art_thema\" target=\"_blank\" rel=\"noopener\">Kundgebung<\/a> angemeldet, gekommen sind dann aber fast zehnmal so viele. Trotz Hitze, VfB-Spiel und Semesterferien. Denn vor allem den Kommilitonen und Freunden von Ramzi Awat Nabi ist es ein Anliegen, an diesem Abend auf dem Roteb\u00fchlplatz gegen seine Abschiebung in den <a href=\"https:\/\/www.stuttgarter-zeitung.de\/thema\/Irak\" title=\"Irak\" class=\"art_thema\" target=\"_blank\" rel=\"noopener\">Irak<\/a> zu demonstrieren.<\/p>\n<p>Gefesselt in Richtung Bagdad <\/p>\n<p>Was Ramzi Awat Nabi vergangene Woche erlebt hat, klingt wie aus einem schlechten Film. Er wurde gefesselt in einen Flug nach Bagdad gesetzt, nachdem die Polizei ihn aus seinem Studentenwohnheim in Vaihingen geholt hatte. Der Grund f\u00fcr die Abschiebung: Der 24-J\u00e4hrige konnte die Beh\u00f6rden nicht von seiner Identit\u00e4t \u00fcberzeugen. Ramzi Awat Nabi beteuert, mehrere Ausweisdokumente vorgelegt zu haben, die Ausl\u00e4nderbeh\u00f6rde wiederum will diese nie bekommen haben. <\/p>\n<p>2018 war Ramzi Awat Nabi nach einer beschwerlichen Reise mit seinem Vater und seinen Geschwistern aus dem Irak nach Deutschland gekommen, ohne Deutschkenntnisse. Wenige Jahre sp\u00e4ter machte er sein Abitur mit einer Durchschnittsnote von 1,5. <\/p>\n<p>Dass so jemand zur\u00fcck in den Irak geschickt wird, l\u00e4sst die Menschen auf der <a href=\"https:\/\/www.stuttgarter-zeitung.de\/thema\/Demonstration\" title=\"Demonstration\" class=\"art_thema\" target=\"_blank\" rel=\"noopener\">Demonstration<\/a> mit dem Kopf sch\u00fctteln. \u201eDas war irgendwie erst einmal gar nicht zu glauben\u201c, sagt Julian, 21, der mit Ramzi gemeinsam an der Hochschule Esslingen studiert. Auch Clemens ist ein Kommilitone des nun abgeschobenen Irakers. Der 20-J\u00e4hrige beschreibt ihn als sehr hilfsbereit: \u201eEr war immer sehr offen, hat gefragt, wie es einem geht.\u201c<\/p>\n<p>Bilal, der Bruder Ramzis, hat die Kundgebung gemeinsam mit den Studis gegen Rechts und der Kurdischen Studierendengruppe Stuttgart organisiert. Bei seiner Rede ist ihm anzumerken, wie sehr ihn das Thema besch\u00e4ftigt. \u201eDass ihr heute hier seid, zeigt, dass hier Leute nicht allein gelassen werden\u201c, sagt er und kritisiert gleichzeitig die Ausl\u00e4nderbeh\u00f6rde scharf. \u201eWir dachten, dass wir hier Sicherheit, Frieden und Ruhe finden k\u00f6nnten.\u201c <\/p>\n<p>Doch nun ist sein Bruder zur\u00fcck im Irak, einem Land, in dem er seit der Flucht der Familie im Jahr 2015 nicht mehr war. Er hat dort keine Familie und Freunde mehr, ist auf sich allein gestellt. Was alle Beteiligten der Kundgebung eint, ist Unverst\u00e4ndnis daf\u00fcr, dass jemand wie Ramzi Awat Nabi nicht bleiben durfte. Viele bezeichnen ihn als Musterbeispiel der Integration.<\/p>\n<p>Freunde und Schule setzen sich f\u00fcr R\u00fcckkehr ein <\/p>\n<p>Auch die Schulleitung der Berufsbildenden Schule Westerburg, an der Ramzi Awat Nabi sein Abitur machte, hat sich inzwischen zu Wort gemeldet. In einem Schreiben, das unserer Zeitung vorliegt, bescheinigen sie dem 24-J\u00e4hrigen nicht nur exzellente schulische Leistungen, sondern loben auch seine soziale Kompetenz. Am Ende des Schreibens steht die eindringliche Bitte, Ramzi Awat Nabi die R\u00fcckkehr nach Deutschland zu erm\u00f6glichen. <\/p>\n<p>Wie die Chancen darauf momentan stehen, ist ungewiss. Doch Ramzis Kommilitonen und Freunde wollen nicht aufgeben. Justin, ein Freund Ramzis, sa\u00df nachts um drei noch in der Bibliothek, als Bilal ihn anrief, um ihm die Nachricht zu \u00fcberbringen. \u201eSo etwas w\u00fcnsche ich niemandem\u201c, sagt Justin. Dann f\u00fcgt er hinzu: \u201eAber wir werden weiter k\u00e4mpfen.\u201c<\/p>\n","protected":false},"excerpt":{"rendered":"Zwanzig Leute haben die Organisatoren der Kundgebung angemeldet, gekommen sind dann aber fast zehnmal so viele. Trotz Hitze,&hellip;\n","protected":false},"author":2,"featured_media":350924,"comment_status":"","ping_status":"","sticky":false,"template":"","format":"standard","meta":{"footnotes":""},"categories":[1830],"tags":[1634,3364,507,29,30,1016,6496,97363,93269,1441,5329],"class_list":{"0":"post-350923","1":"post","2":"type-post","3":"status-publish","4":"format-standard","5":"has-post-thumbnail","7":"category-stuttgart","8":"tag-baden-wuerttemberg","9":"tag-de","10":"tag-demonstration","11":"tag-deutschland","12":"tag-germany","13":"tag-irak","14":"tag-kundgebung","15":"tag-ramzi-awat-nabi","16":"tag-rotebuehlplatz","17":"tag-stuttgart","18":"tag-video"},"share_on_mastodon":{"url":"https:\/\/pubeurope.com\/@de\/115042328625015117","error":""},"_links":{"self":[{"href":"https:\/\/www.europesays.com\/de\/wp-json\/wp\/v2\/posts\/350923","targetHints":{"allow":["GET"]}}],"collection":[{"href":"https:\/\/www.europesays.com\/de\/wp-json\/wp\/v2\/posts"}],"about":[{"href":"https:\/\/www.europesays.com\/de\/wp-json\/wp\/v2\/types\/post"}],"author":[{"embeddable":true,"href":"https:\/\/www.europesays.com\/de\/wp-json\/wp\/v2\/users\/2"}],"replies":[{"embeddable":true,"href":"https:\/\/www.europesays.com\/de\/wp-json\/wp\/v2\/comments?post=350923"}],"version-history":[{"count":0,"href":"https:\/\/www.europesays.com\/de\/wp-json\/wp\/v2\/posts\/350923\/revisions"}],"wp:featuredmedia":[{"embeddable":true,"href":"https:\/\/www.europesays.com\/de\/wp-json\/wp\/v2\/media\/350924"}],"wp:attachment":[{"href":"https:\/\/www.europesays.com\/de\/wp-json\/wp\/v2\/media?parent=350923"}],"wp:term":[{"taxonomy":"category","embeddable":true,"href":"https:\/\/www.europesays.com\/de\/wp-json\/wp\/v2\/categories?post=350923"},{"taxonomy":"post_tag","embeddable":true,"href":"https:\/\/www.europesays.com\/de\/wp-json\/wp\/v2\/tags?post=350923"}],"curies":[{"name":"wp","href":"https:\/\/api.w.org\/{rel}","templated":true}]}}