{"id":350942,"date":"2025-08-17T05:06:11","date_gmt":"2025-08-17T05:06:11","guid":{"rendered":"https:\/\/www.europesays.com\/de\/350942\/"},"modified":"2025-08-17T05:06:11","modified_gmt":"2025-08-17T05:06:11","slug":"verkehrspolitik-bekommt-berlin-bald-eine-magnetschwebebahn","status":"publish","type":"post","link":"https:\/\/www.europesays.com\/de\/350942\/","title":{"rendered":"Verkehrspolitik: Bekommt Berlin bald eine Magnetschwebebahn?"},"content":{"rendered":"<p class=\"paragraph article__item\"><a class=\"rtr-entity\" href=\"https:\/\/www.zeit.de\/thema\/berlin\" target=\"_blank\" rel=\"noopener\">Berlins<\/a> Verkehrssenatorin Ute Bonde sieht durchaus Chancen f\u00fcr eine Magnetschwebebahn in Berlin und viele Vorteile der Technologie. \u00abSie f\u00e4hrt autonom, sie ist leise, sie ist kosteng\u00fcnstiger als die U-Bahn. Und im Bau und im Betrieb ist sie auch kosteng\u00fcnstiger als die Stra\u00dfenbahn\u00bb, sagte die CDU-Politikerin der Deutschen Presse-Agentur.\u00a0\n<\/p>\n<p>Aktuelles<\/p>\n<p>                <a href=\"https:\/\/www.zeit.de\/2025\/31\/schienennetz-bahn-infrastruktur-investitionen-verkehr\" data-ct-label=\"Schienennetz: Mehr Geld f\u00fcr die Bahn \u2013 aber doch nicht so!\" target=\"_blank\" rel=\"noopener\"><\/p>\n<p>                        Schienennetz:<br \/>\n                        Mehr Geld f\u00fcr die Bahn \u2013 aber doch nicht so!<\/p>\n<p>                <\/a><\/p>\n<p>                <a href=\"https:\/\/www.zeit.de\/kultur\/2025-08\/laermschutz-berlin-kneipen-nachtruhe-bewirtung-gerichtsurteil\" data-ct-label=\"L\u00e4rmschutz in Berlin: 1:0 f\u00fcrs Nachtleben\" target=\"_blank\" rel=\"noopener\"><\/p>\n<p>        Z+ (abopflichtiger Inhalt);<\/p>\n<p>    L\u00e4rmschutz in Berlin:<br \/>\n                        1:0 f\u00fcrs Nachtleben<\/p>\n<p>                <\/a><\/p>\n<p>                <a href=\"https:\/\/www.zeit.de\/wirtschaft\/2025-07\/bahnverkehr-deutsche-bahn-verlust-halbjahresbilanz\" data-ct-label=\"Bahnverkehr: Deutsche Bahn macht offenbar dreistelligen Millionenverlust\" target=\"_blank\" rel=\"noopener\"><\/p>\n<p>                        Bahnverkehr:<br \/>\n                        Deutsche Bahn macht offenbar dreistelligen Millionenverlust<\/p>\n<p>                <\/a><\/p>\n<p class=\"paragraph article__item\">\u00abIch werde im Herbst ein Papier vorstellen, wie f\u00fcr mich die Mobilit\u00e4t in Berlin in 2035 aussehen soll. Ich finde, dass wir offen f\u00fcr jede Technologie sein m\u00fcssen. Das gilt auch f\u00fcr die Magnetschwebebahn.\u00bb\u00a0\n<\/p>\n<p>                Scharfe Kritik von Umweltsch\u00fctzern        <\/p>\n<p class=\"paragraph article__item\">Die Idee hatte schon einmal f\u00fcr Diskussionen gesorgt, als CDU-Fraktionschef Dirk Stettner im November 2023 mit dem Vorschlag einer mehrere Kilometer langen Pilotstrecke in der Berliner Innenstadt vorgeprescht war.\u00a0\n<\/p>\n<p class=\"paragraph article__item\">Der Bund f\u00fcr Umwelt- und Naturschutz (BUND) Berlin kritisierte das als \u00ababsurdes Projekt\u00bb und als \u00abVerh\u00f6hnung aller Menschen, die ernsthaft den Klimaschutz schnell voranbringen wollen\u00bb. Der SPD-Fraktionsvorsitzende Raed Saleh nannte Stettners \u00dcberlegungen \u00abLuftschl\u00f6sser\u00bb.\u00a0\n<\/p>\n<p>                Wo sie fahren k\u00f6nnte        <\/p>\n<p class=\"paragraph article__item\">Berlins Regierender B\u00fcrgermeister Kai Wegner (<a class=\"rtr-entity\" href=\"https:\/\/www.zeit.de\/thema\/cdu\" target=\"_blank\" rel=\"noopener\">CDU<\/a>) schlug Anfang 2024 vor, insbesondere die Berliner Au\u00dfenbezirke mit der Technologie besser anzubinden.\u00a0\n<\/p>\n<p class=\"paragraph article__item\">Verkehrssenatorin Bonde h\u00e4lt ganz verschiedene Strecken f\u00fcr denkbar: \u00abMir fallen viele M\u00f6glichkeiten ein, wo ich eine Magnetschwebebahn sinnvoll bauen kann. Ich k\u00f6nnte mir zun\u00e4chst einen weiteren Ring zwischen S-Bahn und Landesgrenze vorstellen\u00bb, sagte sie. \u00abDann br\u00e4uchten wir auch einen Zubringer dorthin\u00bb, so die Verkehrssenatorin.\u00a0\n<\/p>\n<p>        Koffer aufgeben und dann zum BER schweben?        <\/p>\n<p class=\"paragraph article__item\">\u00abUnd mir f\u00e4llt auch eine Strecke vom ICC zum Flughafen BER ein.\u00bb Die Idee, den Hauptstadtflughafen im brandenburgischen Sch\u00f6nefeld per Magnetschwebebahn anzubinden, ist ebenfalls schon \u00f6ffentlich diskutiert worden.\u00a0\n<\/p>\n<p class=\"paragraph article__item\">Bonde pl\u00e4diert nun f\u00fcr eine Strecke ausgehend vom ehemaligen Kongresszentrum ganz im Westen der Stadt. \u00abDa habe ich die Trasse mit der Autobahn und setze da die Tr\u00e4ger drauf\u00bb, sagte sie. \u00abDann kann ich in der Innenstadt gegebenenfalls schon einchecken oder jedenfalls die Koffer aufgeben.\u00bb\n<\/p>\n<p class=\"paragraph article__item\">Aber nicht nur Urlauber auf dem Weg zum Flieger k\u00f6nnten nach Bondes \u00dcberzeugung von einer Magnetschwebebahn ins Nachbarbundesland profitieren: \u00abWenn man sich Brandenburg und die G\u00fcterverteilzentren anguckt dort, die sind um Berlin herum. Dann brauchen die 40-Tonner nicht mehr reinzufahren nach Berlin.\u00bb\n<\/p>\n<p>        Signale vom Bund        <\/p>\n<p class=\"paragraph article__item\">Die Chancen f\u00fcr eine Realisierung solcher Ideen sind nach Einsch\u00e4tzung der Senatorin gestiegen: \u00abImmerhin ist im jetzigen Koalitionsvertrag von Union und <a class=\"rtr-entity\" href=\"https:\/\/www.zeit.de\/thema\/spd\" target=\"_blank\" rel=\"noopener\">SPD<\/a> im Bund die Magnetschwebebahn vorgesehen f\u00fcr das Gemeindeverkehrsfinanzierungsgesetz\u00bb, sagte sie.\u00a0\n<\/p>\n<p class=\"paragraph article__item\">\u00abDas hei\u00dft, sie wird dann endlich gleichbehandelt wie Stra\u00dfenbahn und U-Bahn hinsichtlich der Finanzierung. Und damit bekommt sie die Chance, dass sie in Machbarkeitsstudien verglichen wird mit den anderen Verkehrstr\u00e4gern. Und das ist ja der erste Schritt \u00fcberhaupt.\u00bb\n<\/p>\n<p class=\"paragraph article__item\">\u00a9 dpa-infocom, dpa:250817-930-920820\/1<\/p>\n","protected":false},"excerpt":{"rendered":"Berlins Verkehrssenatorin Ute Bonde sieht durchaus Chancen f\u00fcr eine Magnetschwebebahn in Berlin und viele Vorteile der Technologie. \u00abSie&hellip;\n","protected":false},"author":2,"featured_media":350943,"comment_status":"","ping_status":"","sticky":false,"template":"","format":"standard","meta":{"footnotes":""},"categories":[1825],"tags":[1941,1939,296,1937,31,2520,29,19223,30,851,1229,20004,1940,15,1938,184,43961,1888],"class_list":{"0":"post-350942","1":"post","2":"type-post","3":"status-publish","4":"format-standard","5":"has-post-thumbnail","7":"category-berlin","8":"tag-aktuelle-nachrichten-aus-berlin","9":"tag-aktuelle-news-aus-berlin","10":"tag-berlin","11":"tag-berlin-news","12":"tag-cdu","13":"tag-deutsche-presse-agentur","14":"tag-deutschland","15":"tag-dirk-stettner","16":"tag-germany","17":"tag-herbst","18":"tag-kritik","19":"tag-magnetschwebebahn","20":"tag-nachrichten-aus-berlin","21":"tag-news","22":"tag-news-aus-berlin","23":"tag-spd","24":"tag-ute-bonde","25":"tag-verkehrspolitik"},"share_on_mastodon":{"url":"https:\/\/pubeurope.com\/@de\/115042371875044266","error":""},"_links":{"self":[{"href":"https:\/\/www.europesays.com\/de\/wp-json\/wp\/v2\/posts\/350942","targetHints":{"allow":["GET"]}}],"collection":[{"href":"https:\/\/www.europesays.com\/de\/wp-json\/wp\/v2\/posts"}],"about":[{"href":"https:\/\/www.europesays.com\/de\/wp-json\/wp\/v2\/types\/post"}],"author":[{"embeddable":true,"href":"https:\/\/www.europesays.com\/de\/wp-json\/wp\/v2\/users\/2"}],"replies":[{"embeddable":true,"href":"https:\/\/www.europesays.com\/de\/wp-json\/wp\/v2\/comments?post=350942"}],"version-history":[{"count":0,"href":"https:\/\/www.europesays.com\/de\/wp-json\/wp\/v2\/posts\/350942\/revisions"}],"wp:featuredmedia":[{"embeddable":true,"href":"https:\/\/www.europesays.com\/de\/wp-json\/wp\/v2\/media\/350943"}],"wp:attachment":[{"href":"https:\/\/www.europesays.com\/de\/wp-json\/wp\/v2\/media?parent=350942"}],"wp:term":[{"taxonomy":"category","embeddable":true,"href":"https:\/\/www.europesays.com\/de\/wp-json\/wp\/v2\/categories?post=350942"},{"taxonomy":"post_tag","embeddable":true,"href":"https:\/\/www.europesays.com\/de\/wp-json\/wp\/v2\/tags?post=350942"}],"curies":[{"name":"wp","href":"https:\/\/api.w.org\/{rel}","templated":true}]}}