{"id":350946,"date":"2025-08-17T05:08:24","date_gmt":"2025-08-17T05:08:24","guid":{"rendered":"https:\/\/www.europesays.com\/de\/350946\/"},"modified":"2025-08-17T05:08:24","modified_gmt":"2025-08-17T05:08:24","slug":"massenschlaegerei-mit-fuenf-verletzen-in-freibad-in-berlin-neukoelln-2","status":"publish","type":"post","link":"https:\/\/www.europesays.com\/de\/350946\/","title":{"rendered":"Massenschl\u00e4gerei mit f\u00fcnf Verletzen in Freibad in Berlin-Neuk\u00f6lln"},"content":{"rendered":"<p class=\"tracking-tight font-semibold text-base\" q:key=\"O8_0\">Im Berliner Sommerbad Neuk\u00f6lln kam es am Freitag zu einer Massenschl\u00e4gerei mit f\u00fcnf Verletzten. Die T\u00e4ter fl\u00fcchteten, vier Personen wurden aber angehalten.<\/p>\n<p><img onload=\"this.style.backgroundColor = ''\" loading=\"eager\" fetchpriority=\"high\" decoding=\"sync\" height=\"450\" alt=\"Polizeiabsperrung\" width=\"900\"  style=\"aspect-ratio:2;object-fit:cover;background-color:#574F4A\"  src=\"https:\/\/www.europesays.com\/de\/wp-content\/uploads\/2025\/08\/polizeiabsperrung.jpg\" class=\"rounded-xl mx-auto\" on:load=\"q-BuHv2bG3.js#s_pVFDuJsFGxQ\"\/>In einem Freibad in Berlin-Neuk\u00f6lln kam es zu einer Massenschl\u00e4gerei. &#8211; AFP\/Archiv<\/p>\n<p preventdefault:click=\"\" lang=\"de\" class=\"text-base hyphens-auto\" on:click=\"q-Dt6vVm8C.js#s_Dola2XqN0FU[0 1]\" q:key=\"YR_0\" q:id=\"8l\">In einem Freibad in Berlin-Neuk\u00f6lln ist es am Freitagnachmittag zu <a href=\"https:\/\/www.nau.ch\/sport\/fussball-int\/ricardo-rodriguez-testspiel-artet-aus-nati-star-schlichtet-67027357\" target=\"_blank\" rel=\"noopener\">einer Massen-Schl\u00e4gerei<\/a> mit f\u00fcnf Verletzten gekommen. Wie die Polizei am Samstag mitteilte, schubsten sich vier junge M\u00e4nner im Alter zwischen 18 und 22 Jahren aus Spass am Beckenrand. Einer fiel daraufhin ins <a href=\"https:\/\/www.nau.ch\/news\/wasser\" target=\"_blank\" rel=\"noopener\">Wasser<\/a> und dort auf eine 16-J\u00e4hrige, die dadurch verletzt wurde.<\/p>\n<p preventdefault:click=\"\" lang=\"de\" class=\"text-base hyphens-auto\" on:click=\"q-Dt6vVm8C.js#s_Dola2XqN0FU[0 1]\" q:key=\"YR_0\" q:id=\"8n\">Ein anderer Badegast des Sommerbads Neuk\u00f6lln soll daraufhin aus dem Becken gestiegen und mit geballter Faust auf die jungen M\u00e4nner zugelaufen sein. Demjenigen, der auf die Jugendliche gefallen war, schlug er demnach ins Gesicht. Gleichzeitig sollen sich etwa 15 bis 20 weitere Menschen mit dem Schlagenden solidarisiert und ebenfalls auf die vier jungen M\u00e4nner eingeschlagen haben.<\/p>\n<p>Ermittlungen wegen Landfriedensbruchs<\/p>\n<p preventdefault:click=\"\" lang=\"de\" class=\"text-base hyphens-auto\" on:click=\"q-Dt6vVm8C.js#s_Dola2XqN0FU[0 1]\" q:key=\"YR_0\" q:id=\"8p\">Nach kurzer Zeit liefen alle Angreifer in unterschiedliche Richtungen davon. Die Polizei konnte den Angaben zufolge aber vor Ort vier Angreifer im Alter von 15 bis 21 Jahren ausfindig machen, die an den Attacken auf die vier jungen M\u00e4nner beteiligt gewesen sein sollen.<\/p>\n<p preventdefault:click=\"\" lang=\"de\" class=\"text-base hyphens-auto\" on:click=\"q-Dt6vVm8C.js#s_Dola2XqN0FU[0 1]\" q:key=\"YR_0\" q:id=\"8r\">Der \u00c4lteste davon soll der erste Angreifer gewesen sein. Sie kamen im Anschluss wieder auf freiem Fuss.<\/p>\n<p preventdefault:click=\"\" lang=\"de\" class=\"text-base hyphens-auto\" on:click=\"q-Dt6vVm8C.js#s_Dola2XqN0FU[0 1]\" q:key=\"YR_0\" q:id=\"8t\">Die vier angegriffenen jungen M\u00e4nner mussten zu ambulanten Behandlungen ins Spital. Auch die 16-J\u00e4hrige wurde zur Behandlung in eine Klinik gebracht. Die weiteren Ermittlungen wegen Landfriedensbruchs dauerten an.<\/p>\n","protected":false},"excerpt":{"rendered":"Im Berliner Sommerbad Neuk\u00f6lln kam es am Freitag zu einer Massenschl\u00e4gerei mit f\u00fcnf Verletzten. Die T\u00e4ter fl\u00fcchteten, vier&hellip;\n","protected":false},"author":2,"featured_media":350947,"comment_status":"","ping_status":"","sticky":false,"template":"","format":"standard","meta":{"footnotes":""},"categories":[1825],"tags":[4067,296,29,97367,30,5996,4908,3258],"class_list":{"0":"post-350946","1":"post","2":"type-post","3":"status-publish","4":"format-standard","5":"has-post-thumbnail","7":"category-berlin","8":"tag-ermittlungen","9":"tag-berlin","10":"tag-deutschland","11":"tag-freibad-neukoelln","12":"tag-germany","13":"tag-massenschlaegerei","14":"tag-polizeieinsatz","15":"tag-verletzte"},"share_on_mastodon":{"url":"https:\/\/pubeurope.com\/@de\/115042379666596561","error":""},"_links":{"self":[{"href":"https:\/\/www.europesays.com\/de\/wp-json\/wp\/v2\/posts\/350946","targetHints":{"allow":["GET"]}}],"collection":[{"href":"https:\/\/www.europesays.com\/de\/wp-json\/wp\/v2\/posts"}],"about":[{"href":"https:\/\/www.europesays.com\/de\/wp-json\/wp\/v2\/types\/post"}],"author":[{"embeddable":true,"href":"https:\/\/www.europesays.com\/de\/wp-json\/wp\/v2\/users\/2"}],"replies":[{"embeddable":true,"href":"https:\/\/www.europesays.com\/de\/wp-json\/wp\/v2\/comments?post=350946"}],"version-history":[{"count":0,"href":"https:\/\/www.europesays.com\/de\/wp-json\/wp\/v2\/posts\/350946\/revisions"}],"wp:featuredmedia":[{"embeddable":true,"href":"https:\/\/www.europesays.com\/de\/wp-json\/wp\/v2\/media\/350947"}],"wp:attachment":[{"href":"https:\/\/www.europesays.com\/de\/wp-json\/wp\/v2\/media?parent=350946"}],"wp:term":[{"taxonomy":"category","embeddable":true,"href":"https:\/\/www.europesays.com\/de\/wp-json\/wp\/v2\/categories?post=350946"},{"taxonomy":"post_tag","embeddable":true,"href":"https:\/\/www.europesays.com\/de\/wp-json\/wp\/v2\/tags?post=350946"}],"curies":[{"name":"wp","href":"https:\/\/api.w.org\/{rel}","templated":true}]}}