{"id":350961,"date":"2025-08-17T05:17:09","date_gmt":"2025-08-17T05:17:09","guid":{"rendered":"https:\/\/www.europesays.com\/de\/350961\/"},"modified":"2025-08-17T05:17:09","modified_gmt":"2025-08-17T05:17:09","slug":"behoerden-melden-mehr-infektionen-mit-chikungunya-virus-in-bayern","status":"publish","type":"post","link":"https:\/\/www.europesays.com\/de\/350961\/","title":{"rendered":"Beh\u00f6rden melden mehr Infektionen mit Chikungunya-Virus in Bayern"},"content":{"rendered":"<p class=\"body3 body3 ArticleItemTeaserText_text__H_RS_ \">M\u00fcnchen: In Bayern ist die Zahl der Infektion mit dem sogenannten Chikungunya-Virus deutlich gestiegen. Das teilte Gesundheitsministerin Gerlach mit. Demnach sind heuer bereits 24 F\u00e4lle der tropischen Infektionskrankheit gemeldet worden. Zum Vergleich: Im Vorjahreszeitraum waren es f\u00fcnf. Das Virus wird unter anderem von der Asiatischen Tigerm\u00fccke \u00fcbertragen. Symptome sind hohes Fieber und heftige Glieder- und Muskelschmerzen. Besonders gef\u00e4hrdet sind S\u00e4uglinge, \u00e4ltere Menschen und Personen mit Vorerkrankungen. Laut Gerlach gehen alle gemeldeten Infektionen auf eine Ansteckung im Ausland zur\u00fcck.<\/p>\n<p class=\"ShortnewsDetail_source__2ep85 heading4\">Sendung: Bayern 2 Nachrichten, 17.08.2025 07:00 Uhr<\/p>\n<p><a class=\"heading3 LinkWithChevron_linkWithChevron__is6B7 underline-hover\" href=\"https:\/\/www.br.de\/nachrichten\/\" rel=\"nofollow noopener\" target=\"_blank\">Zur BR24 Startseite<\/a><\/p>\n","protected":false},"excerpt":{"rendered":"M\u00fcnchen: In Bayern ist die Zahl der Infektion mit dem sogenannten Chikungunya-Virus deutlich gestiegen. Das teilte Gesundheitsministerin Gerlach&hellip;\n","protected":false},"author":2,"featured_media":7318,"comment_status":"","ping_status":"","sticky":false,"template":"","format":"standard","meta":{"footnotes":""},"categories":[137],"tags":[29,30,141,232],"class_list":{"0":"post-350961","1":"post","2":"type-post","3":"status-publish","4":"format-standard","5":"has-post-thumbnail","7":"category-gesundheit","8":"tag-deutschland","9":"tag-germany","10":"tag-gesundheit","11":"tag-health"},"share_on_mastodon":{"url":"https:\/\/pubeurope.com\/@de\/115042415017424147","error":""},"_links":{"self":[{"href":"https:\/\/www.europesays.com\/de\/wp-json\/wp\/v2\/posts\/350961","targetHints":{"allow":["GET"]}}],"collection":[{"href":"https:\/\/www.europesays.com\/de\/wp-json\/wp\/v2\/posts"}],"about":[{"href":"https:\/\/www.europesays.com\/de\/wp-json\/wp\/v2\/types\/post"}],"author":[{"embeddable":true,"href":"https:\/\/www.europesays.com\/de\/wp-json\/wp\/v2\/users\/2"}],"replies":[{"embeddable":true,"href":"https:\/\/www.europesays.com\/de\/wp-json\/wp\/v2\/comments?post=350961"}],"version-history":[{"count":0,"href":"https:\/\/www.europesays.com\/de\/wp-json\/wp\/v2\/posts\/350961\/revisions"}],"wp:featuredmedia":[{"embeddable":true,"href":"https:\/\/www.europesays.com\/de\/wp-json\/wp\/v2\/media\/7318"}],"wp:attachment":[{"href":"https:\/\/www.europesays.com\/de\/wp-json\/wp\/v2\/media?parent=350961"}],"wp:term":[{"taxonomy":"category","embeddable":true,"href":"https:\/\/www.europesays.com\/de\/wp-json\/wp\/v2\/categories?post=350961"},{"taxonomy":"post_tag","embeddable":true,"href":"https:\/\/www.europesays.com\/de\/wp-json\/wp\/v2\/tags?post=350961"}],"curies":[{"name":"wp","href":"https:\/\/api.w.org\/{rel}","templated":true}]}}