{"id":351170,"date":"2025-08-17T07:25:16","date_gmt":"2025-08-17T07:25:16","guid":{"rendered":"https:\/\/www.europesays.com\/de\/351170\/"},"modified":"2025-08-17T07:25:16","modified_gmt":"2025-08-17T07:25:16","slug":"klose-kassiert-pokal-blamage-mit-nuernberg-5","status":"publish","type":"post","link":"https:\/\/www.europesays.com\/de\/351170\/","title":{"rendered":"Klose kassiert Pokal-Blamage mit N\u00fcrnberg"},"content":{"rendered":"<p class=\"paragraph tw-mx-auto tw-mb-6\">Weltmeister Miroslav Klose hat mit dem 1. FC N\u00fcrnberg nach zwei Niederlagen zum Ligastart auch noch einen heftigen Tiefschlag im DFB-Pokal kassiert. Der Fu\u00dfball-Zweitligist verlor beim bayerischen Pokalsieger und Viertligisten FV Illertissen nach einem turbulenten Spielverlauf inklusive einer Gewitter-Unterbrechung im Elfmeterschie\u00dfen mit 5:6.\u00a0<\/p>\n<p class=\"paragraph tw-mx-auto tw-mb-6\">Nach Verl\u00e4ngerung hatte es 3:3 (3:3, 0:2) gestanden. Vor 5.000 Zuschauern im ausverkauften V\u00f6hlin-Stadion wurde Illertissens Torwart Michel Witte mit zwei gehaltenen Elfmetern zum Matchwinner. Clayton Irigoyen verwandelte den letzten Elfer. Frustriert standen die N\u00fcrnberger Profis danach vor ihren Anh\u00e4ngern. Rund 3.000 \u201eClub\u201c-Fans waren in den Landkreis Neu-Ulm mitgereist.<\/p>\n<p>FCN verwandelt 0:2 in ein 3:2<\/p>\n<p class=\"paragraph tw-mx-auto tw-mb-6\">Berkay Yilmaz (66.), Artem Stepanov (79.) und der einst f\u00fcr Illertissen st\u00fcrmende Semir Telalovic (87. Minute\/Foulelfmeter) hatten f\u00fcr die Franken zuvor ein 0:2 in ein 3:2 verwandelt. Tobias R\u00fchle brachte Illertissen jedoch mit seinem Kopfball zum 3:3 in der Nachspielzeit noch in die Verl\u00e4ngerung.\u00a0<\/p>\n<p class=\"paragraph tw-mx-auto tw-mb-6\">Zur Pause hatte der forsch auftretende Viertligist sogar durch zwei nahezu identische Tore von Denis Milic (2. Minute) und Yannick Glessing (43.) mit 2:0 gef\u00fchrt. Der \u201eClub\u201c bot bis dahin eine trostlose Vorstellung.\u00a0<\/p>\n<p>Kloses Ma\u00dfnahmen greifen<\/p>\n<p class=\"paragraph tw-mx-auto tw-mb-6\">Klose reagierte darauf bemerkenswert und konsequent. Er wechselte seinen Kapit\u00e4n Robin Knoche aus und stellte in der Abwehr von Dreier- auf Viererkette um. Mit dem Comeback von U21-Nationalspieler Caspar Jander nach Knieproblemen im Mittelfeld wurde das FCN-Spiel zudem strukturierter und zielstrebiger. An den defensiven M\u00e4ngeln \u00e4nderte sich aber nicht viel.\u00a0<\/p>\n<p class=\"paragraph tw-mx-auto tw-mb-6\">Ein Unwetter mit Blitz, Donner und Starkregen f\u00fchrte in der zweiten H\u00e4lfte zu einer Unterbrechung. Schiedsrichter Patrick Alt schickte beide Teams beim Stand von 2:1 f\u00fcr Illertissen f\u00fcr etwas mehr als eine Viertelstunde in die Kabine.<\/p>\n<p><img decoding=\"async\" src=\"https:\/\/www.europesays.com\/de\/wp-content\/uploads\/2025\/08\/09587ad5-7f47-4965-979b-52fa593eb292.jpg\" loading=\"lazy\" alt=\"Fehlstart perfekt: Miroslav Klose verliert mit dem 1. FC N\u00fcrnberg auch im Pokal.\"\/><img decoding=\"async\" alt=\"Bild vergr\u00f6\u00dfern\" class=\"sm:tw-w-9 sm:tw-h-9\" src=\"https:\/\/www.schwaebische.de\/_next\/static\/media\/imageExpand.10dba927.svg\"\/><\/p>\n<p>Fehlstart perfekt: Miroslav Klose verliert mit dem 1. FC N\u00fcrnberg auch im Pokal. (Foto: Jan-Philipp Strobel\/dpa)<\/p>\n<p><img decoding=\"async\" src=\"https:\/\/www.europesays.com\/de\/wp-content\/uploads\/2025\/08\/cd2a0a96-e18b-4006-83d5-4a0909c57f24.jpg\" loading=\"lazy\" alt=\"N\u00fcrnbergs Angreifer Semit Telalovic trifft gegen seinen Ex-Verein vom Elfmeterpunkt zum 3:2. Doch der Treffer reicht nicht.\"\/><img decoding=\"async\" alt=\"Bild vergr\u00f6\u00dfern\" class=\"sm:tw-w-9 sm:tw-h-9\" src=\"https:\/\/www.schwaebische.de\/_next\/static\/media\/imageExpand.10dba927.svg\"\/><\/p>\n<p>N\u00fcrnbergs Angreifer Semit Telalovic trifft gegen seinen Ex-Verein vom Elfmeterpunkt zum 3:2. Doch der Treffer reicht nicht. (Foto: Jan-Philipp Strobel\/dpa)<\/p>\n","protected":false},"excerpt":{"rendered":"Weltmeister Miroslav Klose hat mit dem 1. FC N\u00fcrnberg nach zwei Niederlagen zum Ligastart auch noch einen heftigen&hellip;\n","protected":false},"author":2,"featured_media":351171,"comment_status":"","ping_status":"","sticky":false,"template":"","format":"standard","meta":{"footnotes":""},"categories":[1837],"tags":[783,772,3364,29,1264,347,68782,30,3783],"class_list":{"0":"post-351170","1":"post","2":"type-post","3":"status-publish","4":"format-standard","5":"has-post-thumbnail","7":"category-nuernberg","8":"tag-1-fc-nuernberg","9":"tag-bayern","10":"tag-de","11":"tag-deutschland","12":"tag-dfb-pokal","13":"tag-fussball","14":"tag-fv-illertissen","15":"tag-germany","16":"tag-nuernberg"},"share_on_mastodon":{"url":"https:\/\/pubeurope.com\/@de\/115042918430971220","error":""},"_links":{"self":[{"href":"https:\/\/www.europesays.com\/de\/wp-json\/wp\/v2\/posts\/351170","targetHints":{"allow":["GET"]}}],"collection":[{"href":"https:\/\/www.europesays.com\/de\/wp-json\/wp\/v2\/posts"}],"about":[{"href":"https:\/\/www.europesays.com\/de\/wp-json\/wp\/v2\/types\/post"}],"author":[{"embeddable":true,"href":"https:\/\/www.europesays.com\/de\/wp-json\/wp\/v2\/users\/2"}],"replies":[{"embeddable":true,"href":"https:\/\/www.europesays.com\/de\/wp-json\/wp\/v2\/comments?post=351170"}],"version-history":[{"count":0,"href":"https:\/\/www.europesays.com\/de\/wp-json\/wp\/v2\/posts\/351170\/revisions"}],"wp:featuredmedia":[{"embeddable":true,"href":"https:\/\/www.europesays.com\/de\/wp-json\/wp\/v2\/media\/351171"}],"wp:attachment":[{"href":"https:\/\/www.europesays.com\/de\/wp-json\/wp\/v2\/media?parent=351170"}],"wp:term":[{"taxonomy":"category","embeddable":true,"href":"https:\/\/www.europesays.com\/de\/wp-json\/wp\/v2\/categories?post=351170"},{"taxonomy":"post_tag","embeddable":true,"href":"https:\/\/www.europesays.com\/de\/wp-json\/wp\/v2\/tags?post=351170"}],"curies":[{"name":"wp","href":"https:\/\/api.w.org\/{rel}","templated":true}]}}