{"id":351299,"date":"2025-08-17T08:41:17","date_gmt":"2025-08-17T08:41:17","guid":{"rendered":"https:\/\/www.europesays.com\/de\/351299\/"},"modified":"2025-08-17T08:41:17","modified_gmt":"2025-08-17T08:41:17","slug":"digitalgesetze-verzoegern-eu-usa-handelsabkommen-vol-at","status":"publish","type":"post","link":"https:\/\/www.europesays.com\/de\/351299\/","title":{"rendered":"Digitalgesetze verz\u00f6gern EU-USA-Handelsabkommen &#8211; VOL.AT"},"content":{"rendered":"<p>              17.08.2025 09:48<\/p>\n<p>              (Akt. 17.08.2025 09:48)<\/p>\n<p>      <img decoding=\"async\" src=\"https:\/\/www.europesays.com\/de\/wp-content\/uploads\/2025\/08\/1388006446_BLD_Online-4-3-400533033-533x400.jpg\"   alt=\"EU und USA handelten im Juli grunds\u00e4tzliches Abkommen aus\" title=\"EU und USA handelten im Juli grunds\u00e4tzliches Abkommen aus\"\/><\/p>\n<p>                    EU und USA handelten im Juli grunds\u00e4tzliches Abkommen aus<br \/>\n                     \u00a9APA\/AFP<\/p>\n<p>\n        Bei den letzten Details f\u00fcr das Handelsabkommen zwischen der EU und den USA sorgen einem Medienbericht zufolge Uneinigkeiten \u00fcber die europ\u00e4ischen Digitalgesetze f\u00fcr Verz\u00f6gerungen. Die Europ\u00e4ische Union wehrt sich dagegen, den sogenannten Digital Services Act (DSA) zum Gegenstand der Verhandlungen zu machen, wie die &#8222;Financial Times&#8220; am Sonntag berichtete. Eine endg\u00fcltige Fassung f\u00fcr das im Juli erzielte Handelsabkommen ziehe sich unter anderem deshalb hin.\n      <\/p>\n<p>Kern des Streits seien demnach Unstimmigkeiten \u00fcber Formulierungen zu &#8222;nichttarif\u00e4ren Handelshemmnissen&#8220;. Die US-Seite z\u00e4hle dazu auch die Digitalvorschriften der EU. Eine Stellungnahme der EU-Kommission, des Wei\u00dfen Hauses oder des US-Au\u00dfenministeriums lag zun\u00e4chst nicht vor.<\/p>\n<p>Im Rahmen des DSA m\u00fcssen Firmen gegen Hass und Hetze sowie andere illegale Inhalte im Internet vorgehen. Manipulative Praktiken, die Nutzer zu K\u00e4ufen dr\u00e4ngen, sind ebenso verboten wie auf Kinder ausgerichtete Werbung. Bei Verst\u00f6\u00dfen drohen Strafen von bis zu sechs Prozent des weltweiten j\u00e4hrlichen Umsatzes. In den Fokus geraten sind unter anderem US-Konzerne wie die Facebook-Mutter Meta und die Google-Mutter Alphabet, aber auch chinesische Firmen wie die zum chinesischen Konzern ByteDance geh\u00f6rende Kurzvideo-Plattform TikTok. Die US-Regierung sieht im Vorgehen der EU einen unzul\u00e4ssigen Eingriff in die Meinungsfreiheit.<\/p>\n<p>EU-Kommissionspr\u00e4sidentin Ursula von der Leyen und US-Pr\u00e4sident Donald Trump hatten sich im Juli auf ein Abkommen geeinigt. Dieses sieht einen Einfuhrzoll von 15 Prozent auf die meisten EU-Waren vor. Dadurch sollte ein Handelskrieg abgewendet werden. Dem Bericht zufolge wollen die USA sich jedoch die M\u00f6glichkeit f\u00fcr Zugest\u00e4ndnisse beim DSA offenhalten. Einem US-Vertreter zufolge schiebt die Trump-Regierung die in Aussicht gestellten Zollnachl\u00e4sse f\u00fcr Autoexporte aus der EU in die USA auf, bis eine gemeinsame Erkl\u00e4rung unterzeichnet ist. Die EU-Kommission hatte urspr\u00fcnglich erwartet, dass Trump die Z\u00f6lle auf Autoexporte bis zum 15. August von 27,5 auf 15 Prozent senken w\u00fcrde.<\/p>\n","protected":false},"excerpt":{"rendered":"17.08.2025 09:48 (Akt. 17.08.2025 09:48) EU und USA handelten im Juli grunds\u00e4tzliches Abkommen aus \u00a9APA\/AFP Bei den letzten&hellip;\n","protected":false},"author":2,"featured_media":351300,"comment_status":"","ping_status":"","sticky":false,"template":"","format":"standard","meta":{"footnotes":""},"categories":[3933],"tags":[331,332,3957,548,942,663,158,3934,3935,13,196,14,15,12,64,55,211],"class_list":{"0":"post-351299","1":"post","2":"type-post","3":"status-publish","4":"format-standard","5":"has-post-thumbnail","7":"category-eu","8":"tag-aktuelle-nachrichten","9":"tag-aktuelle-news","10":"tag-aussenhandel","11":"tag-eu","12":"tag-eu-kommission","13":"tag-europa","14":"tag-europaeische-union","15":"tag-europe","16":"tag-european-union","17":"tag-headlines","18":"tag-it","19":"tag-nachrichten","20":"tag-news","21":"tag-schlagzeilen","22":"tag-usa","23":"tag-wirtschaft","24":"tag-zoelle"},"share_on_mastodon":{"url":"https:\/\/pubeurope.com\/@de\/115043217605696818","error":""},"_links":{"self":[{"href":"https:\/\/www.europesays.com\/de\/wp-json\/wp\/v2\/posts\/351299","targetHints":{"allow":["GET"]}}],"collection":[{"href":"https:\/\/www.europesays.com\/de\/wp-json\/wp\/v2\/posts"}],"about":[{"href":"https:\/\/www.europesays.com\/de\/wp-json\/wp\/v2\/types\/post"}],"author":[{"embeddable":true,"href":"https:\/\/www.europesays.com\/de\/wp-json\/wp\/v2\/users\/2"}],"replies":[{"embeddable":true,"href":"https:\/\/www.europesays.com\/de\/wp-json\/wp\/v2\/comments?post=351299"}],"version-history":[{"count":0,"href":"https:\/\/www.europesays.com\/de\/wp-json\/wp\/v2\/posts\/351299\/revisions"}],"wp:featuredmedia":[{"embeddable":true,"href":"https:\/\/www.europesays.com\/de\/wp-json\/wp\/v2\/media\/351300"}],"wp:attachment":[{"href":"https:\/\/www.europesays.com\/de\/wp-json\/wp\/v2\/media?parent=351299"}],"wp:term":[{"taxonomy":"category","embeddable":true,"href":"https:\/\/www.europesays.com\/de\/wp-json\/wp\/v2\/categories?post=351299"},{"taxonomy":"post_tag","embeddable":true,"href":"https:\/\/www.europesays.com\/de\/wp-json\/wp\/v2\/tags?post=351299"}],"curies":[{"name":"wp","href":"https:\/\/api.w.org\/{rel}","templated":true}]}}