{"id":351337,"date":"2025-08-17T09:07:12","date_gmt":"2025-08-17T09:07:12","guid":{"rendered":"https:\/\/www.europesays.com\/de\/351337\/"},"modified":"2025-08-17T09:07:12","modified_gmt":"2025-08-17T09:07:12","slug":"brauereien-suchen-nachwuchs-am-tablett","status":"publish","type":"post","link":"https:\/\/www.europesays.com\/de\/351337\/","title":{"rendered":"Brauereien suchen Nachwuchs am Tablett"},"content":{"rendered":"<p class=\"text_ohne_einzug richtext text-em-55 !leading-serif mx-6 desktop:mx-0\">Fast alle Brauereien in D\u00fcsseldorf suchen Personal \u2013 als gro\u00dfer Wendepunkt der Personallage wird in Gastro-Kreisen oft die Corona-Pandemie genannt. Zum Beispiel von Schumacher-Chefin Thea Ungermann: \u201eAls wir nach den Corona-Lockdowns wieder \u00f6ffnen konnten, hatte sich die Situation ver\u00e4ndert. Das Miteinander im Team und der direkte Kontakt zu unseren G\u00e4sten sind ja eigentlich das, was unseren Arbeitsalltag so besonders macht. Durch die Situation damals ist das leider weggebrochen oder nur noch eingeschr\u00e4nkt m\u00f6glich gewesen, das haben viele nat\u00fcrlich als echten Verlust empfunden.\u201c<\/p>\n","protected":false},"excerpt":{"rendered":"Fast alle Brauereien in D\u00fcsseldorf suchen Personal \u2013 als gro\u00dfer Wendepunkt der Personallage wird in Gastro-Kreisen oft die&hellip;\n","protected":false},"author":2,"featured_media":351338,"comment_status":"","ping_status":"","sticky":false,"template":"","format":"standard","meta":{"footnotes":"","_share_on_mastodon":"0"},"categories":[1831],"tags":[13203,3821,3364,29,3405,84424,30,1942,97415,97413,97414,97411,97412,1209,6876],"class_list":["post-351337","post","type-post","status-publish","format-standard","has-post-thumbnail","category-duesseldorf","tag-nachwuchs","tag-corona","tag-de","tag-deutschland","tag-duesseldorf","tag-genannt","tag-germany","tag-job","tag-kellner","tag-klaus-steffen","tag-knotz","tag-koebes","tag-koebesse","tag-nordrhein-westfalen","tag-schumacher"],"share_on_mastodon":{"url":"https:\/\/pubeurope.com\/@de\/115043319388714655","error":""},"_links":{"self":[{"href":"https:\/\/www.europesays.com\/de\/wp-json\/wp\/v2\/posts\/351337","targetHints":{"allow":["GET"]}}],"collection":[{"href":"https:\/\/www.europesays.com\/de\/wp-json\/wp\/v2\/posts"}],"about":[{"href":"https:\/\/www.europesays.com\/de\/wp-json\/wp\/v2\/types\/post"}],"author":[{"embeddable":true,"href":"https:\/\/www.europesays.com\/de\/wp-json\/wp\/v2\/users\/2"}],"replies":[{"embeddable":true,"href":"https:\/\/www.europesays.com\/de\/wp-json\/wp\/v2\/comments?post=351337"}],"version-history":[{"count":0,"href":"https:\/\/www.europesays.com\/de\/wp-json\/wp\/v2\/posts\/351337\/revisions"}],"wp:featuredmedia":[{"embeddable":true,"href":"https:\/\/www.europesays.com\/de\/wp-json\/wp\/v2\/media\/351338"}],"wp:attachment":[{"href":"https:\/\/www.europesays.com\/de\/wp-json\/wp\/v2\/media?parent=351337"}],"wp:term":[{"taxonomy":"category","embeddable":true,"href":"https:\/\/www.europesays.com\/de\/wp-json\/wp\/v2\/categories?post=351337"},{"taxonomy":"post_tag","embeddable":true,"href":"https:\/\/www.europesays.com\/de\/wp-json\/wp\/v2\/tags?post=351337"}],"curies":[{"name":"wp","href":"https:\/\/api.w.org\/{rel}","templated":true}]}}