{"id":352691,"date":"2025-08-17T22:11:15","date_gmt":"2025-08-17T22:11:15","guid":{"rendered":"https:\/\/www.europesays.com\/de\/352691\/"},"modified":"2025-08-17T22:11:15","modified_gmt":"2025-08-17T22:11:15","slug":"papas-groesster-fan-leni-klum-zeigt-sich-laessig-mit-seal-auf-der-couch","status":"publish","type":"post","link":"https:\/\/www.europesays.com\/de\/352691\/","title":{"rendered":"&#8222;Papas gr\u00f6\u00dfter Fan&#8220;: Leni Klum zeigt sich l\u00e4ssig mit Seal auf der Couch"},"content":{"rendered":"<p>                    &#8222;Papas gr\u00f6\u00dfter Fan&#8220;<br \/>\n                Leni Klum zeigt sich l\u00e4ssig mit Seal auf der Couch<\/p>\n<p>\t\t\t\t              17.08.2025, 22:35 Uhr<\/p>\n<p>\t\t\t\t\t       Artikel anh\u00f6ren<\/p>\n<p>\t\t\t\t\t\t\tDiese Audioversion wurde k\u00fcnstlich generiert. <a href=\"https:\/\/www.n-tv.de\/23249898\" rel=\"nofollow noopener\" target=\"_blank\">Mehr Infos<\/a><\/p>\n<p><strong>Leni Klum gew\u00e4hrt private Einblicke. Auf Instagram zeigt sie ein Foto mit ihrem Adoptivvater Seal. Mit einer liebevollen Botschaft macht die 21-J\u00e4hrige ihre enge Verbundenheit deutlich.<\/strong><\/p>\n<p>W\u00e4hrend Heidi Klum dieses Wochenende mit Tokio Hotel in Berlin feiert, verbringt Tochter Leni offenbar Zeit mit ihrem Adoptivvater. Das Model teilte auf Instagram ein gemeinsames Foto mit S\u00e4nger Seal, das die beiden zusammen auf einem braunen Sofa zeigt.<\/p>\n<p>Leni Klum tr\u00e4gt dabei graue Jogginghose, ein wei\u00dfes T-Shirt mit Seals Logo und eine schwarze Sonnenbrille, ihre Haare hat sie im Sleek Look zur\u00fcckgebunden. Seal selbst tr\u00e4gt ebenfalls eine Sonnenbrille sowie ein schwarzes Oberteil und hat seinen Arm um seine Tochter gelegt und streckt einen Daumen nach oben. &#8222;Papas gr\u00f6\u00dfter Fan&#8220;, schrieb die 21-J\u00e4hrige zu dem Schnappschuss. Wo und wann genau das Foto aufgenommen wurde, ist nicht klar.<\/p>\n<p>Seal war von 2005 bis 2012 mit Heidi Klum verheiratet. Die beiden haben die S\u00f6hne Henry und Johan sowie Tochter Lou. Leni stammt aus Klums kurzer Beziehung mit Formel-1-Manager Flavio Briatore, die 2003 begann und noch vor Lenis Geburt 2004 wieder endete. <\/p>\n<p>In den ersten Jahren hatte der Italiener kaum Kontakt zu seiner Tochter. 2009 adoptierte Seal die damals F\u00fcnfj\u00e4hrige mit Briatores Einverst\u00e4ndnis. 2011 gestand der F1-Mogul in einem Interview, seine Tochter bis dahin noch nie gesehen zu haben. In den vergangenen Jahren scheint sich das Verh\u00e4ltnis jedoch deutlich gebessert zu haben. <\/p>\n<p>Beide verbringen mittlerweile regelm\u00e4\u00dfig Zeit zusammen. Anfang des Sommers <a href=\"https:\/\/www.n-tv.de\/leute\/Leni-Klum-erlebt-ein-seltenes-Wiedersehen-article25792042.html\" rel=\"Follow nofollow noopener\" target=\"_blank\">traf Leni Klum den Italiener und seinen Sohn Falco beim Gro\u00dfen Preis von Monaco<\/a>. In einem Interview mit der italienischen Zeitung &#8222;La Repubblica&#8220; sagte Briatore 2022: &#8222;Ich habe nicht die t\u00e4gliche Beziehung zu ihr, die ich zu Falco habe, das ist logisch. Aber das bedeutet nicht, dass ich sie weniger liebe.&#8220;<\/p>\n","protected":false},"excerpt":{"rendered":"&#8222;Papas gr\u00f6\u00dfter Fan&#8220; Leni Klum zeigt sich l\u00e4ssig mit Seal auf der Couch 17.08.2025, 22:35 Uhr Artikel anh\u00f6ren&hellip;\n","protected":false},"author":2,"featured_media":352692,"comment_status":"","ping_status":"","sticky":false,"template":"","format":"standard","meta":{"footnotes":"","_share_on_mastodon":"0"},"categories":[1776],"tags":[1801,29,214,553,30,5135,1802,35981,215],"class_list":["post-352691","post","type-post","status-publish","format-standard","has-post-thumbnail","category-prominente","tag-celebrities","tag-deutschland","tag-entertainment","tag-familie","tag-germany","tag-heidi-klum","tag-prominente","tag-seal","tag-unterhaltung"],"share_on_mastodon":{"url":"https:\/\/pubeurope.com\/@de\/115046402455531492","error":""},"_links":{"self":[{"href":"https:\/\/www.europesays.com\/de\/wp-json\/wp\/v2\/posts\/352691","targetHints":{"allow":["GET"]}}],"collection":[{"href":"https:\/\/www.europesays.com\/de\/wp-json\/wp\/v2\/posts"}],"about":[{"href":"https:\/\/www.europesays.com\/de\/wp-json\/wp\/v2\/types\/post"}],"author":[{"embeddable":true,"href":"https:\/\/www.europesays.com\/de\/wp-json\/wp\/v2\/users\/2"}],"replies":[{"embeddable":true,"href":"https:\/\/www.europesays.com\/de\/wp-json\/wp\/v2\/comments?post=352691"}],"version-history":[{"count":0,"href":"https:\/\/www.europesays.com\/de\/wp-json\/wp\/v2\/posts\/352691\/revisions"}],"wp:featuredmedia":[{"embeddable":true,"href":"https:\/\/www.europesays.com\/de\/wp-json\/wp\/v2\/media\/352692"}],"wp:attachment":[{"href":"https:\/\/www.europesays.com\/de\/wp-json\/wp\/v2\/media?parent=352691"}],"wp:term":[{"taxonomy":"category","embeddable":true,"href":"https:\/\/www.europesays.com\/de\/wp-json\/wp\/v2\/categories?post=352691"},{"taxonomy":"post_tag","embeddable":true,"href":"https:\/\/www.europesays.com\/de\/wp-json\/wp\/v2\/tags?post=352691"}],"curies":[{"name":"wp","href":"https:\/\/api.w.org\/{rel}","templated":true}]}}