{"id":352975,"date":"2025-08-18T01:07:19","date_gmt":"2025-08-18T01:07:19","guid":{"rendered":"https:\/\/www.europesays.com\/de\/352975\/"},"modified":"2025-08-18T01:07:19","modified_gmt":"2025-08-18T01:07:19","slug":"transfrau-in-berlin-schoeneberg-mti-glasflasche-bedroht","status":"publish","type":"post","link":"https:\/\/www.europesays.com\/de\/352975\/","title":{"rendered":"Transfrau in Berlin-Sch\u00f6neberg mti Glasflasche bedroht"},"content":{"rendered":"<p class=\"tspAOgy tspAOgz\">Mit einer Glasflasche hat ein Mann in Berlin eine Transfrau bedroht und ihren Begleiter verletzt. Die 45-J\u00e4hrige war am Samstagabend in der Sch\u00f6neberger Motzstra\u00dfe unterwegs, wie die Polizei mitteilte. Nach bisherigen Ermittlungen sei dann ein Unbekannter vorbeigegangen und habe sie transfeindlich beleidigt.<\/p>\n<p class=\"tspAOgy\">\u201eAls sie und ihr Begleiter schlie\u00dflich weitergingen, nahm der Unbekannte eine Glasflasche und sprang auf sie zu\u201c, hie\u00df es in der Mitteilung. Der Begleiter habe sich mit einem Stuhl, der auf dem Gehweg stand, sch\u00fctzen wollen.<\/p>\n<p class=\"tspAOgy\">\u201eDer Unbekannte schlug dennoch mit der Flasche auf ihn ein und traf ihn an der Lippe\u201c, teilte die Polizei mit. Dann sei er geflohen. Die Polizei machte sp\u00e4ter einen Verd\u00e4chtigen ausfindig, der aber \u00fcber eine Mauer entkam. Der verletzte Begleiter sei ebenfalls nicht mehr vor Ort gewesen. (dpa)<\/p>\n<p> Quiz: K\u00f6rperverletzung, Einbruch, Raub \u2013 wo ist Berlin am gef\u00e4hrlichsten? <\/p>\n","protected":false},"excerpt":{"rendered":"Mit einer Glasflasche hat ein Mann in Berlin eine Transfrau bedroht und ihren Begleiter verletzt. Die 45-J\u00e4hrige war&hellip;\n","protected":false},"author":2,"featured_media":352976,"comment_status":"","ping_status":"","sticky":false,"template":"","format":"standard","meta":{"footnotes":""},"categories":[1825],"tags":[296,29,30,121,528],"class_list":{"0":"post-352975","1":"post","2":"type-post","3":"status-publish","4":"format-standard","5":"has-post-thumbnail","7":"category-berlin","8":"tag-berlin","9":"tag-deutschland","10":"tag-germany","11":"tag-polizei","12":"tag-tempelhof-schoeneberg"},"share_on_mastodon":{"url":"https:\/\/pubeurope.com\/@de\/115047094264556785","error":""},"_links":{"self":[{"href":"https:\/\/www.europesays.com\/de\/wp-json\/wp\/v2\/posts\/352975","targetHints":{"allow":["GET"]}}],"collection":[{"href":"https:\/\/www.europesays.com\/de\/wp-json\/wp\/v2\/posts"}],"about":[{"href":"https:\/\/www.europesays.com\/de\/wp-json\/wp\/v2\/types\/post"}],"author":[{"embeddable":true,"href":"https:\/\/www.europesays.com\/de\/wp-json\/wp\/v2\/users\/2"}],"replies":[{"embeddable":true,"href":"https:\/\/www.europesays.com\/de\/wp-json\/wp\/v2\/comments?post=352975"}],"version-history":[{"count":0,"href":"https:\/\/www.europesays.com\/de\/wp-json\/wp\/v2\/posts\/352975\/revisions"}],"wp:featuredmedia":[{"embeddable":true,"href":"https:\/\/www.europesays.com\/de\/wp-json\/wp\/v2\/media\/352976"}],"wp:attachment":[{"href":"https:\/\/www.europesays.com\/de\/wp-json\/wp\/v2\/media?parent=352975"}],"wp:term":[{"taxonomy":"category","embeddable":true,"href":"https:\/\/www.europesays.com\/de\/wp-json\/wp\/v2\/categories?post=352975"},{"taxonomy":"post_tag","embeddable":true,"href":"https:\/\/www.europesays.com\/de\/wp-json\/wp\/v2\/tags?post=352975"}],"curies":[{"name":"wp","href":"https:\/\/api.w.org\/{rel}","templated":true}]}}