{"id":353421,"date":"2025-08-18T05:34:18","date_gmt":"2025-08-18T05:34:18","guid":{"rendered":"https:\/\/www.europesays.com\/de\/353421\/"},"modified":"2025-08-18T05:34:18","modified_gmt":"2025-08-18T05:34:18","slug":"abkommen-sollen-umgesetzt-werden-suedkoreas-praesident-treibt-annaeherung-an-nordkorea-voran","status":"publish","type":"post","link":"https:\/\/www.europesays.com\/de\/353421\/","title":{"rendered":"Abkommen sollen umgesetzt werden: S\u00fcdkoreas Pr\u00e4sident treibt Ann\u00e4herung an Nordkorea voran"},"content":{"rendered":"<p>                    Abkommen sollen umgesetzt werden<br \/>\n                S\u00fcdkoreas Pr\u00e4sident treibt Ann\u00e4herung an Nordkorea voran<\/p>\n<p>\t\t\t\t              18.08.2025, 05:29 Uhr<\/p>\n<p>\t\t\t\t\t       Artikel anh\u00f6ren<\/p>\n<p>\t\t\t\t\t\t\tDiese Audioversion wurde k\u00fcnstlich generiert. <a href=\"https:\/\/www.n-tv.de\/23249898\" target=\"_blank\" rel=\"noopener\">Mehr Infos<\/a><\/p>\n<p><strong>Ungeachtet der nordkoreanischen Verweigerung will sich S\u00fcdkorea weiter an seinen Nachbarn ann\u00e4hern. Pr\u00e4sident Lee geht den n\u00e4chsten Schritt, sein Kabinett muss nun aktiv werden.<\/strong><\/p>\n<p>S\u00fcdkoreas Pr\u00e4sident Lee Jae Myung hat sein Kabinett zur Vorbereitung einer teilweisen und schrittweisen Umsetzung bestehender Abkommen mit dem verfeindeten Nordkorea angewiesen. &#8222;Die Beziehungen zwischen S\u00fcd- und Nordkorea sind entscheidend, um die nationalen Interessen S\u00fcdkoreas zu sch\u00fctzen und den diplomatischen Handlungsspielraum angesichts der sich schnell \u00e4ndernden \u00e4u\u00dferen Bedingungen zu erweitern&#8220;, sagte Lee w\u00e4hrend einer Kabinettssitzung.<\/p>\n<p>Welche Abkommen er genau meinte, f\u00fchrte Lee nicht aus. Am Freitag hatte der Pr\u00e4sident jedoch erkl\u00e4rt, Seoul beabsichtige, ein Abkommen aus dem Jahr 2018 wiederherzustellen. Dieses sah die Aussetzung einiger milit\u00e4rischer Aktivit\u00e4ten entlang der Grenze zu Nordkorea vor, ist aber inzwischen zerfallen. <\/p>\n<p>Lees Regierung versucht seit seinem Amtsantritt im Juni, die Beziehungen zwischen den beiden Nachbarl\u00e4ndern zu verbessern, die sich technisch gesehen immer noch im Kriegszustand befinden. Hochrangige nordkoreanische Vertreter haben die Ann\u00e4herungsversuche des liberalen Pr\u00e4sidenten jedoch bislang in den Staatsmedien zur\u00fcckgewiesen.<\/p>\n<p>Kim Yo Jong, Schwester des nordkoreanischen Machthabers, sagte erst vergangene Woche, dass es Nordkorea &#8222;mehrfach klargestellt&#8220; habe, &#8222;dass wir nicht die Absicht haben, die Beziehungen zur Republik Korea zu verbessern&#8220;. Diese Haltung sei endg\u00fcltig und werde k\u00fcnftig auch in der nordkoreanischen Verfassung verankert, so Kim weiter.<\/p>\n","protected":false},"excerpt":{"rendered":"Abkommen sollen umgesetzt werden S\u00fcdkoreas Pr\u00e4sident treibt Ann\u00e4herung an Nordkorea voran 18.08.2025, 05:29 Uhr Artikel anh\u00f6ren Diese Audioversion&hellip;\n","protected":false},"author":2,"featured_media":353422,"comment_status":"","ping_status":"","sticky":false,"template":"","format":"standard","meta":{"footnotes":""},"categories":[3],"tags":[13,97832,14,15,885,48517,16,12,613,10,8,9,11,103,104],"class_list":{"0":"post-353421","1":"post","2":"type-post","3":"status-publish","4":"format-standard","5":"has-post-thumbnail","7":"category-welt","8":"tag-headlines","9":"tag-korea-konflikt","10":"tag-nachrichten","11":"tag-news","12":"tag-nordkorea","13":"tag-nordkorea-konflikt","14":"tag-politik","15":"tag-schlagzeilen","16":"tag-suedkorea","17":"tag-top-news","18":"tag-top-meldungen","19":"tag-topmeldungen","20":"tag-topnews","21":"tag-welt","22":"tag-world"},"share_on_mastodon":{"url":"https:\/\/pubeurope.com\/@de\/115048144170381521","error":""},"_links":{"self":[{"href":"https:\/\/www.europesays.com\/de\/wp-json\/wp\/v2\/posts\/353421","targetHints":{"allow":["GET"]}}],"collection":[{"href":"https:\/\/www.europesays.com\/de\/wp-json\/wp\/v2\/posts"}],"about":[{"href":"https:\/\/www.europesays.com\/de\/wp-json\/wp\/v2\/types\/post"}],"author":[{"embeddable":true,"href":"https:\/\/www.europesays.com\/de\/wp-json\/wp\/v2\/users\/2"}],"replies":[{"embeddable":true,"href":"https:\/\/www.europesays.com\/de\/wp-json\/wp\/v2\/comments?post=353421"}],"version-history":[{"count":0,"href":"https:\/\/www.europesays.com\/de\/wp-json\/wp\/v2\/posts\/353421\/revisions"}],"wp:featuredmedia":[{"embeddable":true,"href":"https:\/\/www.europesays.com\/de\/wp-json\/wp\/v2\/media\/353422"}],"wp:attachment":[{"href":"https:\/\/www.europesays.com\/de\/wp-json\/wp\/v2\/media?parent=353421"}],"wp:term":[{"taxonomy":"category","embeddable":true,"href":"https:\/\/www.europesays.com\/de\/wp-json\/wp\/v2\/categories?post=353421"},{"taxonomy":"post_tag","embeddable":true,"href":"https:\/\/www.europesays.com\/de\/wp-json\/wp\/v2\/tags?post=353421"}],"curies":[{"name":"wp","href":"https:\/\/api.w.org\/{rel}","templated":true}]}}