{"id":353703,"date":"2025-08-18T08:19:12","date_gmt":"2025-08-18T08:19:12","guid":{"rendered":"https:\/\/www.europesays.com\/de\/353703\/"},"modified":"2025-08-18T08:19:12","modified_gmt":"2025-08-18T08:19:12","slug":"deutsche-friedenstruppen-wadephul-funkt-merz-vor-ukraine-gipfel-dazwischen-politik","status":"publish","type":"post","link":"https:\/\/www.europesays.com\/de\/353703\/","title":{"rendered":"Deutsche Friedenstruppen: Wadephul funkt Merz vor Ukraine-Gipfel dazwischen | Politik"},"content":{"rendered":"<p>Berlin\/Washington \u2013 <b>Ob diese Aussagen so klug waren? Noch vor dem Start des historischen Gipfels heute im Wei\u00dfen Haus hat Bundesau\u00dfenminister Johann Wadephul den Verhandlungsspielraum f\u00fcr Bundeskanzler Friedrich <\/b><a href=\"https:\/\/www.bild.de\/politik\/leute\/friedrich-merz\/friedrich-merz-alle-infos-76682054.bild.html\" class=\"text-link\" target=\"_blank\" rel=\"noopener\"><b>Merz<\/b><\/a><b> (beide CDU) ohne Not eingeengt.<\/b><\/p>\n<p>Konkret geht es um eine Stationierung deutscher Truppen in der Ukraine zur Absicherung eines m\u00f6glichen Friedens nach einem Ende des russischen Angriffskrieges. <\/p>\n<p><b>Doch genau das traut Wadephul der Bundeswehr nicht zu! Konkret sagte Wadephul im Podcast \u201eTable.Today\u201c, er lehne deutsche Truppen in der Ukraine ab. Die Bundeswehr habe bereits eine Brigade in Litauen stationiert. Wadephul: \u201eDas tun und zus\u00e4tzlich noch Truppen in der Ukraine zu stationieren, w\u00fcrde uns voraussichtlich \u00fcberfordern.\u201c<\/b><\/p>\n<p><img decoding=\"async\" width=\"992\" height=\"558\" alt=\"Zeigen Geschlossenheit: Ukraine-Pr\u00e4sident Wolodymyr Selenskyj (47) und Kanzler Friedrich Merz (69)\" src=\"https:\/\/www.europesays.com\/de\/wp-content\/uploads\/2025\/08\/3d5747fca30207c71ea917be684ccedf,483ce4ba\"   class=\"landscape\" loading=\"lazy\"\/><\/p>\n<p class=\"fig__caption__text\">Zeigen Geschlossenheit: Ukraine-Pr\u00e4sident Wolodymyr Selenskyj (47) und Kanzler Friedrich Merz (69)<\/p>\n<p>Foto: Getty Images<\/p>\n<p>Pikante Aussagen ausgerechnet vor dem Treffen in Washington, bei dem Merz, Ukraine-Pr\u00e4sident Wolodymyr Selenskyj, Frankreichs Staatschef Emmanuel Macron, EU-Kommissionspr\u00e4sidentin Ursula von der Leyen und weitere europ\u00e4ische Staatschefs mit US-Pr\u00e4sident Donald <a href=\"https:\/\/www.bild.de\/politik\/leute\/donald-trump\/thema-donald-trump-alle-infos-80018378.bild.html\" class=\"text-link\" target=\"_blank\" rel=\"noopener\">Trump<\/a> \u00fcber die europ\u00e4ische Sicherheitsstruktur und Frieden in der Ukraine verhandeln wollen. Ziel der Europ\u00e4er: Ein klares Signal der Geschlossenheit an Russland-Despot Wladimir <a href=\"https:\/\/www.bild.de\/politik\/leute\/wladimir-putin\/wladimir-putin-alle-infos-79314364.bild.html\" class=\"text-link\" target=\"_blank\" rel=\"noopener\">Putin<\/a> zu senden. <\/p>\n<p><img decoding=\"async\" width=\"992\" height=\"558\" alt=\"Russland-Pr\u00e4sident Wladimir Putin (72) beim Treffen mit US-Pr\u00e4sident Donald Trump (79) in Alaska\" src=\"https:\/\/www.europesays.com\/de\/wp-content\/uploads\/2025\/08\/1c3f0bdf2d2f9cbcd57a1bd967651ff8,5cf9e371\"   class=\"landscape\" loading=\"lazy\"\/><\/p>\n<p class=\"fig__caption__text\">Russland-Pr\u00e4sident Wladimir Putin (72) beim Treffen mit US-Pr\u00e4sident Donald Trump (79) in Alaska<\/p>\n<p>Foto: Kevin Lamarque\/REUTERS<\/p>\n<p><b>Fakt ist: Die Europ\u00e4er brauchen die USA dringend, um Putin auch auf lange Sicht in Schach zu halten.<\/b><\/p>\n<p>Zuletzt soll sich Trump sogar offen f\u00fcr US-Sicherheitsgarantien f\u00fcr die Ukraine gezeigt haben. Das w\u00e4re ein Kurswechsel, hatte er hier zuvor stets auf stur gestellt. Grund: Trump will nicht, dass die USA in einen Krieg mit Russland hineingezogen werden.<\/p>\n<p>Mehr zum Thema<\/p>\n<p><b>Faktisch m\u00fcssten europ\u00e4ische Staaten, also auch Deutschland, einen m\u00f6glichen Frieden in der Ukraine aber mit eigenen Soldaten alleine absichern. Diese m\u00fcssten im Ernstfall, also bei einem erneuten russischen Angriff, vielleicht sogar zu den Waffen greifen.<\/b><\/p>\n<p>Geht es nach Wadephul, wird es dazu nicht kommen.<\/p>\n","protected":false},"excerpt":{"rendered":"Berlin\/Washington \u2013 Ob diese Aussagen so klug waren? Noch vor dem Start des historischen Gipfels heute im Wei\u00dfen&hellip;\n","protected":false},"author":2,"featured_media":353704,"comment_status":"","ping_status":"","sticky":false,"template":"","format":"standard","meta":{"footnotes":""},"categories":[3],"tags":[13,32,14,15,3082,307,12,45,10,8,9,11,1017,317,3081,103,104],"class_list":{"0":"post-353703","1":"post","2":"type-post","3":"status-publish","4":"format-standard","5":"has-post-thumbnail","7":"category-welt","8":"tag-headlines","9":"tag-merz-friedrich","10":"tag-nachrichten","11":"tag-news","12":"tag-putin-wladimir","13":"tag-russland","14":"tag-schlagzeilen","15":"tag-texttospeech","16":"tag-top-news","17":"tag-top-meldungen","18":"tag-topmeldungen","19":"tag-topnews","20":"tag-trump-donald","21":"tag-ukraine","22":"tag-ukraine-konflikt","23":"tag-welt","24":"tag-world"},"share_on_mastodon":{"url":"https:\/\/pubeurope.com\/@de\/115048793159795106","error":""},"_links":{"self":[{"href":"https:\/\/www.europesays.com\/de\/wp-json\/wp\/v2\/posts\/353703","targetHints":{"allow":["GET"]}}],"collection":[{"href":"https:\/\/www.europesays.com\/de\/wp-json\/wp\/v2\/posts"}],"about":[{"href":"https:\/\/www.europesays.com\/de\/wp-json\/wp\/v2\/types\/post"}],"author":[{"embeddable":true,"href":"https:\/\/www.europesays.com\/de\/wp-json\/wp\/v2\/users\/2"}],"replies":[{"embeddable":true,"href":"https:\/\/www.europesays.com\/de\/wp-json\/wp\/v2\/comments?post=353703"}],"version-history":[{"count":0,"href":"https:\/\/www.europesays.com\/de\/wp-json\/wp\/v2\/posts\/353703\/revisions"}],"wp:featuredmedia":[{"embeddable":true,"href":"https:\/\/www.europesays.com\/de\/wp-json\/wp\/v2\/media\/353704"}],"wp:attachment":[{"href":"https:\/\/www.europesays.com\/de\/wp-json\/wp\/v2\/media?parent=353703"}],"wp:term":[{"taxonomy":"category","embeddable":true,"href":"https:\/\/www.europesays.com\/de\/wp-json\/wp\/v2\/categories?post=353703"},{"taxonomy":"post_tag","embeddable":true,"href":"https:\/\/www.europesays.com\/de\/wp-json\/wp\/v2\/tags?post=353703"}],"curies":[{"name":"wp","href":"https:\/\/api.w.org\/{rel}","templated":true}]}}