{"id":353705,"date":"2025-08-18T08:20:11","date_gmt":"2025-08-18T08:20:11","guid":{"rendered":"https:\/\/www.europesays.com\/de\/353705\/"},"modified":"2025-08-18T08:20:11","modified_gmt":"2025-08-18T08:20:11","slug":"wachmann-war-waehrend-lebensgefaehrlicher-messerattacke-von-paderborn-nicht-im-raum","status":"publish","type":"post","link":"https:\/\/www.europesays.com\/de\/353705\/","title":{"rendered":"Wachmann war w\u00e4hrend lebensgef\u00e4hrlicher Messerattacke von Paderborn nicht im Raum"},"content":{"rendered":"<p class=\"tspATif tspATig\">Die lebensgef\u00e4hrliche Messerattacke auf eine Betreuerin in einer Paderborner Jugendpsychiatrie ist w\u00e4hrend der kurzfristigen Abwesenheit eines Bewachers passiert.<\/p>\n<p class=\"tspATif\"><strong>Der Angriff einer 13-J\u00e4hrigen sei ver\u00fcbt worden, als ein Wachmann gerade die K\u00fcche verlie\u00df<\/strong>, best\u00e4tigte die Staatsanwaltschaft Paderborn entsprechende Medienberichte.<\/p>\n<p class=\"tspATif\">In der K\u00fcche der psychiatrischen Klinik hatte die Jugendliche am Samstag eine 24-j\u00e4hrige Betreuerin mit dem Messer angegriffen und lebensgef\u00e4hrlich verletzt. Nach einer Notoperation ist die Verletzte inzwischen au\u00dfer Lebensgefahr. Die Polizei bildete nach dem Vorfall eine Mordkommission. <\/p>\n<p class=\"tspATif\">Wie die Polizei in Bielefeld und die Staatsanwaltschaft Paderborn gemeinsam am Sonntag mitteilten, <strong>wird die 13-J\u00e4hrige zun\u00e4chst in einer geschlossenen Psychiatrie untergebracht<\/strong>. <\/p>\n<p class=\"tspATif\">Nach dem Vorfall am Samstag befand sich das M\u00e4dchen in Polizeigewahrsam. Nun sei der Kreis Paderborn zust\u00e4ndig in der Frage, wo es genau untergebracht werde, hie\u00df es. Eine Untersuchungshaft komme aufgrund des Alters nicht in Betracht.<\/p>\n<p> 13-J\u00e4hrige wohl als islamistische Gef\u00e4hrderin beobachtet <\/p>\n<p class=\"tspATif\">Die <strong>13-j\u00e4hrige Deutsche<\/strong> befand sich aufgrund eines Unterbringungsbeschlusses in einer Einrichtung der Kinder- und Jugendpsychiatrie des Landschaftsverbandes Westfalen-Lippe (LWL).<\/p>\n<p class=\"tspATif\">Wie mehrere Medien \u00fcbereinstimmend berichten und der dpa aus Polizeikreisen best\u00e4tigt wurde, stand sie seit Monaten als<strong> islamistische Gef\u00e4hrderin<\/strong> im Fokus der Beh\u00f6rden. <\/p>\n<p><a href=\"https:\/\/www.tagesspiegel.de\/politik\/islamistische-influencer-in-deutschland-mochtest-du-die-vergebung-allahs-dann-hore-keine-musik-13971686.html?icid=single-topic_14188400___\" data-gtm-class=\"article-mzt-link\" class=\"tspBUmp\" target=\"_blank\" rel=\"noopener\">Islamistische Influencer in Deutschland \u201eM\u00f6chtest du die Vergebung Allahs? Dann h\u00f6re keine Musik\u201c  <\/a><\/p>\n<p class=\"tspATif\">Von der Staatsanwaltschaft Paderborn und der Polizei Bielefeld gab es zun\u00e4chst keine weiteren offiziellen Informationen, wie lange das M\u00e4dchen bereits \u00fcberwacht und ob sie als mutma\u00dfliche islamistische Gef\u00e4hrderin eingestuft worden war. &#13;<\/p>\n<p class=\"tspATif\">Sie lebte zuletzt in einer Wohnung, in der sie p\u00e4dagogisch betreut wurde und 24 Stunden am Tag unter Polizei\u00fcberwachung stand. Bei einem trotz Fu\u00dffessel unternommenen <strong>Fluchtversuch aus der Wohnung im Juli<\/strong> hatte die Jugendliche unter anderem mit Glasscherben einen Polizisten verletzt und war deshalb in die geschlossene Psychiatrie gekommen.<\/p>\n<p class=\"tspATif\">Auf einem Stra\u00dfenfest in\u00a0Niedersachsen soll sie sich im Fr\u00fchjahr\u00a0gewaltsam einer Polizeikontrolle widersetzt haben. Dabei trug sie ein Messer bei sich. <\/p>\n<p> Polizei hatte Psychiatrie in Paderborn gewarnt <\/p>\n<p class=\"tspATif\">Wenige Tage vor der Attacke <strong>hatte die Polizei die Klinik vor einer solchen Tat gewarnt<\/strong>. Nach dpa-Informationen hatten die Ermittler erfahren, dass die Jugendliche im Rahmen ihrer Therapie Zugang zu einer K\u00fcche bekommen sollte.<\/p>\n<p><a href=\"https:\/\/www.tagesspiegel.de\/wissen\/kranker-geist-wo-fangt-wahn-an-wo-hort-radikalisierung-auf-herr-bogerts-13349434.html?icid=single-topic_14188400___\" data-gtm-class=\"article-mzt-link\" class=\"tspBUmp\" target=\"_blank\" rel=\"noopener\">Kranker Geist Wo f\u00e4ngt Wahn an, wo h\u00f6rt Radikalisierung auf, Herr Bogerts? <\/a><\/p>\n<p class=\"tspATif\">Daraufhin hatte die Polizei die Klinik gewarnt, dass die Messer dort eine Gefahr als Tatwaffe darstellen. Die <strong>Klinik habe aber an ihrem Vorgehen festgehalten<\/strong>. Vom LWL als Tr\u00e4ger der Einrichtung gibt es dazu bisher keine Stellungnahme. <\/p>\n<p> M\u00e4dchen habe vor ihrem 14. Geburtstag t\u00f6ten wollen <\/p>\n<p class=\"tspATif\">Einem Bericht des \u201e<a href=\"https:\/\/www.spiegel.de\/panorama\/justiz\/paderborn-13-jaehrige-terrorverdaechtige-sticht-in-klinik-offenbar-auf-betreuerin-ein-a-6c5bb092-2e7e-4de2-a294-5982e15aeb2e\" target=\"_blank\" rel=\"noopener\" class=\"link link--external\" data-gtm-class=\"article-text-link\" data-gtm-val=\"external\" aria-describedby=\"message-target-blank\">Spiegel<\/a>\u201c zufolge hatte das M\u00e4dchen gegen\u00fcber Kontaktpersonen angegeben, einen Menschen vor ihrem 14. Geburtstag t\u00f6ten zu wollen \u2013 <strong>denn dann wird sie strafm\u00fcndig<\/strong>.<\/p>\n<p class=\"tspATif\">Der Geburtstag steht im Herbst an, daher waren die Ermittler dem Vernehmen nach besonders alarmiert, als sie von dem Zugang des M\u00e4dchens zur K\u00fcche h\u00f6rten.<\/p>\n<p> Au\u00dferdem auf Tagesspiegel Plus: <a href=\"https:\/\/www.tagesspiegel.de\/gesellschaft\/forensischer-psychiater-uber-psychopathen-diese-tater-haben-ein-feines-gespur-dafur-was-der-andere-braucht-13969628.html?icid=topic-list_14188400___\" data-gtm-class=\"article-mzt-link\" class=\"tspBUmp\" target=\"_blank\" rel=\"noopener\">Forensischer Psychiater \u00fcber Psychopathen  \u201eDiese T\u00e4ter haben ein feines Gesp\u00fcr daf\u00fcr, was der andere braucht\u201c <\/a><a href=\"https:\/\/www.tagesspiegel.de\/gesellschaft\/nahaufnahme-einer-radikalisierung-mein-sohn-der-islamist-12648455.html?icid=topic-list_14188400___\" data-gtm-class=\"article-mzt-link\" class=\"tspBUmp\" target=\"_blank\" rel=\"noopener\">Nahaufnahme einer Radikalisierung Mein Sohn, der Islamist <\/a><a href=\"https:\/\/www.tagesspiegel.de\/gesellschaft\/panorama\/mobilisierungsmotor-nahostkonflikt-starke-verjungung-der-islamisten-szene-hierzulande-12781358.html?icid=topic-list_14188400___\" data-gtm-class=\"article-mzt-link\" class=\"tspBUmp\" target=\"_blank\" rel=\"noopener\">\u201eMobilisierungsmotor Nahostkonflikt\u201c \u201eStarke Verj\u00fcngung\u201c der Islamisten-Szene hierzulande <\/a><\/p>\n<p class=\"tspATif\"><strong>Nach Angaben der Ermittler bestand f\u00fcr die Jugendliche wegen einer m\u00f6glichen Fremdgef\u00e4hrdung eine engmaschige \u00dcberwachung <\/strong>durch einen Sicherheitsdienst.<\/p>\n<p class=\"tspATif\">F\u00fcr die Allgemeinheit habe keine Gefahr bestanden.\u00a0\u00a0\u201eAu\u00dferhalb der R\u00e4umlichkeiten wurden durch die Polizei Kr\u00e4fte vorgehalten, um im Falle eines Fluchtversuches eingreifen zu k\u00f6nnen.\u201c (dpa, Tsp)<\/p>\n","protected":false},"excerpt":{"rendered":"Die lebensgef\u00e4hrliche Messerattacke auf eine Betreuerin in einer Paderborner Jugendpsychiatrie ist w\u00e4hrend der kurzfristigen Abwesenheit eines Bewachers passiert.&hellip;\n","protected":false},"author":2,"featured_media":353706,"comment_status":"","ping_status":"","sticky":false,"template":"","format":"standard","meta":{"footnotes":""},"categories":[2],"tags":[29,30,13,1635,14,15,12,10,8,9,11],"class_list":{"0":"post-353705","1":"post","2":"type-post","3":"status-publish","4":"format-standard","5":"has-post-thumbnail","7":"category-deutschland","8":"tag-deutschland","9":"tag-germany","10":"tag-headlines","11":"tag-jugend","12":"tag-nachrichten","13":"tag-news","14":"tag-schlagzeilen","15":"tag-top-news","16":"tag-top-meldungen","17":"tag-topmeldungen","18":"tag-topnews"},"share_on_mastodon":{"url":"https:\/\/pubeurope.com\/@de\/115048797042531298","error":""},"_links":{"self":[{"href":"https:\/\/www.europesays.com\/de\/wp-json\/wp\/v2\/posts\/353705","targetHints":{"allow":["GET"]}}],"collection":[{"href":"https:\/\/www.europesays.com\/de\/wp-json\/wp\/v2\/posts"}],"about":[{"href":"https:\/\/www.europesays.com\/de\/wp-json\/wp\/v2\/types\/post"}],"author":[{"embeddable":true,"href":"https:\/\/www.europesays.com\/de\/wp-json\/wp\/v2\/users\/2"}],"replies":[{"embeddable":true,"href":"https:\/\/www.europesays.com\/de\/wp-json\/wp\/v2\/comments?post=353705"}],"version-history":[{"count":0,"href":"https:\/\/www.europesays.com\/de\/wp-json\/wp\/v2\/posts\/353705\/revisions"}],"wp:featuredmedia":[{"embeddable":true,"href":"https:\/\/www.europesays.com\/de\/wp-json\/wp\/v2\/media\/353706"}],"wp:attachment":[{"href":"https:\/\/www.europesays.com\/de\/wp-json\/wp\/v2\/media?parent=353705"}],"wp:term":[{"taxonomy":"category","embeddable":true,"href":"https:\/\/www.europesays.com\/de\/wp-json\/wp\/v2\/categories?post=353705"},{"taxonomy":"post_tag","embeddable":true,"href":"https:\/\/www.europesays.com\/de\/wp-json\/wp\/v2\/tags?post=353705"}],"curies":[{"name":"wp","href":"https:\/\/api.w.org\/{rel}","templated":true}]}}