{"id":353707,"date":"2025-08-18T08:21:12","date_gmt":"2025-08-18T08:21:12","guid":{"rendered":"https:\/\/www.europesays.com\/de\/353707\/"},"modified":"2025-08-18T08:21:12","modified_gmt":"2025-08-18T08:21:12","slug":"dfb-pokal-rassismus-vorfall-schalke-profi-erstattet-anzeige-polizei-ermittelt-sport","status":"publish","type":"post","link":"https:\/\/www.europesays.com\/de\/353707\/","title":{"rendered":"DFB-Pokal: Rassismus-Vorfall! Schalke-Profi erstattet Anzeige \u2013 Polizei ermittelt | Sport"},"content":{"rendered":"<p><b>Klartext von Schalke-Trainer Miron Muslic (42) nach dem Rassismus-Skandal im DFB-Pokal um Christopher Antwi-Adjei.<\/b><\/p>\n<p>Der Schalke-Profi war in der Partie bei Lok Leipzig vor einem Einwurf rassistisch beleidigt worden, wie Antwi-Adjei nach Abpfiff best\u00e4tigte.<\/p>\n<p><b>Muslic auf der Pressekonferenz:<\/b> \u201eWas heute passiert ist, hat nirgends was verloren. Das Schlimmste f\u00fcr mich ist dann: Chris wird hier \u00fcber 120 Minuten vom Publikum ausgepfiffen. Da kotz\u2019 ich mich an!\u201c<\/p>\n<p>Mehr zum Thema<\/p>\n<p><b>Am Sonntagabend reagierte der Klub mit einer Stellungnahme.<\/b><\/p>\n<p>Dort hei\u00dft es: \u201eNach Hinweisen von Antwi-Adjei und Kenan Karaman unterbrach das Schiedsrichtergespann die Partie, damit der Heimverein eine Durchsage im Stadion machen konnte. Statt Verst\u00e4ndnis zu zeigen, pfiffen Teile des Heimpublikums Antwi-Adjei bei jeder Ballber\u00fchrung bis zum Abpfiff aus \u2013 eine v\u00f6llig unverst\u00e4ndliche und entt\u00e4uschende Reaktion.\u201c<\/p>\n<p>Auch interessant<\/p>\n<p>Anzeige<\/p>\n<p>Auch interessant<\/p>\n<p>Anzeige<\/p>\n<p><b>Sportvorstand Frank Baumann erkl\u00e4rte im Namen des gesamten Schalker Vorstandes: <\/b>\u201eZuallererst tut es mir f\u00fcr Christopher sehr leid, dass er sich solche Worte anh\u00f6ren muss. Wir verurteilen dieses Verhalten aufs Sch\u00e4rfste und hoffen, dass derjenige ausfindig gemacht wird.\u201c<\/p>\n<p><b>Antwi-Adjei selbst wurde wie folgt zitiert: <\/b>\u201eEs ist sehr entt\u00e4uschend, so etwas heutzutage noch erleben zu m\u00fcssen. Das geh\u00f6rt sich nicht. Ich hoffe, dass diese Person noch einmal \u00fcber ihre Worte nachdenkt.\u201c<\/p>\n<p><b>Der Schalke-Profi erstattete nach der Partie Anzeige, die Polizei hat die Ermittlungen aufgenommen.<\/b><\/p>\n<p><img decoding=\"async\" width=\"992\" height=\"590\" alt=\"Antwi-Adjei bei einem Einwurf\" src=\"https:\/\/www.europesays.com\/de\/wp-content\/uploads\/2025\/08\/8590515fbb693311df79e071357ecc58,c00d9ae9\"   class=\"dynamic\" loading=\"lazy\"\/><\/p>\n<p class=\"fig__caption__text\">Antwi-Adjei bei einem Einwurf<\/p>\n<p>Foto: Ralf Ibing \/firo Sportphoto<\/p>\n<p>Lok Leipzig selbst erkl\u00e4rte: \u201eSelbstverst\u00e4ndlich entschuldigen wir uns im Namen des gesamten 1. FC Lok Leipzig in aller Form bei Christopher Antwi-Adjei und dem FC Schalke 04! Rassismus in jedweder Form hat in keinem Stadion der Welt und \u00fcberhaupt nirgendwo etwas zu suchen. Rassismus ist keine Meinung, sondern ausgelebte Unmenschlichkeit und mit den Werten des 1. FC Lok nicht vereinbar, denn wir haben \u201akeen Bock auf Rassismus!\u2018\u201c<\/p>\n<p>Auch bei der Pokalpartie zwischen Stahnsdorf und Kaiserslautern hatte es einen rassistischen Vorfall gegeben. Ein Lautern-Spieler wurde beim Aufw\u00e4rmen beleidigt. Dort konnte der T\u00e4ter bereits kurz nach Spielende ermittelt werden.<\/p>\n","protected":false},"excerpt":{"rendered":"Klartext von Schalke-Trainer Miron Muslic (42) nach dem Rassismus-Skandal im DFB-Pokal um Christopher Antwi-Adjei. Der Schalke-Profi war in&hellip;\n","protected":false},"author":2,"featured_media":353708,"comment_status":"","ping_status":"","sticky":false,"template":"","format":"standard","meta":{"footnotes":""},"categories":[5],"tags":[4249,1263,1264,538,18391,347,13,14,15,12,1576,45,10,8,9,11],"class_list":{"0":"post-353707","1":"post","2":"type-post","3":"status-publish","4":"format-standard","5":"has-post-thumbnail","7":"category-nachrichten","8":"tag-rassismus","9":"tag-aufmacher-bereich","10":"tag-dfb-pokal","11":"tag-erste-bundesliga","12":"tag-fc-schalke","13":"tag-fussball","14":"tag-headlines","15":"tag-nachrichten","16":"tag-news","17":"tag-schlagzeilen","18":"tag-super-a-teaser","19":"tag-texttospeech","20":"tag-top-news","21":"tag-top-meldungen","22":"tag-topmeldungen","23":"tag-topnews"},"share_on_mastodon":{"url":"https:\/\/pubeurope.com\/@de\/115048800966688311","error":""},"_links":{"self":[{"href":"https:\/\/www.europesays.com\/de\/wp-json\/wp\/v2\/posts\/353707","targetHints":{"allow":["GET"]}}],"collection":[{"href":"https:\/\/www.europesays.com\/de\/wp-json\/wp\/v2\/posts"}],"about":[{"href":"https:\/\/www.europesays.com\/de\/wp-json\/wp\/v2\/types\/post"}],"author":[{"embeddable":true,"href":"https:\/\/www.europesays.com\/de\/wp-json\/wp\/v2\/users\/2"}],"replies":[{"embeddable":true,"href":"https:\/\/www.europesays.com\/de\/wp-json\/wp\/v2\/comments?post=353707"}],"version-history":[{"count":0,"href":"https:\/\/www.europesays.com\/de\/wp-json\/wp\/v2\/posts\/353707\/revisions"}],"wp:featuredmedia":[{"embeddable":true,"href":"https:\/\/www.europesays.com\/de\/wp-json\/wp\/v2\/media\/353708"}],"wp:attachment":[{"href":"https:\/\/www.europesays.com\/de\/wp-json\/wp\/v2\/media?parent=353707"}],"wp:term":[{"taxonomy":"category","embeddable":true,"href":"https:\/\/www.europesays.com\/de\/wp-json\/wp\/v2\/categories?post=353707"},{"taxonomy":"post_tag","embeddable":true,"href":"https:\/\/www.europesays.com\/de\/wp-json\/wp\/v2\/tags?post=353707"}],"curies":[{"name":"wp","href":"https:\/\/api.w.org\/{rel}","templated":true}]}}