{"id":353721,"date":"2025-08-18T08:28:18","date_gmt":"2025-08-18T08:28:18","guid":{"rendered":"https:\/\/www.europesays.com\/de\/353721\/"},"modified":"2025-08-18T08:28:18","modified_gmt":"2025-08-18T08:28:18","slug":"ssb-aktionstag-bogenschiessen-halloherne-de","status":"publish","type":"post","link":"https:\/\/www.europesays.com\/de\/353721\/","title":{"rendered":"SSB-Aktionstag Bogenschie\u00dfen | halloherne.de"},"content":{"rendered":"<p>                <img loading=\"lazy\" decoding=\"async\" class=\"article__image__img\"   src=\"https:\/\/www.europesays.com\/de\/wp-content\/uploads\/2025\/08\/ba8008c69679b51620dbaf2f9596feb5.jpg\" width=\"812\" height=\"507\" alt=\"Der Stadtsportbund Herne (SSB) hatte zum Aktionstag Bogenschie\u00dfen eingeladen.\"\/><\/p>\n<p>                    Foto:<br \/>\n                    SSB Herne                <\/p>\n<p>                    Der Stadtsportbund Herne (SSB) hatte zum Aktionstag Bogenschie\u00dfen eingeladen.                <\/p>\n<p>\n    Herne ein voller Erfolg\n<\/p>\n<p>SSB-Aktionstag Bogenschie\u00dfen<\/p>\n<p class=\"article__paragraph\">Der Stadtsportbund Herne (SSB) hatte am Samstag (16.8.2025) zum Aktionstag &#8218;Bogenschi\u00dfen&#8216; auf die Anlage des BSV Holthausen eingeladen. Rund 40 Interessierte nahmen, bei meist trockenem Wetter, die M\u00f6glichkeit wahr, das Bogenschie\u00dfen kennenzulernen und auszuprobieren.<\/p>\n<p><a class=\"article__banner__link\" href=\"https:\/\/www.halloherne.de\/out\/blink\/1129\" target=\"blank\" rel=\"nofollow noopener\"><br \/>\n    <img loading=\"lazy\" decoding=\"async\" class=\"article__banner__image\" width=\"470\" height=\"210\" src=\"https:\/\/www.europesays.com\/de\/wp-content\/uploads\/2025\/08\/416d27f59e66bb03ae26f994f49482c8.png\" alt=\"Anzeige: SPD 1 - Kommunalwahl 2025\"\/><br \/>\n<\/a><\/p>\n<p>                <img decoding=\"async\" class=\"article__image__img\"   src=\"https:\/\/www.europesays.com\/de\/wp-content\/uploads\/2025\/08\/70c2e2faf1044f94fe80db0451a29de9.jpg\" width=\"812\" height=\"507\" alt=\"Wartezeiten wurden mit Essen und Getr\u00e4nken \u00fcberbr\u00fcckt.\" loading=\"lazy\"\/><\/p>\n<p>                    Foto:<br \/>\n                    SSB Herne                <\/p>\n<p>                    Wartezeiten wurden mit Essen und Getr\u00e4nken \u00fcberbr\u00fcckt.                <\/p>\n<p class=\"article__paragraph\">Auf der Anlage trafen mit der Hilfe des Trainerteams die meisten Pfeile auch schon nach kurzer Zeit die Zielscheiben, so dass die Teilnehmer auch die unterschiedlichen Distanzen bei den Zielscheiben ausprobierten.<\/p>\n<p class=\"article__paragraph\">Selbst der Regen, der zwischendurch kam, schreckte die Teilnehmer nicht abn und auch die anf\u00e4ngliche Warteschlange war f\u00fcr die interessierten B\u00fcrger kein Grund zur schlechten Laune.<\/p>\n<p><a class=\"article__banner__link\" href=\"https:\/\/www.halloherne.de\/out\/blink\/1128\" target=\"blank\" rel=\"nofollow noopener\"><br \/>\n    <img loading=\"lazy\" decoding=\"async\" class=\"article__banner__image\" width=\"470\" height=\"210\" src=\"https:\/\/www.europesays.com\/de\/wp-content\/uploads\/2025\/08\/2c3934ac223c2606e258ec99c54f577a.png\" alt=\"Anzeige: CDU - Kommunalwahl 2025\"\/><br \/>\n<\/a><\/p>\n<p class=\"article__paragraph\">Am Ende des Tages hatten \u00fcber 40 Teilnehmer das Erfolgserlebnis, dass ihre Pfeile die Zielscheiben trafen.<\/p>\n<p>\n    Montag, 18. August 2025<br \/>\n         | Quelle: SSB\/Elke Edlinger<\/p>\n","protected":false},"excerpt":{"rendered":"Foto: SSB Herne Der Stadtsportbund Herne (SSB) hatte zum Aktionstag Bogenschie\u00dfen eingeladen. Herne ein voller Erfolg SSB-Aktionstag Bogenschie\u00dfen&hellip;\n","protected":false},"author":2,"featured_media":353722,"comment_status":"","ping_status":"","sticky":false,"template":"","format":"standard","meta":{"footnotes":""},"categories":[1848],"tags":[3364,29,548,663,3934,3658,30,13,14,15,1209,12],"class_list":{"0":"post-353721","1":"post","2":"type-post","3":"status-publish","4":"format-standard","5":"has-post-thumbnail","7":"category-gelsenkirchen","8":"tag-de","9":"tag-deutschland","10":"tag-eu","11":"tag-europa","12":"tag-europe","13":"tag-gelsenkirchen","14":"tag-germany","15":"tag-headlines","16":"tag-nachrichten","17":"tag-news","18":"tag-nordrhein-westfalen","19":"tag-schlagzeilen"},"share_on_mastodon":{"url":"https:\/\/pubeurope.com\/@de\/115048828941883660","error":""},"_links":{"self":[{"href":"https:\/\/www.europesays.com\/de\/wp-json\/wp\/v2\/posts\/353721","targetHints":{"allow":["GET"]}}],"collection":[{"href":"https:\/\/www.europesays.com\/de\/wp-json\/wp\/v2\/posts"}],"about":[{"href":"https:\/\/www.europesays.com\/de\/wp-json\/wp\/v2\/types\/post"}],"author":[{"embeddable":true,"href":"https:\/\/www.europesays.com\/de\/wp-json\/wp\/v2\/users\/2"}],"replies":[{"embeddable":true,"href":"https:\/\/www.europesays.com\/de\/wp-json\/wp\/v2\/comments?post=353721"}],"version-history":[{"count":0,"href":"https:\/\/www.europesays.com\/de\/wp-json\/wp\/v2\/posts\/353721\/revisions"}],"wp:featuredmedia":[{"embeddable":true,"href":"https:\/\/www.europesays.com\/de\/wp-json\/wp\/v2\/media\/353722"}],"wp:attachment":[{"href":"https:\/\/www.europesays.com\/de\/wp-json\/wp\/v2\/media?parent=353721"}],"wp:term":[{"taxonomy":"category","embeddable":true,"href":"https:\/\/www.europesays.com\/de\/wp-json\/wp\/v2\/categories?post=353721"},{"taxonomy":"post_tag","embeddable":true,"href":"https:\/\/www.europesays.com\/de\/wp-json\/wp\/v2\/tags?post=353721"}],"curies":[{"name":"wp","href":"https:\/\/api.w.org\/{rel}","templated":true}]}}