{"id":354001,"date":"2025-08-18T10:57:15","date_gmt":"2025-08-18T10:57:15","guid":{"rendered":"https:\/\/www.europesays.com\/de\/354001\/"},"modified":"2025-08-18T10:57:15","modified_gmt":"2025-08-18T10:57:15","slug":"japanische-forscher-konservierte-stammzellen-von-maeusen-aus-dem-weltall-koennen-gesunde-nachkommen-hervorbringen","status":"publish","type":"post","link":"https:\/\/www.europesays.com\/de\/354001\/","title":{"rendered":"Japanische Forscher: Konservierte Stammzellen von M\u00e4usen aus dem Weltall k\u00f6nnen gesunde Nachkommen hervorbringen"},"content":{"rendered":"<p>                    <img decoding=\"async\" loading=\"lazy\" class=\"internal-image\" title=\"Die Internationale Raumstation (ISS) im Oktober 2018 \u00fcber der Erde.\" alt=\"Die Internationale Raumstation (ISS) im Oktober 2018 \u00fcber der Erde.\" src=\"https:\/\/www.europesays.com\/de\/wp-content\/uploads\/2025\/07\/iss-internationale-raumstation-100-1920x1080.jpg\" \/><\/p>\n<p>                  Die Internationale Raumstation (ISS) (picture alliance \/ dpa)<\/p>\n<p>Sechs Monate lagen die Zellen auf der ISS im Gefrierfach. Die Forschenden haben diesen Aufwand betrieben, um zu \u00fcberpr\u00fcfen, ob man im Weltall eine Art Samenbank aufbauen k\u00f6nnte. Tats\u00e4chlich haben die Spermienvorl\u00e4ufer-Zellen den Aufenthalt im Weltall \u00fcberlebt. Zur\u00fcck auf der Erde wurden die Zellen aufgetaut und anschlie\u00dfend in die Hoden von anderen M\u00e4usen eingepflanzt.<\/p>\n<p>Vier Monate sp\u00e4ter seien gesunde Nachkommen geboren worden, die keine genetischen Auff\u00e4lligkeiten aufwiesen, erkl\u00e4rten die Forschenden. Sie hatten eigentlich damit gerechnet, dass der Aufenthalt im Weltall die Zeugungsf\u00e4higkeit der Zellen stark einschr\u00e4nkt &#8211; etwa wegen der kosmischen Strahlung. Es sollen nun weitere Untersuchungen folgen.<\/p>\n<p>Diese Nachricht wurde am 18.08.2025 im Programm Deutschlandfunk gesendet.<\/p>\n","protected":false},"excerpt":{"rendered":"Die Internationale Raumstation (ISS) (picture alliance \/ dpa) Sechs Monate lagen die Zellen auf der ISS im Gefrierfach.&hellip;\n","protected":false},"author":2,"featured_media":308962,"comment_status":"","ping_status":"","sticky":false,"template":"","format":"standard","meta":{"footnotes":""},"categories":[135],"tags":[29,30,190,189,194,191,193,192],"class_list":{"0":"post-354001","1":"post","2":"type-post","3":"status-publish","4":"format-standard","5":"has-post-thumbnail","7":"category-wissenschaft-technik","8":"tag-deutschland","9":"tag-germany","10":"tag-science","11":"tag-science-technology","12":"tag-technik","13":"tag-technology","14":"tag-wissenschaft","15":"tag-wissenschaft-technik"},"share_on_mastodon":{"url":"https:\/\/pubeurope.com\/@de\/115049414341152933","error":""},"_links":{"self":[{"href":"https:\/\/www.europesays.com\/de\/wp-json\/wp\/v2\/posts\/354001","targetHints":{"allow":["GET"]}}],"collection":[{"href":"https:\/\/www.europesays.com\/de\/wp-json\/wp\/v2\/posts"}],"about":[{"href":"https:\/\/www.europesays.com\/de\/wp-json\/wp\/v2\/types\/post"}],"author":[{"embeddable":true,"href":"https:\/\/www.europesays.com\/de\/wp-json\/wp\/v2\/users\/2"}],"replies":[{"embeddable":true,"href":"https:\/\/www.europesays.com\/de\/wp-json\/wp\/v2\/comments?post=354001"}],"version-history":[{"count":0,"href":"https:\/\/www.europesays.com\/de\/wp-json\/wp\/v2\/posts\/354001\/revisions"}],"wp:featuredmedia":[{"embeddable":true,"href":"https:\/\/www.europesays.com\/de\/wp-json\/wp\/v2\/media\/308962"}],"wp:attachment":[{"href":"https:\/\/www.europesays.com\/de\/wp-json\/wp\/v2\/media?parent=354001"}],"wp:term":[{"taxonomy":"category","embeddable":true,"href":"https:\/\/www.europesays.com\/de\/wp-json\/wp\/v2\/categories?post=354001"},{"taxonomy":"post_tag","embeddable":true,"href":"https:\/\/www.europesays.com\/de\/wp-json\/wp\/v2\/tags?post=354001"}],"curies":[{"name":"wp","href":"https:\/\/api.w.org\/{rel}","templated":true}]}}