{"id":354008,"date":"2025-08-18T11:01:15","date_gmt":"2025-08-18T11:01:15","guid":{"rendered":"https:\/\/www.europesays.com\/de\/354008\/"},"modified":"2025-08-18T11:01:15","modified_gmt":"2025-08-18T11:01:15","slug":"praesidentenwahl-in-bolivien-sozialisten-werden-abgestraft","status":"publish","type":"post","link":"https:\/\/www.europesays.com\/de\/354008\/","title":{"rendered":"Pr\u00e4sidentenwahl in Bolivien &#8211; Sozialisten werden abgestraft"},"content":{"rendered":"<p class=\"metatextline\">Stand: 18.08.2025 09:25 Uhr<\/p>\n<p class=\"textabsatz columns twelve  m-ten  m-offset-one l-eight l-offset-two\">\n        <strong>Die \u00c4ra der Sozialisten in Bolivien ist zu Ende: Bei der Pr\u00e4sidentschaftswahl in Bolivien ziehen zwei rechtsgerichtete Kandidaten in die Stichwahl. Die langzeitregierenden Sozialisten wurden abgestraft.<\/strong>\n    <\/p>\n<p>                                        <a class=\"authorline__link\" href=\"https:\/\/www.tagesschau.de\/korrespondenten\/anne-herrberg-109.html\" target=\"_blank\" rel=\"noopener\"><br \/>\n                                            <img decoding=\"async\" class=\"authorline__img\" alt=\"Anne Herrberg\" src=\"https:\/\/www.europesays.com\/de\/wp-content\/uploads\/2025\/08\/1755514875_12_anne-herrberg-110.jpg\"\/><br \/>\n                                        <\/a><\/p>\n<p class=\"textabsatz m-ten m-offset-one l-eight l-offset-two columns twelve\">\nMit der bolivianischen Nationalhymne und umringt von Anh\u00e4ngern l\u00e4sst sich Rodrigo Paz feiern. Mit ihm hatten die Umfragen nicht gerechnet, dem Senator, Mitte-Rechts-Kandidat und Sohn eines Ex-Pr\u00e4sidenten. Nun kam er \u00fcberraschend auf rund 32 Prozent, und erhielt damit die meisten Stimmen bei der Wahl um Boliviens Pr\u00e4sidentenamt.<\/p>\n<p>&#8222;Bolivien, Bolivien, Bolivien f\u00fcr immer&#8220;, ruft Paz nach der Wahl. Er danke allen, die es erm\u00f6glicht haben, denen, die keine Stimme hatten, die nicht in den Umfragen auftauchten, die nicht existierten, eine Stimme zu geben. Es habe sich gezeigt, dass es ein Bolivien gibt, das nicht ber\u00fccksichtigt werde. Hier sei es. Nicht, um zu beleidigen, zu kr\u00e4nken, sondern, um ein Projekt f\u00fcr alle Bolivianer zu sein. Er und seine Partei wollten Vers\u00f6hnung und Produktion f\u00fcr das Vaterland.<\/p>\n<p class=\"textabsatz m-ten m-offset-one l-eight l-offset-two columns twelve\">\nSein Motto: Kampf der Korruption und Kapitalismus f\u00fcr alle, nicht nur f\u00fcr wenige. Damit konnte er nicht nur in der Mitte punkten, er holte auch im l\u00e4ndlichen Bolivien Stimmen &#8211; in der einstigen W\u00e4hlerbasis der Sozialisten.<\/p>\n<p>    Regierende Sozialisten abgestraft<\/p>\n<p class=\"textabsatz m-ten m-offset-one l-eight l-offset-two columns twelve\">\nDie linksgerichtete MAS-Partei des amtierenden Pr\u00e4sidenten Luis Arce und seines Vorg\u00e4ngers, Ex-Pr\u00e4sident Evo Morales erlebte eine historische Niederlage &#8211; und das nach 20 Jahren an der Macht. Heute ist die MAS tief zerstritten, Morales rief dazu auf, ung\u00fcltig zu w\u00e4hlen.<\/p>\n<p class=\"textabsatz m-ten m-offset-one l-eight l-offset-two columns twelve\">\nW\u00e4hrenddessen geriet Bolivien immer tiefer in eine Wirtschaftskrise. Nun kamen die Sozialisten auf wenig mehr als 3 Prozent und schlittern damit sogar hauchd\u00fcnn an der Aufl\u00f6sung ihrer Partei vorbei. Es ist eine Zeitenwende.<\/p>\n<p class=\"textabsatz m-ten m-offset-one l-eight l-offset-two columns twelve\">\nF\u00fcr die Anh\u00e4nger von Rodrigo Paz ist das keine \u00dcberraschung: &#8222;Wir haben es auf der Stra\u00dfe gesp\u00fcrt, wir haben an T\u00fcren geklopft, wir haben Messen besucht, wir waren in den sozialen Medien pr\u00e4sent. Die Menschen sch\u00e4tzen sein Programm. Danke, Bolivien.&#8220;<\/p>\n<p>    Paz und Ex-Pr\u00e4sident Quiroga in Stichwahl<\/p>\n<p class=\"textabsatz m-ten m-offset-one l-eight l-offset-two columns twelve\">\nDoch f\u00fcr einen Sieg im ersten Wahlgang reichte es nicht. Im Oktober wird Rodrigo Paz in einer Stichwahl gegen den Zweitplatzierten antreten, den rechtsgerichtete Ex-Pr\u00e4sidenten Jorge Tuto Quiroga, der auf 27 Prozent kam<\/p>\n<p class=\"absatzbild__info__text\">\n                        Der rechtsgerichtete Pr\u00e4sidentenkandidat und Ex-Pr\u00e4sident Jorge &#8222;Tuto&#8220; Quiroga von der Freien Allianz nach der Wahl.&#13;<\/p>\n<p class=\"textabsatz m-ten m-offset-one l-eight l-offset-two columns twelve\">\nQuiroga hatte im Vorfeld f\u00fcr eine radikale Rosskur der hochverschuldeten Krisenwirtschaft geworben, mit Kettens\u00e4ge und Machete, erkl\u00e4rte er einst in Anspielung auf den libert\u00e4ren Pr\u00e4sidenten Javier Milei aus dem Nachbarland Argentinien. Am Wahlabend schlug er vers\u00f6hnlichere T\u00f6ne an.<\/p>\n<p class=\"textabsatz m-ten m-offset-one l-eight l-offset-two columns twelve\">\n&#8222;Wir brauchen Einheit, um die gigantische Wirtschaftskrise zu besiegen, die das bolivianische Volk in Verzweiflung versetzt.&#8220; Er will die Wirtschaft stabilisieren, Vertrauen wiederherstellen und die Inflation eind\u00e4mmen, die die Menschen mit leeren H\u00e4nden zur\u00fccklasse. Bolivien stehe vor der Herausforderung, sich von einem Land mit staatlichem Zentralismus zu einem Land der Freiheit zu entwickeln.<\/p>\n<p>    Bolivien steht vor gro\u00dfen Herausforderungen<\/p>\n<p class=\"textabsatz m-ten m-offset-one l-eight l-offset-two columns twelve\">\nDie Herausforderungen sind enorm. In Bolivien fehlt es an Treibstoff, der teuer aus dem Ausland importiert werden muss. Die Staatskasse ist leer, dazu stiegen die Preise. Die Menschen erwarten schnelle L\u00f6sungen, doch allein bis zur Stichwahl sind es noch zwei Monate, in denen die abgew\u00e4hlte Regierung im Amt bleibt.<\/p>\n<p class=\"textabsatz m-ten m-offset-one l-eight l-offset-two columns twelve\">\nDazu kommt ein Ex-Pr\u00e4sident Evo Morales, der im Vorfeld der Wahlen damit drohte, seine Anh\u00e4nger zu mobilisieren, sollten rechtsgerichtete Kandidaten bei den Wahlen gewinnen. Bolivien steht vor einem schwierigen \u00dcbergang.<\/p>\n","protected":false},"excerpt":{"rendered":"Stand: 18.08.2025 09:25 Uhr Die \u00c4ra der Sozialisten in Bolivien ist zu Ende: Bei der Pr\u00e4sidentschaftswahl in Bolivien&hellip;\n","protected":false},"author":2,"featured_media":354009,"comment_status":"","ping_status":"","sticky":false,"template":"","format":"standard","meta":{"footnotes":""},"categories":[5],"tags":[97965,60005,13,14,15,3350,12,97964,10,8,9,11],"class_list":{"0":"post-354008","1":"post","2":"type-post","3":"status-publish","4":"format-standard","5":"has-post-thumbnail","7":"category-nachrichten","8":"tag-abgewaehlt","9":"tag-bolivien","10":"tag-headlines","11":"tag-nachrichten","12":"tag-news","13":"tag-praesidentenwahl","14":"tag-schlagzeilen","15":"tag-sozialisten","16":"tag-top-news","17":"tag-top-meldungen","18":"tag-topmeldungen","19":"tag-topnews"},"share_on_mastodon":{"url":"https:\/\/pubeurope.com\/@de\/115049430065876752","error":""},"_links":{"self":[{"href":"https:\/\/www.europesays.com\/de\/wp-json\/wp\/v2\/posts\/354008","targetHints":{"allow":["GET"]}}],"collection":[{"href":"https:\/\/www.europesays.com\/de\/wp-json\/wp\/v2\/posts"}],"about":[{"href":"https:\/\/www.europesays.com\/de\/wp-json\/wp\/v2\/types\/post"}],"author":[{"embeddable":true,"href":"https:\/\/www.europesays.com\/de\/wp-json\/wp\/v2\/users\/2"}],"replies":[{"embeddable":true,"href":"https:\/\/www.europesays.com\/de\/wp-json\/wp\/v2\/comments?post=354008"}],"version-history":[{"count":0,"href":"https:\/\/www.europesays.com\/de\/wp-json\/wp\/v2\/posts\/354008\/revisions"}],"wp:featuredmedia":[{"embeddable":true,"href":"https:\/\/www.europesays.com\/de\/wp-json\/wp\/v2\/media\/354009"}],"wp:attachment":[{"href":"https:\/\/www.europesays.com\/de\/wp-json\/wp\/v2\/media?parent=354008"}],"wp:term":[{"taxonomy":"category","embeddable":true,"href":"https:\/\/www.europesays.com\/de\/wp-json\/wp\/v2\/categories?post=354008"},{"taxonomy":"post_tag","embeddable":true,"href":"https:\/\/www.europesays.com\/de\/wp-json\/wp\/v2\/tags?post=354008"}],"curies":[{"name":"wp","href":"https:\/\/api.w.org\/{rel}","templated":true}]}}