{"id":354123,"date":"2025-08-18T12:05:11","date_gmt":"2025-08-18T12:05:11","guid":{"rendered":"https:\/\/www.europesays.com\/de\/354123\/"},"modified":"2025-08-18T12:05:11","modified_gmt":"2025-08-18T12:05:11","slug":"neue-und-schnellere-bahnverbindungen-zum-flughafen-berlin-brandenburg-news-augsburg-allgaeu-und-ulm","status":"publish","type":"post","link":"https:\/\/www.europesays.com\/de\/354123\/","title":{"rendered":"Neue und schnellere Bahnverbindungen zum Flughafen Berlin-Brandenburg &#8211; News Augsburg, Allg\u00e4u und Ulm"},"content":{"rendered":"<p>\t\t\t\t\t<a href=\"https:\/\/www.trendyone.de\/cache\/com_image_news\/59005\/_ab85a7772f0dec3b1884aeb75ce922a6\/ff22c1d2a286666ee87884157eea49c01612d4de.jpg\" rel=\"nofollow noopener\" target=\"_blank\"><img loading=\"lazy\" decoding=\"async\" src=\"https:\/\/www.europesays.com\/de\/wp-content\/uploads\/2025\/08\/ff22c1d2a286666ee87884157eea49c01612d4de.jpg\" alt=\"ff22c1d2a286666ee87884157eea49c01612d4de\" width=\"470\" height=\"235\"\/><\/a><\/p>\n<p>Z\u00fcge der Berliner S-BahnBild: AFP \/ JOHN MACDOUGALL<\/p>\n<p>Mit dem Fahrplanwechsel der Deutschen Bahn im Dezember verbessert sich die Anbindung des Hauptstadtflughafens Berlin-Brandenburg (BER). Wie der Verkehrsverbund Berlin-Brandenburg (VBB) am Montag mitteilte, verkehrt der Flughafenexpress FEX vom Berliner Hauptbahnhof dann doppelt so h\u00e4ufig und auf einer schnelleren Route. Zudem kommen neue Direktverbindungen im Regionalverkehr aus brandenburgischen St\u00e4dten wie L\u00fcbbenau, Eberswalde und Oranienburg hinzu.<\/p>\n<p>Bislang gibt es auf der schnellsten Strecke zwischen Hauptbahnhof und Flughafen nicht gen\u00fcgend Kapazit\u00e4ten f\u00fcr den FEX. Dieser verkehrt daher tags\u00fcber halbst\u00fcndig und nimmt einen Umweg \u00fcber den n\u00f6rdlichen S-Bahn-Ring mit Halt in Gesundbrunnen und Ostkreuz. Daf\u00fcr ben\u00f6tigt er planm\u00e4\u00dfig 39 Minuten.<\/p>\n<p>Ab dem 14. Dezember reduziert sich die Fahrzeit vom Hauptbahnhof zum BER auf 23 Minuten, mit Halt an den Bahnh\u00f6fen Potsdamer Platz und S\u00fcdkreuz. Die Taktung wird zudem zwischen 4.00 Uhr morgens bis 0.30 Uhr auf vier Verbindungen pro Stunde verdoppelt.<\/p>\n<p>Aus Brandenburg ist der BER laut VBB k\u00fcnftig mit neuen Direktverbindungen aus dem s\u00fcdlich der Hauptstadt gelegenen Spreewald (L\u00fcbben, L\u00fcbbenau), aus Norden von Oranienburg aus und aus nord\u00f6stlicher Richtung von Eberswalde aus zu erreichen. Zudem wird die S-Bahn-Linie 85 bis zum BER verl\u00e4ngert, wodurch eine weitere neue Direktverbindung f\u00fcr das nord-nord\u00f6stliche Berlin entsteht.<\/p>\n<p class=\"copyright-line\">\u00a9 2025 AFP<\/p>\n","protected":false},"excerpt":{"rendered":"Z\u00fcge der Berliner S-BahnBild: AFP \/ JOHN MACDOUGALL Mit dem Fahrplanwechsel der Deutschen Bahn im Dezember verbessert sich&hellip;\n","protected":false},"author":2,"featured_media":354124,"comment_status":"","ping_status":"","sticky":false,"template":"","format":"standard","meta":{"footnotes":""},"categories":[1825],"tags":[1941,1939,296,1937,29,30,1940,1938],"class_list":{"0":"post-354123","1":"post","2":"type-post","3":"status-publish","4":"format-standard","5":"has-post-thumbnail","7":"category-berlin","8":"tag-aktuelle-nachrichten-aus-berlin","9":"tag-aktuelle-news-aus-berlin","10":"tag-berlin","11":"tag-berlin-news","12":"tag-deutschland","13":"tag-germany","14":"tag-nachrichten-aus-berlin","15":"tag-news-aus-berlin"},"share_on_mastodon":{"url":"https:\/\/pubeurope.com\/@de\/115049681682705875","error":""},"_links":{"self":[{"href":"https:\/\/www.europesays.com\/de\/wp-json\/wp\/v2\/posts\/354123","targetHints":{"allow":["GET"]}}],"collection":[{"href":"https:\/\/www.europesays.com\/de\/wp-json\/wp\/v2\/posts"}],"about":[{"href":"https:\/\/www.europesays.com\/de\/wp-json\/wp\/v2\/types\/post"}],"author":[{"embeddable":true,"href":"https:\/\/www.europesays.com\/de\/wp-json\/wp\/v2\/users\/2"}],"replies":[{"embeddable":true,"href":"https:\/\/www.europesays.com\/de\/wp-json\/wp\/v2\/comments?post=354123"}],"version-history":[{"count":0,"href":"https:\/\/www.europesays.com\/de\/wp-json\/wp\/v2\/posts\/354123\/revisions"}],"wp:featuredmedia":[{"embeddable":true,"href":"https:\/\/www.europesays.com\/de\/wp-json\/wp\/v2\/media\/354124"}],"wp:attachment":[{"href":"https:\/\/www.europesays.com\/de\/wp-json\/wp\/v2\/media?parent=354123"}],"wp:term":[{"taxonomy":"category","embeddable":true,"href":"https:\/\/www.europesays.com\/de\/wp-json\/wp\/v2\/categories?post=354123"},{"taxonomy":"post_tag","embeddable":true,"href":"https:\/\/www.europesays.com\/de\/wp-json\/wp\/v2\/tags?post=354123"}],"curies":[{"name":"wp","href":"https:\/\/api.w.org\/{rel}","templated":true}]}}