{"id":354184,"date":"2025-08-18T12:39:17","date_gmt":"2025-08-18T12:39:17","guid":{"rendered":"https:\/\/www.europesays.com\/de\/354184\/"},"modified":"2025-08-18T12:39:17","modified_gmt":"2025-08-18T12:39:17","slug":"pol-bi-fahrerin-fluechtet-unter-drogeneinfluss","status":"publish","type":"post","link":"https:\/\/www.europesays.com\/de\/354184\/","title":{"rendered":"POL-BI: Fahrerin fl\u00fcchtet unter Drogeneinfluss"},"content":{"rendered":"<p class=\"date\">18.08.2025 \u2013 14:11<\/p>\n<p class=\"customer\">\n                        <a class=\"story-customer\" title=\"weiter zum newsroom von Polizei Bielefeld\" href=\"https:\/\/www.presseportal.de\/blaulicht\/nr\/12522\" rel=\"nofollow noopener\" target=\"_blank\">Polizei Bielefeld<\/a>\n                    <\/p>\n<p><a data-category=\"citylink-story-view\" data-action=\"click\" data-label=\"Citylink in Meldungsansicht\" class=\"story-city event-trigger\" href=\"https:\/\/www.presseportal.de\/regional\/Bielefeld\" title=\"News aus Bielefeld \" rel=\"nofollow noopener\" target=\"_blank\">Bielefeld<\/a> (ots)<\/p>\n<p>FR \/ Bielefeld \/ H\u00f6velhof \/ Klausheide &#8211; Eine 26-j\u00e4hrige Audi-Fahrerin fl\u00fcchtete in der Nacht auf Samstag, 16.08.2025, vor der Polizei auf der A33. Die betrunkene Frau kollidierte mit einer Schutzplanke und setzte ihre Flucht fort. Sie wurde schlie\u00dflich gestoppt und kontrolliert.<\/p>\n<p>Gegen 02:30 Uhr bemerkten Autobahnpolizisten der Wache Stukenbrock einen auff\u00e4lligen Audi A3 auf der A33 in Fahrtrichtung Osnabr\u00fcck, im Bereich zwischen Sennelager und Stukenbrock-Senne. Das Auto fuhr leichte Schlangenlinien, bremste ohne triftigen Grund und n\u00f6tigte ein Wohnmobil, von der linken auf die rechte Spur zu wechseln. Als die Beamten das Anhaltezeichen &#8222;Bitte folgen&#8220; einschalteten, ignorierte die Audi-Fahrerin dies und \u00fcberholte den Streifenwagen mit hoher Geschwindigkeit.<\/p>\n<p>Die 26-j\u00e4hrige Fahrerin fuhr schlie\u00dflich auf der linken Spur und zog unvermittelt nach rechts, um in der letzten Sekunde an der Anschlussstelle Stukenbrock-Senne abzufahren. Dabei kollidierte sie mit der Schutzplanke und beschleunigte anschlie\u00dfend auf der Paderborner Stra\u00dfe auf etwa 200 km\/h und geriet zeitweise au\u00dfer Sichtweite. Am Mittweg in Schlo\u00df Holte-Stukenbrock wurde das Fahrzeug schlie\u00dflich angetroffen und die Fahrerin und ihr Beifahrer kontrolliert.<\/p>\n<p>Da der Verdacht bestand, dass die 26-J\u00e4hrige aus Bad Salzuflen alkoholisiert war, wurde ihr durch einen Arzt auf der Autobahnpolizeiwache Stukenbrock eine Blutprobe entnommen.<\/p>\n<p>Der 26-J\u00e4hrigen wurde bis auf Weiteres das F\u00fchren von fahrerlaubnispflichtigen Fahrzeugen untersagt. Sie muss sich nun f\u00fcr die Unfallflucht, f\u00fcr ein verbotenes Kraftfahrzeugrennen, die Alkoholfahrt und die N\u00f6tigung im Stra\u00dfenverkehr verantworten. Der Gesamtschaden wurde auf rund 6600 Euro gesch\u00e4tzt. Das Auto wurde sichergestellt.<\/p>\n<p class=\"contact-headline\">R\u00fcckfragen von Journalisten bitte an:<\/p>\n<p class=\"contact-text\">Polizeipr\u00e4sidium Bielefeld<br \/>Leitungsstab\/ Presse- und \u00d6ffentlichkeitsarbeit<br \/>Kurt-Schumacher-Stra\u00dfe 46<br \/>33615 Bielefeld<\/p>\n<p>Sonja Rehmert (SR), Tel. 0521\/545-3020<br \/>Katja K\u00fcster (KK), Tel. 0521\/545-3195<br \/>Sarah Siedschlag (SI), Tel. 0521\/545-3021<br \/>Michael K\u00f6tter (MK), Tel. 0521\/545-3022<br \/>Hella Christoph (HC), Tel. 0521\/545-3023<br \/>Fabian Rickel (FR), Tel. 0521\/545-3024<br \/>Caroline Steffen (CS), Tel. 0521\/545-3026<br \/>Lukas Reker (LR), Tel. 0521\/545-3222<br \/>Jan Grote (JG), Tel. 0521\/545-3235<\/p>\n<p>E-Mail: <a href=\"https:\/\/www.presseportal.de\/blaulicht\/pm\/12522\/mailto: pressestelle.bielefeld@polizei.nrw.de\" class=\"uri-mailto\" rel=\"nofollow noopener\" target=\"_blank\"> pressestelle.bielefeld@polizei.nrw.de<\/a><br \/><a target=\"_blank\" class=\"uri-ext outbound\" rel=\"noopener nofollow\" href=\"https:\/\/bielefeld.polizei.nrw\/\">https:\/\/bielefeld.polizei.nrw\/<\/a><\/p>\n<p>Au\u00dferhalb der B\u00fcrodienstzeit: Leitstelle, Tel. 0521\/545-0<\/p>\n<p class=\"originator\">Original-Content von: Polizei Bielefeld, \u00fcbermittelt durch news aktuell<\/p>\n","protected":false},"excerpt":{"rendered":"18.08.2025 \u2013 14:11 Polizei Bielefeld Bielefeld (ots) FR \/ Bielefeld \/ H\u00f6velhof \/ Klausheide &#8211; Eine 26-j\u00e4hrige Audi-Fahrerin&hellip;\n","protected":false},"author":2,"featured_media":320445,"comment_status":"","ping_status":"","sticky":false,"template":"","format":"standard","meta":{"footnotes":""},"categories":[1841],"tags":[1605,3364,29,30,177,1209,176,121,178,180,179,181],"class_list":{"0":"post-354184","1":"post","2":"type-post","3":"status-publish","4":"format-standard","5":"has-post-thumbnail","7":"category-bielefeld","8":"tag-bielefeld","9":"tag-de","10":"tag-deutschland","11":"tag-germany","12":"tag-kriminalitt","13":"tag-nordrhein-westfalen","14":"tag-nrw","15":"tag-polizei","16":"tag-presse","17":"tag-pressemeldung","18":"tag-pressemitteilung","19":"tag-pressemitteilungen"},"share_on_mastodon":{"url":"https:\/\/pubeurope.com\/@de\/115049815643135470","error":""},"_links":{"self":[{"href":"https:\/\/www.europesays.com\/de\/wp-json\/wp\/v2\/posts\/354184","targetHints":{"allow":["GET"]}}],"collection":[{"href":"https:\/\/www.europesays.com\/de\/wp-json\/wp\/v2\/posts"}],"about":[{"href":"https:\/\/www.europesays.com\/de\/wp-json\/wp\/v2\/types\/post"}],"author":[{"embeddable":true,"href":"https:\/\/www.europesays.com\/de\/wp-json\/wp\/v2\/users\/2"}],"replies":[{"embeddable":true,"href":"https:\/\/www.europesays.com\/de\/wp-json\/wp\/v2\/comments?post=354184"}],"version-history":[{"count":0,"href":"https:\/\/www.europesays.com\/de\/wp-json\/wp\/v2\/posts\/354184\/revisions"}],"wp:featuredmedia":[{"embeddable":true,"href":"https:\/\/www.europesays.com\/de\/wp-json\/wp\/v2\/media\/320445"}],"wp:attachment":[{"href":"https:\/\/www.europesays.com\/de\/wp-json\/wp\/v2\/media?parent=354184"}],"wp:term":[{"taxonomy":"category","embeddable":true,"href":"https:\/\/www.europesays.com\/de\/wp-json\/wp\/v2\/categories?post=354184"},{"taxonomy":"post_tag","embeddable":true,"href":"https:\/\/www.europesays.com\/de\/wp-json\/wp\/v2\/tags?post=354184"}],"curies":[{"name":"wp","href":"https:\/\/api.w.org\/{rel}","templated":true}]}}