{"id":354186,"date":"2025-08-18T12:42:17","date_gmt":"2025-08-18T12:42:17","guid":{"rendered":"https:\/\/www.europesays.com\/de\/354186\/"},"modified":"2025-08-18T12:42:17","modified_gmt":"2025-08-18T12:42:17","slug":"wuppertal-unternehmer-soll-illegal-giftmuell-abgekippt-haben-wirtschaft","status":"publish","type":"post","link":"https:\/\/www.europesays.com\/de\/354186\/","title":{"rendered":"Wuppertal &#8211; Unternehmer soll illegal Giftm\u00fcll abgekippt haben &#8211; Wirtschaft"},"content":{"rendered":"<p data-manual=\"teaserText\" data-schema-org-speakable=\"true\">Als Bauunternehmer soll er im Bergischen Land illegal Giftm\u00fcll verklappt haben. Nun steht der 71-J\u00e4hrige vor Gericht &#8211; nicht zum ersten Mal.<\/p>\n<p data-manual=\"paragraph\" data-schema-org-speakable=\"true\" class=\"css-xboolz\">Wuppertal (dpa\/lnw) &#8211; Ein ehemaliger Bauunternehmer aus Solingen steht wegen des Verdachts der illegalen Giftm\u00fcllentsorgung in Wuppertal vor Gericht. Die Staatsanwaltschaft wirft dem Mann eine Reihe von Umweltstraftaten vor. Er soll illegal Deponien angelegt und dort krebserregenden Giftm\u00fcll verklappt haben lassen.\u00a0<\/p>\n<p data-manual=\"paragraph\" data-schema-org-speakable=\"true\" class=\"css-xboolz\">So habe er in der N\u00e4he des Wuppertaler Gef\u00e4ngnisses fast 10.000 Kubikmeter Bauschutt meterhoch bis an die Grundst\u00fccksgrenzen der Anwohner kippen lassen. Auf einer Baustelle in Langenfeld habe er asbesthaltigen Abfall vergraben lassen. Ein alter Luftschutzbunker sei dort auf seine Anweisung mit hochgiftigen PCB-belasteten Abf\u00e4llen verf\u00fcllt worden.<\/p>\n<p>Asbest, Chrom und PCB<\/p>\n<p data-manual=\"paragraph\" data-schema-org-speakable=\"true\" class=\"css-xboolz\">Asbesthaltige Abf\u00e4lle habe er auf Baustellen in Heiligenhaus und Solingen nicht ordnungsgem\u00e4\u00df getrennt und entsorgt. Auch soll er mit Chrom belasteten Bauschutt vergraben haben, anstatt ihn ordnungsgem\u00e4\u00df zu entsorgen.\u00a0<\/p>\n<p data-manual=\"paragraph\" data-schema-org-speakable=\"true\" class=\"css-xboolz\">Schlie\u00dflich soll er veranlasst haben, dass acht Container mit Bauschutt und gef\u00e4hrlichen Stoffen auf einem Wanderparkplatz abgestellt wurden. Der Stadt Solingen soll er gef\u00e4lschte Entsorgungsnachweise vorgelegt haben. Mit den Straftaten habe er sich die Kosten f\u00fcr die ordnungsgem\u00e4\u00dfe Entsorgung der Abf\u00e4lle gespart.\u00a0<\/p>\n<p>Anwohner beschwerten sich<\/p>\n<p data-manual=\"paragraph\" data-schema-org-speakable=\"true\" class=\"css-xboolz\">Der Beschuldigte hatte die Vorw\u00fcrfe im Ermittlungsverfahren bestritten und behauptet, die Abf\u00e4lle ordnungsgem\u00e4\u00df entsorgt zu haben. Beim Prozessauftakt am Amtsgericht schwieg der 71-J\u00e4hrige am Montag zu den Vorw\u00fcrfen. Inzwischen sei er Rentner, gab er an. Der Prozess ist bis Mitte Dezember terminiert.\u00a0<\/p>\n<p data-manual=\"paragraph\" data-schema-org-speakable=\"true\" class=\"css-xboolz\">Die F\u00e4lle reichen zum Teil mehr als zehn Jahre zur\u00fcck. Schon 2014 hatten sich Anwohner in Wuppertal \u00fcber bis zu acht Meter hohe Schuttberge auf einem 5.400 Quadratmeter gro\u00dfen Gel\u00e4nde beschwert.<\/p>\n<p data-manual=\"paragraph\" data-schema-org-speakable=\"true\" class=\"css-xboolz\">Die Staatsanwaltschaft hatte bereits vor vier Jahren Anklage gegen den Mann erhoben. Ein erster Prozess gegen den Unternehmer war vor drei Jahren nach der Erkrankung eines Verteidigers geplatzt. In der Zwischenzeit war gegen den Unternehmer weiter ermittelt worden. Die neue Anklage enth\u00e4lt weitere Vorw\u00fcrfe.<\/p>\n<p data-manual=\"paragraph\" data-schema-org-speakable=\"true\" class=\"css-xboolz\">\u00a9 dpa-infocom, dpa:250818-930-925943\/1<\/p>\n","protected":false},"excerpt":{"rendered":"Als Bauunternehmer soll er im Bergischen Land illegal Giftm\u00fcll verklappt haben. Nun steht der 71-J\u00e4hrige vor Gericht &#8211;&hellip;\n","protected":false},"author":2,"featured_media":354187,"comment_status":"","ping_status":"","sticky":false,"template":"","format":"standard","meta":{"footnotes":""},"categories":[1840],"tags":[11107,3364,29,30,1584,4103,90899,1209,2283,149,383,6470,55,4418],"class_list":{"0":"post-354186","1":"post","2":"type-post","3":"status-publish","4":"format-standard","5":"has-post-thumbnail","7":"category-wuppertal","8":"tag-abfall","9":"tag-de","10":"tag-deutschland","11":"tag-germany","12":"tag-kriminalitaet","13":"tag-muell","14":"tag-muell-und-entsorgung","15":"tag-nordrhein-westfalen","16":"tag-prozess-gericht","17":"tag-sueddeutsche-zeitung","18":"tag-umwelt","19":"tag-umweltverschmutzung","20":"tag-wirtschaft","21":"tag-wuppertal"},"share_on_mastodon":{"url":"https:\/\/pubeurope.com\/@de\/115049827101002236","error":""},"_links":{"self":[{"href":"https:\/\/www.europesays.com\/de\/wp-json\/wp\/v2\/posts\/354186","targetHints":{"allow":["GET"]}}],"collection":[{"href":"https:\/\/www.europesays.com\/de\/wp-json\/wp\/v2\/posts"}],"about":[{"href":"https:\/\/www.europesays.com\/de\/wp-json\/wp\/v2\/types\/post"}],"author":[{"embeddable":true,"href":"https:\/\/www.europesays.com\/de\/wp-json\/wp\/v2\/users\/2"}],"replies":[{"embeddable":true,"href":"https:\/\/www.europesays.com\/de\/wp-json\/wp\/v2\/comments?post=354186"}],"version-history":[{"count":0,"href":"https:\/\/www.europesays.com\/de\/wp-json\/wp\/v2\/posts\/354186\/revisions"}],"wp:featuredmedia":[{"embeddable":true,"href":"https:\/\/www.europesays.com\/de\/wp-json\/wp\/v2\/media\/354187"}],"wp:attachment":[{"href":"https:\/\/www.europesays.com\/de\/wp-json\/wp\/v2\/media?parent=354186"}],"wp:term":[{"taxonomy":"category","embeddable":true,"href":"https:\/\/www.europesays.com\/de\/wp-json\/wp\/v2\/categories?post=354186"},{"taxonomy":"post_tag","embeddable":true,"href":"https:\/\/www.europesays.com\/de\/wp-json\/wp\/v2\/tags?post=354186"}],"curies":[{"name":"wp","href":"https:\/\/api.w.org\/{rel}","templated":true}]}}