{"id":354188,"date":"2025-08-18T12:43:12","date_gmt":"2025-08-18T12:43:12","guid":{"rendered":"https:\/\/www.europesays.com\/de\/354188\/"},"modified":"2025-08-18T12:43:12","modified_gmt":"2025-08-18T12:43:12","slug":"sperrung-kurt-schumacher-strasse-radio-emscher-lippe","status":"publish","type":"post","link":"https:\/\/www.europesays.com\/de\/354188\/","title":{"rendered":"Sperrung: Kurt-Schumacher-Stra\u00dfe &#8211; Radio Emscher Lippe"},"content":{"rendered":"<ul>\n<li><strong>Sperrung in Richtung Norden: Unfall in H\u00f6he der Hubertusstra\u00dfe<\/strong><\/li>\n<li><strong>Die Polizei Gelsenkirchen bittet euch, den Bereich zu umfahren<\/strong><\/li>\n<\/ul>\n<p>Auf der Kurt-Schumacher-Stra\u00dfe gab es in H\u00f6he der Hubertusstra\u00dfe einen Verkehrsunfall. Das best\u00e4tigte uns eine Sprecherin der Polizei Gelsenkirchen. Deshalb ist die Kurt-Schumacher-Stra\u00dfe momentan in Richtung Norden gesperrt. Es gibt eine Verkehrsableitung in die Hochkampstra\u00dfe. Die Polizei Gelsenkirchen bittet euch, den Bereich so gut es geht zu umfahren.<\/p>\n","protected":false},"excerpt":{"rendered":"Sperrung in Richtung Norden: Unfall in H\u00f6he der Hubertusstra\u00dfe Die Polizei Gelsenkirchen bittet euch, den Bereich zu umfahren&hellip;\n","protected":false},"author":2,"featured_media":354189,"comment_status":"","ping_status":"","sticky":false,"template":"","format":"standard","meta":{"footnotes":""},"categories":[1839],"tags":[82198,7507,3364,29,30,1209,2224,1284],"class_list":{"0":"post-354188","1":"post","2":"type-post","3":"status-publish","4":"format-standard","5":"has-post-thumbnail","7":"category-bochum","8":"tag-kurt-schumacher-strae","9":"tag-bochum","10":"tag-de","11":"tag-deutschland","12":"tag-germany","13":"tag-nordrhein-westfalen","14":"tag-sperrung","15":"tag-unfall"},"share_on_mastodon":{"url":"https:\/\/pubeurope.com\/@de\/115049831261160608","error":""},"_links":{"self":[{"href":"https:\/\/www.europesays.com\/de\/wp-json\/wp\/v2\/posts\/354188","targetHints":{"allow":["GET"]}}],"collection":[{"href":"https:\/\/www.europesays.com\/de\/wp-json\/wp\/v2\/posts"}],"about":[{"href":"https:\/\/www.europesays.com\/de\/wp-json\/wp\/v2\/types\/post"}],"author":[{"embeddable":true,"href":"https:\/\/www.europesays.com\/de\/wp-json\/wp\/v2\/users\/2"}],"replies":[{"embeddable":true,"href":"https:\/\/www.europesays.com\/de\/wp-json\/wp\/v2\/comments?post=354188"}],"version-history":[{"count":0,"href":"https:\/\/www.europesays.com\/de\/wp-json\/wp\/v2\/posts\/354188\/revisions"}],"wp:featuredmedia":[{"embeddable":true,"href":"https:\/\/www.europesays.com\/de\/wp-json\/wp\/v2\/media\/354189"}],"wp:attachment":[{"href":"https:\/\/www.europesays.com\/de\/wp-json\/wp\/v2\/media?parent=354188"}],"wp:term":[{"taxonomy":"category","embeddable":true,"href":"https:\/\/www.europesays.com\/de\/wp-json\/wp\/v2\/categories?post=354188"},{"taxonomy":"post_tag","embeddable":true,"href":"https:\/\/www.europesays.com\/de\/wp-json\/wp\/v2\/tags?post=354188"}],"curies":[{"name":"wp","href":"https:\/\/api.w.org\/{rel}","templated":true}]}}