{"id":354203,"date":"2025-08-18T12:53:30","date_gmt":"2025-08-18T12:53:30","guid":{"rendered":"https:\/\/www.europesays.com\/de\/354203\/"},"modified":"2025-08-18T12:53:30","modified_gmt":"2025-08-18T12:53:30","slug":"meistens-kritisiere-ich-friedrich-merz-heute-bekommt-er-ein-lob-von-mir","status":"publish","type":"post","link":"https:\/\/www.europesays.com\/de\/354203\/","title":{"rendered":"Meistens kritisiere ich Friedrich Merz, heute bekommt er ein Lob von mir"},"content":{"rendered":"<p class=\"paragraph tw-mx-auto tw-mb-6\">Ob EU-Kommissionspr\u00e4sidentin, NATO-Generalsekret\u00e4r oder unser deutscher Bundeskanzler: Die gesamte europ\u00e4ische F\u00fchrung hat sich auf den Weg nach Washington gemacht, um dem ukrainischen Pr\u00e4sidenten bei dessen Gespr\u00e4chen beizustehen.<\/p>\n<p class=\"paragraph tw-mx-auto tw-mb-6\">Dabei ist die Rolle einer Person, die ich sonst oft und gerne kritisiere, nicht unter den Tisch zu kehren. Friedrich Merz gilt unter den EU-Chefs als jener, der aktuell den besten Draht zu Trump hat. Es ist ziemlich offensichtlich, dass Trump die Gruppe heute vor allem auch dank Merz begr\u00fc\u00dfen wird. Nach den Zeiten einer hadernden Bundesregierung ist das tats\u00e4chlich ein Lichtblick, der hoffentlich auch den Ukrainern Mut macht. Die folgende Kritik trifft Merz daher nicht selbst, sondern vielmehr die Vorg\u00e4ngerregierung und andere Verantwortliche.<\/p>\n<p>Worte verlieren an Gewicht<\/p>\n<p class=\"paragraph tw-mx-auto tw-mb-6\">Denn zur Wahrheit geh\u00f6rt: H\u00e4tte Europa strategisch st\u00e4rker in die R\u00fcstungsindustrie investiert und der Ukraine zeitgleich alle ben\u00f6tigten Waffen zur Verf\u00fcgung gestellt, m\u00fcssten die EU-Staatschefs heute nicht als Bittsteller vor Trump auftreten.<\/p>\n<p class=\"paragraph tw-mx-auto tw-mb-6\">In den letzten Jahren, und insbesondere in den vergangenen Wochen, gab es zahlreiche wichtig klingende Briefe und Papiere europ\u00e4ischer F\u00fchrungspers\u00f6nlichkeiten. \u201eWir stehen unverr\u00fcckbar an der Seite der Ukraine\u201c oder \u201eEs wird keinen Deal ohne die Zustimmung der Ukraine geben.\u201c Das klingt zun\u00e4chst gut, verliert aber zunehmend an Gewicht. In einer Welt der Trumps und Putins z\u00e4hlen immer weniger diplomatisches Geschick oder vertrauensvolle Gespr\u00e4che. Entscheidend ist allein milit\u00e4rische St\u00e4rke \u2013 sie beeindruckt und garantiert einen Platz am Verhandlungstisch.<\/p>\n<p>\u00dcber den Autor<img decoding=\"async\" class=\"tw-ml-auto tw-transition-transform tw-duration-200 tw-ease-out tw-w-3.5 tw-h-3.5\" src=\"https:\/\/www.schwaebische.de\/_next\/static\/media\/plusIcon.b07c8a6d.svg\" alt=\"Text aufklappen\"\/><\/p>\n<p class=\"paragraph tw-mx-auto tw-mb-6\">Dario Schramm war von 2020 bis 2021 Bundessch\u00fclersprecher, danach Studium Politik &amp; Recht (im Winter 2024 beendet) &#8211; Buch \u201eDie Vernachl\u00e4ssigten\u201c erschienen bei DroemerKnaur 2022. Seit 2022 Public Affairs Manager bei simpleclub, Mitglied der SPD und im Vorstand des Deutschen EdTech-Verbandes. Abseits davon \u00fcberall zu finden, wo Wasser ist!<\/p>\n<p class=\"paragraph tw-mx-auto tw-mb-6\">Allen voran steht da einer, der wie kein anderer f\u00fcr Selbstinszenierung steht: Emmanuel Macron. Diese Kunst der Darstellung hat nicht nur ihn selbst bekannt gemacht. Schon l\u00e4nger folge ich \u2013 wie rund 250.000 weitere Personen \u2013 Soazig de la Moissonni\u00e8re auf Instagram, Macrons pers\u00f6nlicher Fotografin. Die Bilder, die sie dort ver\u00f6ffentlicht, zeigen wunderbar, wie Macron tickt: Egal in welcher Situation er sich befindet \u2013 der allerwichtigste Fokus ist und bleibt die perfekte Pose f\u00fcr das n\u00e4chste Bild.<\/p>\n<p class=\"paragraph tw-mx-auto tw-mb-6\">Doch warum dieser kleine Ausflug in die franz\u00f6sische Fotokammer? Macron war und ist einer jener Politiker, die gerne f\u00fcr eindrucksvolle Bilder in die Ukraine reisten oder andere Staatschefs in Europa zu mehr Hilfen aufriefen. Zeitgleich investierte sein Land weniger als 0,2 % des BIP in die Unterst\u00fctzung der Ukraine. Deutschland gab gemessen an seinem BIP mit 0,4 % mehr als das Doppelte.<\/p>\n<p>Ernst der Lage wird zu sp\u00e4t erkannt<\/p>\n<p class=\"paragraph tw-mx-auto tw-mb-6\">R\u00fcckblickend wird man viele Solidarit\u00e4tsbekundungen in Form von Besuchen, Reden und Papieren finden. Vergeblich wird man jedoch nach dem strategischen Aufbau einer starken R\u00fcstungsindustrie oder gemeinsamer europ\u00e4ischer Armeen suchen, die der Lage wirklich angemessen gewesen w\u00e4ren. Das zeigt sich exemplarisch am Munitionsmangel in der Ukraine: Viel zu z\u00f6gerlich baute man hier gemeinsam mit Unternehmen wie Rheinmetall neue Produktionskapazit\u00e4ten auf. Es fehlte \u2013 so wirkt es bis heute \u2013 die klare Erkenntnis, wie ernst die Lage ist und war.<\/p>\n<p class=\"tw-text-neutral-50 tw-py-2 tw-border-b tw-mb-0 tw-text-sm tw-font-medium tw-border-solid tw-border-b-neutral-80 tw-font-primary\">Empfohlene Artikel<\/p>\n<p><a href=\"https:\/\/www.schwaebische.de\/politik\/alle-muessen-einsehen-dass-fuer-die-ukraine-nicht-mehr-drin-ist-3833478\" class=\"sve-teaser_small sve-teaser_image-right\" aria-label=\"Alle m\u00fcssen einsehen, dass f\u00fcr die Ukraine nicht mehr drin ist\" target=\"_blank\" rel=\"noopener\"><img decoding=\"async\" width=\"319\" height=\"239\" src=\"https:\/\/www.europesays.com\/de\/wp-content\/uploads\/2025\/08\/5fef4537-f1b3-4f68-a636-0082ff6bae18.jpg\" loading=\"lazy\" alt=\"Alle m\u00fcssen einsehen, dass f\u00fcr die Ukraine nicht mehr drin ist\"\/><\/a><a href=\"https:\/\/www.schwaebische.de\/politik\/keine-waffen-mehr-an-israel-warum-friedrich-merz-richtig-liegt-3830682\" class=\"sve-teaser_small sve-teaser_image-right\" aria-label=\"Keine Waffen mehr an Israel: Warum Friedrich Merz richtig liegt\" target=\"_blank\" rel=\"noopener\"><img decoding=\"async\" width=\"319\" height=\"239\" src=\"https:\/\/www.europesays.com\/de\/wp-content\/uploads\/2025\/08\/0cd701cd-677d-4305-a933-15548dac4901.jpg\" loading=\"lazy\" alt=\"Keine Waffen mehr an Israel: Warum Friedrich Merz richtig liegt\"\/><\/a><\/p>\n<p class=\"paragraph tw-mx-auto tw-mb-6\">Man stelle sich vor, die Ukraine h\u00e4tte seit Monaten ausreichend milit\u00e4risches Ger\u00e4t, Munition und strukturelle Unterst\u00fctzung durch Ausbildungsprogramme aus ganz Europa erhalten. Zum einen g\u00e4be es vermutlich deutlich weniger von Russland besetzte Gebiete. Zum anderen h\u00e4tte die Stimme Europas auf internationalem Parkett erheblich mehr Gewicht.<\/p>\n<p class=\"paragraph tw-mx-auto tw-mb-6\">Insofern geht es heute in den USA nicht nur um die Rettung der Ukraine. Die europ\u00e4ischen Chefs wollen \u2013 und m\u00fcssen \u2013 auch Schadensbegrenzung f\u00fcr ihr eigenes Z\u00f6gern bei den Ukrainehilfen der vergangenen Jahre betreiben.<\/p>\n<p class=\"paragraph tw-mx-auto tw-mb-6\">Wir ver\u00f6ffentlichen regelm\u00e4\u00dfig Gastbeitr\u00e4ge von Publizisten und Personen des \u00f6ffentlichen Lebens, die keine Redaktionsmitglieder sind. Diese Beitr\u00e4ge bilden ein weites Meinungsspektrum ab und geben jeweils ausschlie\u00dflich den Standpunkt ihrer Verfasser wieder.<\/p>\n","protected":false},"excerpt":{"rendered":"Ob EU-Kommissionspr\u00e4sidentin, NATO-Generalsekret\u00e4r oder unser deutscher Bundeskanzler: Die gesamte europ\u00e4ische F\u00fchrung hat sich auf den Weg nach Washington&hellip;\n","protected":false},"author":2,"featured_media":354204,"comment_status":"","ping_status":"","sticky":false,"template":"","format":"standard","meta":{"footnotes":""},"categories":[3933],"tags":[331,332,548,663,158,3934,3935,13,14,15,12],"class_list":{"0":"post-354203","1":"post","2":"type-post","3":"status-publish","4":"format-standard","5":"has-post-thumbnail","7":"category-eu","8":"tag-aktuelle-nachrichten","9":"tag-aktuelle-news","10":"tag-eu","11":"tag-europa","12":"tag-europaeische-union","13":"tag-europe","14":"tag-european-union","15":"tag-headlines","16":"tag-nachrichten","17":"tag-news","18":"tag-schlagzeilen"},"share_on_mastodon":{"url":"https:\/\/pubeurope.com\/@de\/115049876169378772","error":""},"_links":{"self":[{"href":"https:\/\/www.europesays.com\/de\/wp-json\/wp\/v2\/posts\/354203","targetHints":{"allow":["GET"]}}],"collection":[{"href":"https:\/\/www.europesays.com\/de\/wp-json\/wp\/v2\/posts"}],"about":[{"href":"https:\/\/www.europesays.com\/de\/wp-json\/wp\/v2\/types\/post"}],"author":[{"embeddable":true,"href":"https:\/\/www.europesays.com\/de\/wp-json\/wp\/v2\/users\/2"}],"replies":[{"embeddable":true,"href":"https:\/\/www.europesays.com\/de\/wp-json\/wp\/v2\/comments?post=354203"}],"version-history":[{"count":0,"href":"https:\/\/www.europesays.com\/de\/wp-json\/wp\/v2\/posts\/354203\/revisions"}],"wp:featuredmedia":[{"embeddable":true,"href":"https:\/\/www.europesays.com\/de\/wp-json\/wp\/v2\/media\/354204"}],"wp:attachment":[{"href":"https:\/\/www.europesays.com\/de\/wp-json\/wp\/v2\/media?parent=354203"}],"wp:term":[{"taxonomy":"category","embeddable":true,"href":"https:\/\/www.europesays.com\/de\/wp-json\/wp\/v2\/categories?post=354203"},{"taxonomy":"post_tag","embeddable":true,"href":"https:\/\/www.europesays.com\/de\/wp-json\/wp\/v2\/tags?post=354203"}],"curies":[{"name":"wp","href":"https:\/\/api.w.org\/{rel}","templated":true}]}}