{"id":354275,"date":"2025-08-18T13:47:36","date_gmt":"2025-08-18T13:47:36","guid":{"rendered":"https:\/\/www.europesays.com\/de\/354275\/"},"modified":"2025-08-18T13:47:36","modified_gmt":"2025-08-18T13:47:36","slug":"pietro-lombardi-trennt-sich-sarah-engels-gibt-wenig-spaeter-baby-news-bekannt","status":"publish","type":"post","link":"https:\/\/www.europesays.com\/de\/354275\/","title":{"rendered":"Pietro Lombardi trennt sich \u2013 Sarah Engels gibt wenig sp\u00e4ter Baby-News bekannt"},"content":{"rendered":"<p>Pietro Lombardi und Laura Maria Rypa haben sich getrennt. Gleichzeitig freut sich seine Ex Sarah Engels \u00fcber Familienzuwachs.<\/p>\n<p><img decoding=\"async\" data-hk=\"00a10450a1901004010\" loading=\"lazy\"  src=\"https:\/\/www.europesays.com\/de\/wp-content\/uploads\/2025\/08\/e2c60348-cde6-4ebc-9d62-f1c633839c00.2142d554-cfb4-4879-ab0e-757750c57a7a.png\"  alt=\"Am 9. Juni zeigten Pietro Lombardi und Laura Maria Rypa sich noch \u00fcbergl\u00fccklich im Netz\" width=\"541\" height=\"720\"\/> Am 9. Juni zeigten Pietro Lombardi und Laura Maria Rypa sich noch \u00fcbergl\u00fccklich im Netz  pietrolombardi \/ Instagram Sarah Engels ist Tante geworden: Fans wundern sich \u00fcber das Timing der Baby-News<\/p>\n<p>Kurz nachdem die Trennung von Pietro Lombardi und Laura Maria Rypa \u00f6ffentlich wurde, meldete sich auch <a href=\"https:\/\/www.focus.de\/kultur\/stars\/sarah-engels-gibt-selten-privaten-einblick-in-ihre-ehe-mit-julian_f619c812-ac80-4e54-b717-187c88fb5908.html\" rel=\"follow nofollow noopener\" target=\"_self\">Sarah Engels, die vor kurzem intime Einblicke in ihre Ehe gab<\/a>, bei ihren Instagram-Fans. Sie ist n\u00e4mlich Tante geworden. &#8222;Du bist noch so klein und ahnst gar nicht, mit welcher Kraft du uns als Familie reicher machst \u2013 reich an bedingungsloser Liebe&#8220;, schrieb Sarah Engels unter das Bild ihrer neugeborenen Nichte.<\/p>\n<p>ANZEIGE<\/p>\n<p>Die Kommentarspalte ist nat\u00fcrlich voll mit Herzchen, netten Kommentaren und Gl\u00fcckw\u00fcnschen f\u00fcr den Familienzuwachs. Allerdings macht der Zeitpunkt der Mitteilung manche Fans dann doch stutzig.\u00a0<\/p>\n<p>Immerhin wurde die Kleine bereits am 12. August geboren. Denn Sarahs Bruder Gianluca Engels postete das gleiche Foto seiner Tochter samt Geburtsdatum schon vor einigen Tagen auf seinem Profil. &#8222;Interessantes Timing mit dem Posting&#8220;, schreibt ein Instagram-Nutzer unter das Bild. Ein anderer Fan unterstellt ihr: &#8222;Wenn es Pietro schlecht geht, musst du auf heile Welt machen&#8220;. Warum Sarah Engels sich dazu entschied, die Baby-News ausgerechnet am Tag von Pietros Trennung zu posten ist unklar, denn die S\u00e4ngerin hat bis jetzt nicht auf die Kommentare reagiert.<\/p>\n<p>ANZEIGE<\/p>\n<p><a data-hk=\"031110\" data-qa-article-links-box-title-link=\"https:\/\/www.focus.de\/kultur\/stars\/true\" href=\"https:\/\/www.focus.de\/kultur\/stars\/\" rel=\"follow nofollow noopener\" target=\"_self\">Mehr aus dem Bereich Stars<\/a><a data-hk=\"031120\" data-qa-article-links-box-href=\"https:\/\/www.focus.de\/kultur\/stars\/true\" href=\"https:\/\/www.focus.de\/kultur\/stars\/bekannt-durch-furtwaengler-krimis-tatort-star-torsten-michaelis-ist-tot_1ecf35e4-1a63-4965-a77a-ebb486bb32af.html\" rel=\"follow nofollow noopener\" target=\"_self\" class=\"LinkBox_Link row\"><\/p>\n<p>&#8222;Tatort&#8220;-Star Torsten Michaelis ist tot<\/p>\n<p>Montag, 18.08.2025 | 14:12<\/a><a data-hk=\"031125\" data-qa-article-links-box-href=\"https:\/\/www.focus.de\/kultur\/stars\/true\" href=\"https:\/\/www.focus.de\/kultur\/stars\/andreas-gabalier-ringt-waehrend-auftritt-mit-den-traenen_64de5d3d-2be1-4a40-9d54-0c0bbc0710f1.html\" rel=\"follow nofollow noopener\" target=\"_self\" class=\"LinkBox_Link row\"><\/p>\n<p>Andreas Gabalier k\u00e4mpft w\u00e4hrend Auftritt mit den Tr\u00e4nen<\/p>\n<p>Montag, 18.08.2025 | 14:08<\/a><a data-hk=\"03112a10\" data-qa-article-links-box-href=\"https:\/\/www.focus.de\/kultur\/stars\/true\" href=\"https:\/\/www.focus.de\/kultur\/stars\/pietro-lombardi-laura-maria-rypa-kommentar-analyse-zur-trennung_73ab52ea-d5a3-4f14-82f8-460cdaa0e838.html\" rel=\"follow nofollow noopener\" target=\"_self\" class=\"LinkBox_Link row LinkBox_Link--Last-Visible\"><\/p>\n<p>&#8222;Keine weiteren Fragen, euer Ehren&#8220;: Leser kommentieren Liebes-Aus bei Pietro und Laura<\/p>\n<p>Montag, 18.08.2025 | 13:35<\/a><a data-hk=\"03112a15\" data-qa-article-links-box-href=\"https:\/\/www.focus.de\/kultur\/stars\/true\" href=\"https:\/\/www.focus.de\/kultur\/stars\/nicht-einen-tag-bereut-ricarda-lang-wird-ungewohnt-romantisch_2b3e95cf-5d8b-4b64-b3ce-392cb7cff280.html\" rel=\"follow nofollow noopener\" target=\"_self\" class=\"LinkBox_Link row LinkBox_Link--Hidden\"><\/p>\n<p>&#8222;Nicht einen Tag bereut&#8220;: Ricarda Lang wird ungewohnt romantisch<\/p>\n<p>Montag, 18.08.2025 | 13:14<\/a><a data-hk=\"03112a20\" data-qa-article-links-box-href=\"https:\/\/www.focus.de\/kultur\/stars\/true\" href=\"https:\/\/www.focus.de\/kultur\/stars\/dsds-trennungs-drama-flirts-on-off-pietro-lombardis-liebesvergangenheit_9821d10e-563d-48c3-9b7a-30d1f8634bba.html\" rel=\"follow nofollow noopener\" target=\"_self\" class=\"LinkBox_Link row LinkBox_Link--Hidden\"><\/p>\n<p>DSDS-Trennungs-Drama, Flirts &amp; On-Off: Pietro Lombardis Liebesvergangenheit<\/p>\n<p>Montag, 18.08.2025 | 10:29<\/a><a data-hk=\"03112a25\" data-qa-article-links-box-href=\"https:\/\/www.focus.de\/kultur\/stars\/true\" href=\"https:\/\/www.focus.de\/kultur\/stars\/anna-maria-zimmermann-laesst-reporter-wegen-zu-privater-frage-stehen_4115c9f6-ce6f-4820-9619-814a145bebeb.html\" rel=\"follow nofollow noopener\" target=\"_self\" class=\"LinkBox_Link row LinkBox_Link--Hidden\"><\/p>\n<p>Anna-Maria Zimmermann l\u00e4sst Reporter wegen zu privater Frage stehen<\/p>\n<p>Montag, 18.08.2025 | 10:12<\/a><a data-hk=\"03112a30\" data-qa-article-links-box-href=\"https:\/\/www.focus.de\/kultur\/stars\/true\" href=\"https:\/\/www.focus.de\/kultur\/stars\/schlaege-machen-klein-starbariton-thomas-quasthoff-ueber-seinen-vater_8edb89bb-697a-4f83-86ce-9ffbf1906e82.html\" rel=\"follow nofollow noopener\" target=\"_self\" class=\"LinkBox_Link row LinkBox_Link--Hidden\"><\/p>\n<p>\u201eSchl\u00e4ge machen klein\u201c: Starbariton Thomas Quasthoff \u00fcber seinen Vater<\/p>\n<p>Montag, 18.08.2025 | 08:46<\/a><a data-hk=\"03112a35\" data-qa-article-links-box-href=\"https:\/\/www.focus.de\/kultur\/stars\/true\" href=\"https:\/\/www.focus.de\/kultur\/stars\/groesste-gefahr-diese-fehler-sollten-pilawa-und-kloeckner-nicht-machen_232ca5f5-4e09-4a05-9820-97932c19b0a4.html\" rel=\"follow nofollow noopener\" target=\"_self\" class=\"LinkBox_Link row LinkBox_Link--Hidden\"><\/p>\n<p>\u201eGr\u00f6\u00dfte Gefahr\u201c: Diese Fehler sollten Pilawa und Kl\u00f6ckner jetzt nicht machen<\/p>\n<p>Montag, 18.08.2025 | 08:09<\/a><a data-hk=\"03112a40\" data-qa-article-links-box-href=\"https:\/\/www.focus.de\/kultur\/stars\/true\" href=\"https:\/\/www.focus.de\/kultur\/stars\/catherine-zeta-jones-hat-4-immobilien-findet-das-alles-andere-als-ungewoehnlich_394272c1-c8c1-4f2e-ac7d-b7ccba027743.html\" rel=\"follow nofollow noopener\" target=\"_self\" class=\"LinkBox_Link row LinkBox_Link--Hidden\"><\/p>\n<p>Catherine Zeta-Jones hat vier Immobilien \u2013 findet das alles andere als ungew\u00f6hnlich<\/p>\n<p>Montag, 18.08.2025 | 06:59<\/a><a data-hk=\"03112a45\" data-qa-article-links-box-href=\"https:\/\/www.focus.de\/kultur\/stars\/true\" href=\"https:\/\/www.focus.de\/kultur\/stars\/kim-virginia-hartung-enthuellt-so-verdienen-sie-und-nikola-glumac-ihr-geld_a4d6798e-24f9-4f33-bcc0-5691c6c49a4f.html\" rel=\"follow nofollow noopener\" target=\"_self\" class=\"LinkBox_Link row LinkBox_Link--Hidden\"><\/p>\n<p>Kim Virginia Hartung enth\u00fcllt: So verdienen sie und Nikola Glumac ihr Geld<\/p>\n<p>Montag, 18.08.2025 | 06:28<\/a>Liebes-Aus bei Pietro Lombardi und Laura Maria Rypa: &#8222;Unterschiedliche Wege einschlagen&#8220;<\/p>\n<p>&#8222;Wir m\u00f6chten euch mitteilen, dass wir uns getrennt haben&#8220;, schrieb Laura Maria Rypa am 17. August in ihrer Instagram-Story. &#8222;Im Laufe der Zeit haben wir festgestellt, dass wir unterschiedliche Wege einschlagen, und deshalb haben wir uns entschieden, getrennte Wege zu gehen&#8220;, hei\u00dft es au\u00dferdem in dem Statement.<\/p>\n<p>F\u00fcr den DSDS-Sieger ist es allerdings nicht das erste \u00f6ffentliche Beziehungs-Drama. Das <a href=\"https:\/\/www.focus.de\/kultur\/stars\/dsds-trennungs-drama-flirts-on-off-pietro-lombardis-liebesvergangenheit_9821d10e-563d-48c3-9b7a-30d1f8634bba.html\" rel=\"follow nofollow noopener\" target=\"_self\">Liebesleben von Pietro Lombardi<\/a> hat schon immer f\u00fcr reichlich Schlagzeilen gesorgt.<\/p>\n","protected":false},"excerpt":{"rendered":"Pietro Lombardi und Laura Maria Rypa haben sich getrennt. Gleichzeitig freut sich seine Ex Sarah Engels \u00fcber Familienzuwachs.&hellip;\n","protected":false},"author":2,"featured_media":354276,"comment_status":"","ping_status":"","sticky":false,"template":"","format":"standard","meta":{"footnotes":""},"categories":[1776],"tags":[1801,29,214,30,1802,215],"class_list":{"0":"post-354275","1":"post","2":"type-post","3":"status-publish","4":"format-standard","5":"has-post-thumbnail","7":"category-prominente","8":"tag-celebrities","9":"tag-deutschland","10":"tag-entertainment","11":"tag-germany","12":"tag-prominente","13":"tag-unterhaltung"},"share_on_mastodon":{"url":"https:\/\/pubeurope.com\/@de\/115050083753672871","error":""},"_links":{"self":[{"href":"https:\/\/www.europesays.com\/de\/wp-json\/wp\/v2\/posts\/354275","targetHints":{"allow":["GET"]}}],"collection":[{"href":"https:\/\/www.europesays.com\/de\/wp-json\/wp\/v2\/posts"}],"about":[{"href":"https:\/\/www.europesays.com\/de\/wp-json\/wp\/v2\/types\/post"}],"author":[{"embeddable":true,"href":"https:\/\/www.europesays.com\/de\/wp-json\/wp\/v2\/users\/2"}],"replies":[{"embeddable":true,"href":"https:\/\/www.europesays.com\/de\/wp-json\/wp\/v2\/comments?post=354275"}],"version-history":[{"count":0,"href":"https:\/\/www.europesays.com\/de\/wp-json\/wp\/v2\/posts\/354275\/revisions"}],"wp:featuredmedia":[{"embeddable":true,"href":"https:\/\/www.europesays.com\/de\/wp-json\/wp\/v2\/media\/354276"}],"wp:attachment":[{"href":"https:\/\/www.europesays.com\/de\/wp-json\/wp\/v2\/media?parent=354275"}],"wp:term":[{"taxonomy":"category","embeddable":true,"href":"https:\/\/www.europesays.com\/de\/wp-json\/wp\/v2\/categories?post=354275"},{"taxonomy":"post_tag","embeddable":true,"href":"https:\/\/www.europesays.com\/de\/wp-json\/wp\/v2\/tags?post=354275"}],"curies":[{"name":"wp","href":"https:\/\/api.w.org\/{rel}","templated":true}]}}