{"id":354278,"date":"2025-08-18T13:51:22","date_gmt":"2025-08-18T13:51:22","guid":{"rendered":"https:\/\/www.europesays.com\/de\/354278\/"},"modified":"2025-08-18T13:51:22","modified_gmt":"2025-08-18T13:51:22","slug":"buchtipp-l-k-steven-undercover-polizistin-mit-magischem-wissen","status":"publish","type":"post","link":"https:\/\/www.europesays.com\/de\/354278\/","title":{"rendered":"Buchtipp L. K. Steven: Undercover-Polizistin mit magischem Wissen"},"content":{"rendered":"<p>Sommerzeit ist Urlaubszeit, auch wenn die Sch\u00fcler nun wieder zur\u00fcck im Alltag sind. Um genau den und seine Probleme hinter sich zu lassen, bedarf es aber nicht immer eines Tickets nach Bali. Ein gutes Buch kann seine Leser ebenfalls auf spannende Reisen schicken. Nur welches Buch ist daf\u00fcr das richtige? Die Expertinnen der Buchhandlung Die Schatulle in Osterholz-Scharmbeck geben Buch-Reisenden eine erste Orientierung. Ihr aktueller Lesetipp lautet &#8222;Silvercloak \u2013 Unter Feinden&#8220; von L. K. Steven:<\/p>\n<p>    <img decoding=\"async\" data-w=\"1200 1 Portrait\" alt=\"Silvercloak - Unter Feinden von L. K. Steven ist im Penhaligon Verlag (ISBN 978-3-7645-3338-0) erschienen und kostet 24 Euro.\" class=\"inline-gallery__image withsrc\" style=\"width:auto;max-height:none;object-fit:cover;\" loading=\"lazy\"   src=\"https:\/\/www.europesays.com\/de\/wp-content\/uploads\/2025\/08\/Portraitdoc82040ajbtawkm1wwwy-jpg.webp.webp\"\/><\/p>\n<p>Silvercloak &#8211; Unter Feinden von L. K. Steven ist im Penhaligon Verlag (ISBN 978-3-7645-3338-0) erschienen und kostet 24 Euro.<\/p>\n<p>                    Foto:<br \/>\n     Penhaligon Verlag <\/p>\n<p>Der filigrane Buchumschlag mit einer wundersch\u00f6nen Ausstanzung lenkt fast von der blutigen Handlung in diesem ersten Teil der mehrb\u00e4ndigen Buchserie &#8222;Silvercloak&#8220; von L. K. Steven ab. Der Farbschnitt l\u00e4sst da schon tiefer blicken: Das Blut rinnt in einen kochenden Kessel herunter.<\/p>\n<p>Aber worum geht es: Saffron ist verdeckte Ermittlerin im Auftrag der Silvercloaks (einer Art magischen Polizei) und infiltriert die Bloodmoons, ein Verbrechersyndikat. Sie l\u00e4sst sich auf das gef\u00e4hrliche Spiel ein, da sie diese Gruppe f\u00fcr den Tod ihrer Eltern verantwortlich macht und auch sonst keine Sympathien f\u00fcr diese Art krimineller Vereinigung hegt. Ohne es zu wollen, muss sie sich ihre Gef\u00fchle zu Levan, den Sohn des Anf\u00fchrers der Bloodmoons, eingestehen \u2013 aber die Prophezeiung, dass sie ihn eines Tages t\u00f6ten wird, h\u00e4ngt wie ein Damoklesschwert \u00fcber ihnen.<\/p>\n<p>Das Buch ist mindestens so spannend geschrieben, wie es sch\u00f6n aussieht. Es endet nicht mit einem Cliffhanger \u2013 aber man m\u00f6chte schon sehr gerne wissen, wie die Geschichte um Saffron und Levan weitergehen wird. Trigger Warnung: Dieses Buch hat absolutes Suchtpotenzial.<\/p>\n<p>                        <a href=\"https:\/\/www.weser-kurier.de\/\" id=\"home\" class=\"button primary-primary font-size-15_1 m-0a customEvent\" data-layer-event-name=\"customEvent\" data-layer-trigger=\"click\" data-layer-category=\"artikelscoring\" data-layer-action=\"startseite_button\" data-layer-label=\"doc81x4l2v309jlyb63eul\" data-layer-value=\"https:\/\/www.weser-kurier.de\/landkreis-osterholz\/stadt-osterholz-scharmbeck\/1\" rel=\"nofollow noopener\" target=\"_blank\">Zur Startseite<\/a><\/p>\n","protected":false},"excerpt":{"rendered":"Sommerzeit ist Urlaubszeit, auch wenn die Sch\u00fcler nun wieder zur\u00fcck im Alltag sind. Um genau den und seine&hellip;\n","protected":false},"author":2,"featured_media":277648,"comment_status":"","ping_status":"","sticky":false,"template":"","format":"standard","meta":{"footnotes":""},"categories":[1774],"tags":[1784,1785,29,214,30,215],"class_list":{"0":"post-354278","1":"post","2":"type-post","3":"status-publish","4":"format-standard","5":"has-post-thumbnail","7":"category-buecher","8":"tag-books","9":"tag-buecher","10":"tag-deutschland","11":"tag-entertainment","12":"tag-germany","13":"tag-unterhaltung"},"share_on_mastodon":{"url":"https:\/\/pubeurope.com\/@de\/115050098472832537","error":""},"_links":{"self":[{"href":"https:\/\/www.europesays.com\/de\/wp-json\/wp\/v2\/posts\/354278","targetHints":{"allow":["GET"]}}],"collection":[{"href":"https:\/\/www.europesays.com\/de\/wp-json\/wp\/v2\/posts"}],"about":[{"href":"https:\/\/www.europesays.com\/de\/wp-json\/wp\/v2\/types\/post"}],"author":[{"embeddable":true,"href":"https:\/\/www.europesays.com\/de\/wp-json\/wp\/v2\/users\/2"}],"replies":[{"embeddable":true,"href":"https:\/\/www.europesays.com\/de\/wp-json\/wp\/v2\/comments?post=354278"}],"version-history":[{"count":0,"href":"https:\/\/www.europesays.com\/de\/wp-json\/wp\/v2\/posts\/354278\/revisions"}],"wp:featuredmedia":[{"embeddable":true,"href":"https:\/\/www.europesays.com\/de\/wp-json\/wp\/v2\/media\/277648"}],"wp:attachment":[{"href":"https:\/\/www.europesays.com\/de\/wp-json\/wp\/v2\/media?parent=354278"}],"wp:term":[{"taxonomy":"category","embeddable":true,"href":"https:\/\/www.europesays.com\/de\/wp-json\/wp\/v2\/categories?post=354278"},{"taxonomy":"post_tag","embeddable":true,"href":"https:\/\/www.europesays.com\/de\/wp-json\/wp\/v2\/tags?post=354278"}],"curies":[{"name":"wp","href":"https:\/\/api.w.org\/{rel}","templated":true}]}}