{"id":354334,"date":"2025-08-18T14:21:12","date_gmt":"2025-08-18T14:21:12","guid":{"rendered":"https:\/\/www.europesays.com\/de\/354334\/"},"modified":"2025-08-18T14:21:12","modified_gmt":"2025-08-18T14:21:12","slug":"polizei-ermittelt-19-jaehriger-bei-verkehrsunfall-in-gelsenkirchen-buer-schwer-verletzt","status":"publish","type":"post","link":"https:\/\/www.europesays.com\/de\/354334\/","title":{"rendered":"Polizei ermittelt: 19-J\u00e4hriger bei Verkehrsunfall in Gelsenkirchen-Buer schwer verletzt"},"content":{"rendered":"<p><b>Schwerer Unfall in Gelsenkirchen-Buer: Ein 19-J\u00e4hriger wurde bei einer Kollision mit einem Auto auf der Horster Stra\u00dfe lebensgef\u00e4hrlich verletzt. Die Polizei ermittelt zur Unfallursache, die Stra\u00dfe war zeitweise gesperrt.<\/b>\n<\/p>\n<p>Bei einem Verkehrsunfall auf der Horster Stra\u00dfe in Gelsenkirchen-Buer ist am Sonntagabend, 17. August, ein 19-j\u00e4hriger Mann lebensgef\u00e4hrlich verletzt worden.<\/p>\n<p>Nach bisherigen Erkenntnissen war ein 43-j\u00e4hriger Autofahrer aus Gladbeck gegen 22.30 Uhr mit seinem Wagen in Richtung K\u00e4rntener Ring unterwegs, als der junge Gelsenkirchener mit einem E-Scooter in H\u00f6he eines Supermarktes vom Gehweg auf die Fahrbahn fuhr. Dabei kam es zur Kollision zwischen dem E-Scooter und dem Auto.<\/p>\n<p>Ein Notarzt versorgte den schwer verletzten 19-J\u00e4hrigen noch an der Unfallstelle, bevor er zur weiteren Behandlung in ein Krankenhaus gebracht wurde. Zur Kl\u00e4rung des Unfallhergangs wurde ein spezielles Verkehrsunfallaufnahme-Team der Polizei aus D\u00fcsseldorf hinzugezogen. W\u00e4hrend der Unfallaufnahme blieb die Horster Stra\u00dfe zwischen den Stra\u00dfen Zum Lanferbach und Lohm\u00fchlenstra\u00dfe in beide Richtungen gesperrt.<\/p>\n<p>Sowohl der E-Scooter als auch der VW Golf des 43-J\u00e4hrigen wurden zur Eigentumssicherung sichergestellt. Zudem wurden dem 19-J\u00e4hrigen Blutproben entnommen, um seine Fahrtauglichkeit zu \u00fcberpr\u00fcfen. Die Ermittlungen dauern an.<\/p>\n<p>Dieser Beitrag stammt von presseportal.de und wurde mit Hilfe von KI erstellt.<\/p>\n<p>                <a id=\"like-anchor\"\/><\/p>\n<p>                    Dieser Inhalt gef\u00e4llt Ihnen?<\/p>\n<p>Melden Sie sich an, um diesen Inhalt mit \u00abGef\u00e4llt mir\u00bb zu markieren.<\/p>\n<p>            \u00d7<\/p>\n<p>        <a href=\"#\" data-trigger-click-on-space-or-enter=\"\" class=\"button ggm-like-button hollow\" title=\"Gef\u00e4llt mir\" data-open=\"like-conversion-68a336d626b02\"><\/p>\n<p>        <\/a><\/p>\n<p>\n        Gef\u00e4llt <strong>0<\/strong> mal<br \/>\n        0\n    <\/p>\n<p>                    Sie m\u00f6chten diesem Profil folgen?<\/p>\n<p>Verpassen Sie nicht die neuesten Inhalte von diesem Profil: Melden Sie sich an, um neuen Inhalten von Profilen und Orten in Ihrem <strong>pers\u00f6nlichen Feed<\/strong> zu folgen.<\/p>\n<p>            \u00d7<\/p>\n<p>\n            <strong>6<\/strong> folgen diesem Profil\n        <\/p>\n","protected":false},"excerpt":{"rendered":"Schwerer Unfall in Gelsenkirchen-Buer: Ein 19-J\u00e4hriger wurde bei einer Kollision mit einem Auto auf der Horster Stra\u00dfe lebensgef\u00e4hrlich&hellip;\n","protected":false},"author":2,"featured_media":354335,"comment_status":"","ping_status":"","sticky":false,"template":"","format":"standard","meta":{"footnotes":""},"categories":[1839],"tags":[7507,3364,29,30,1209],"class_list":{"0":"post-354334","1":"post","2":"type-post","3":"status-publish","4":"format-standard","5":"has-post-thumbnail","7":"category-bochum","8":"tag-bochum","9":"tag-de","10":"tag-deutschland","11":"tag-germany","12":"tag-nordrhein-westfalen"},"share_on_mastodon":{"url":"https:\/\/pubeurope.com\/@de\/115050216420269663","error":""},"_links":{"self":[{"href":"https:\/\/www.europesays.com\/de\/wp-json\/wp\/v2\/posts\/354334","targetHints":{"allow":["GET"]}}],"collection":[{"href":"https:\/\/www.europesays.com\/de\/wp-json\/wp\/v2\/posts"}],"about":[{"href":"https:\/\/www.europesays.com\/de\/wp-json\/wp\/v2\/types\/post"}],"author":[{"embeddable":true,"href":"https:\/\/www.europesays.com\/de\/wp-json\/wp\/v2\/users\/2"}],"replies":[{"embeddable":true,"href":"https:\/\/www.europesays.com\/de\/wp-json\/wp\/v2\/comments?post=354334"}],"version-history":[{"count":0,"href":"https:\/\/www.europesays.com\/de\/wp-json\/wp\/v2\/posts\/354334\/revisions"}],"wp:featuredmedia":[{"embeddable":true,"href":"https:\/\/www.europesays.com\/de\/wp-json\/wp\/v2\/media\/354335"}],"wp:attachment":[{"href":"https:\/\/www.europesays.com\/de\/wp-json\/wp\/v2\/media?parent=354334"}],"wp:term":[{"taxonomy":"category","embeddable":true,"href":"https:\/\/www.europesays.com\/de\/wp-json\/wp\/v2\/categories?post=354334"},{"taxonomy":"post_tag","embeddable":true,"href":"https:\/\/www.europesays.com\/de\/wp-json\/wp\/v2\/tags?post=354334"}],"curies":[{"name":"wp","href":"https:\/\/api.w.org\/{rel}","templated":true}]}}