{"id":354365,"date":"2025-08-18T14:37:15","date_gmt":"2025-08-18T14:37:15","guid":{"rendered":"https:\/\/www.europesays.com\/de\/354365\/"},"modified":"2025-08-18T14:37:15","modified_gmt":"2025-08-18T14:37:15","slug":"pol-mfr-824-fahndung-nach-einbrechern-in-weiherhaus-kriminalpolizei-bittet-um","status":"publish","type":"post","link":"https:\/\/www.europesays.com\/de\/354365\/","title":{"rendered":"POL-MFR: (824) Fahndung nach Einbrechern in Weiherhaus &#8211; Kriminalpolizei bittet um &#8230;"},"content":{"rendered":"<p class=\"date\">18.08.2025 \u2013 15:40<\/p>\n<p class=\"customer\">\n                        <a class=\"story-customer\" title=\"weiter zum newsroom von Polizeipr\u00e4sidium Mittelfranken\" href=\"https:\/\/www.presseportal.de\/blaulicht\/nr\/6013\" target=\"_blank\" rel=\"noopener\">Polizeipr\u00e4sidium Mittelfranken<\/a>\n                    <\/p>\n<p><a data-category=\"citylink-story-view\" data-action=\"click\" data-label=\"Citylink in Meldungsansicht\" class=\"story-city event-trigger\" href=\"https:\/\/www.presseportal.de\/regional\/N%FCrnberg\" title=\"News aus N\u00fcrnberg \" target=\"_blank\" rel=\"noopener\">N\u00fcrnberg<\/a> (ots)<\/p>\n<p>Im N\u00fcrnberger Stadtteil Weiherhaus \u00fcberraschten Hausbewohner in der Nacht zum Montag (18.08.2025) zwei Einbrecher, denen zun\u00e4chst unerkannt die Flucht gelang. Die Kriminalpolizei bittet im Zuge ihrer Ermittlungen um Hinweise aus der Bev\u00f6lkerung.<\/p>\n<p>Gegen 03:15 Uhr verst\u00e4ndigte die Hausbewohnerin eines Wohnanwesens am Schwedengraben die Polizei. Zuvor war sie im Erdgeschoss ihres Hauses auf zwei Einbrecher aufmerksam geworden. Die beiden M\u00e4nner ergriffen nach ihrer Entdeckung die Flucht durch die Terrassent\u00fcr. Offensichtlich hatten sich die Einbrecher zuvor mehrerer Uhren bem\u00e4chtigen k\u00f6nnen.<\/p>\n<p>Eine unmittelbar eingeleitete Fahndung der Polizei, die unter anderem von einem Hubschrauber der Bayerischen Bereitschaftspolizei unterst\u00fctzt wurde, f\u00fchrte nicht zur Festnahme von Tatverd\u00e4chtigen. Beamte des Kriminaldauerdienstes \u00fcbernahmen die Spurensicherung im und am betroffenen Haus.<\/p>\n<p>Bei den T\u00e4tern soll es sich um zwei ca. 180 cm gro\u00dfe M\u00e4nner mit schlanker Figur handeln, die unter anderem mit schwarzen Kapuzenpullis bekleidet waren.<\/p>\n<p>Die Kriminalpolizei bittet in diesem Zusammenhang um Hinweise aus der Bev\u00f6lkerung. Wer in der Stra\u00dfe Am Schwedengraben oder den umliegenden Stra\u00dfen verd\u00e4chtige Personen oder Fahrzeuge wahrgenommen hat, kann sich unter der Rufnummer 0911 2112-3333 an den Kriminaldauerdienst wenden.<\/p>\n<p>Erstellt durch: Michael Konrad<\/p>\n<p class=\"contact-headline\">R\u00fcckfragen bitte an:<\/p>\n<p class=\"contact-text\">Polizeipr\u00e4sidium Mittelfranken<br \/>Pr\u00e4sidialb\u00fcro &#8211; Pressestelle<br \/>Richard-Wagner-Platz 1<br \/>D-90443 N\u00fcrnberg<br \/>E-Mail: <a href=\"https:\/\/www.presseportal.de\/blaulicht\/pm\/6013\/mailto: pp-mfr.pressestelle@polizei.bayern.de\" class=\"uri-mailto\" target=\"_blank\" rel=\"noopener\"> pp-mfr.pressestelle@polizei.bayern.de<\/a><\/p>\n<p>Erreichbarkeiten:<br \/>Montag bis Donnerstag<br \/>07:00 bis 16:00 Uhr<br \/>Freitag<br \/>07:00 bis 15:00 Uhr<br \/>Sonntag<br \/>11:00 bis 14:00 Uhr<\/p>\n<p>Telefon: +49 (0)911 2112 1030<\/p>\n<p>Au\u00dferhalb der B\u00fcrozeiten:<\/p>\n<p>Telefon: +49 (0)911 2112 1553<\/p>\n<p>Die Pressestelle des Polizeipr\u00e4sidiums Mittelfranken im Internet:<br \/><a target=\"_blank\" class=\"uri-ext outbound\" rel=\"noopener\" href=\"http:\/\/ots.de\/P4TQ8h\">http:\/\/ots.de\/P4TQ8h<\/a><\/p>\n<p class=\"originator\">Original-Content von: Polizeipr\u00e4sidium Mittelfranken, \u00fcbermittelt durch news aktuell<\/p>\n","protected":false},"excerpt":{"rendered":"18.08.2025 \u2013 15:40 Polizeipr\u00e4sidium Mittelfranken N\u00fcrnberg (ots) Im N\u00fcrnberger Stadtteil Weiherhaus \u00fcberraschten Hausbewohner in der Nacht zum Montag&hellip;\n","protected":false},"author":2,"featured_media":320445,"comment_status":"","ping_status":"","sticky":false,"template":"","format":"standard","meta":{"footnotes":""},"categories":[1837],"tags":[772,2918,3364,29,30,177,3783,121,178,180,179,181],"class_list":{"0":"post-354365","1":"post","2":"type-post","3":"status-publish","4":"format-standard","5":"has-post-thumbnail","7":"category-nuernberg","8":"tag-bayern","9":"tag-by","10":"tag-de","11":"tag-deutschland","12":"tag-germany","13":"tag-kriminalitt","14":"tag-nuernberg","15":"tag-polizei","16":"tag-presse","17":"tag-pressemeldung","18":"tag-pressemitteilung","19":"tag-pressemitteilungen"},"share_on_mastodon":{"url":"https:\/\/pubeurope.com\/@de\/115050279298567958","error":""},"_links":{"self":[{"href":"https:\/\/www.europesays.com\/de\/wp-json\/wp\/v2\/posts\/354365","targetHints":{"allow":["GET"]}}],"collection":[{"href":"https:\/\/www.europesays.com\/de\/wp-json\/wp\/v2\/posts"}],"about":[{"href":"https:\/\/www.europesays.com\/de\/wp-json\/wp\/v2\/types\/post"}],"author":[{"embeddable":true,"href":"https:\/\/www.europesays.com\/de\/wp-json\/wp\/v2\/users\/2"}],"replies":[{"embeddable":true,"href":"https:\/\/www.europesays.com\/de\/wp-json\/wp\/v2\/comments?post=354365"}],"version-history":[{"count":0,"href":"https:\/\/www.europesays.com\/de\/wp-json\/wp\/v2\/posts\/354365\/revisions"}],"wp:featuredmedia":[{"embeddable":true,"href":"https:\/\/www.europesays.com\/de\/wp-json\/wp\/v2\/media\/320445"}],"wp:attachment":[{"href":"https:\/\/www.europesays.com\/de\/wp-json\/wp\/v2\/media?parent=354365"}],"wp:term":[{"taxonomy":"category","embeddable":true,"href":"https:\/\/www.europesays.com\/de\/wp-json\/wp\/v2\/categories?post=354365"},{"taxonomy":"post_tag","embeddable":true,"href":"https:\/\/www.europesays.com\/de\/wp-json\/wp\/v2\/tags?post=354365"}],"curies":[{"name":"wp","href":"https:\/\/api.w.org\/{rel}","templated":true}]}}