{"id":354377,"date":"2025-08-18T14:44:12","date_gmt":"2025-08-18T14:44:12","guid":{"rendered":"https:\/\/www.europesays.com\/de\/354377\/"},"modified":"2025-08-18T14:44:12","modified_gmt":"2025-08-18T14:44:12","slug":"bremen-innensenator-maeurer-geht-kommt-hoegl-politik","status":"publish","type":"post","link":"https:\/\/www.europesays.com\/de\/354377\/","title":{"rendered":"Bremen: Innensenator M\u00e4urer geht \u2013 kommt H\u00f6gl? | Politik"},"content":{"rendered":"<p>Bremen \u2013 <b>Seit 17 Jahren ist Ulrich M\u00e4urer (74, SPD) Senator f\u00fcr Inneres in Bremen, hat in diesem Jahr erneut den Vorsitz der Innenminister-Konferenz inne. Zum Jahresanfang hat er seinen R\u00fcckzug angek\u00fcndigt \u2013 und \u00fcber die Nachfolge wird an der Weser bereits spekuliert.<\/b><\/p>\n<p>Auch interessant<\/p>\n<p>Anzeige<\/p>\n<p>Auch interessant<\/p>\n<p>Anzeige<\/p>\n<p>\u201eIch bin in diesem Sommer 74 Jahre alt geworden. Irgendwann muss man auch Platz f\u00fcr seinen Nachfolger oder seine Nachfolgerin machen\u201c, schrieb M\u00e4urer an den <a href=\"https:\/\/www.bild.de\/politik\/inland\/spd\/spd-alle-infos-76661710.bild.html\" class=\"text-link\" target=\"_blank\" rel=\"noopener\">SPD<\/a>-Landesvorstand und die Fraktion in der B\u00fcrgerschaft. Das Alter sei aber nur ein Grund f\u00fcr den Schritt. \u201eZudem muss der oder die Neue gen\u00fcgend Zeit bis zur n\u00e4chsten <a href=\"https:\/\/www.bild.de\/themen\/ereignisse\/bremische-buergerschaftswahlen\/politik-nachrichten-news-fotos-videos-15881760.bild.html\" class=\"text-link\" target=\"_blank\" rel=\"noopener\">Wahl<\/a> im Fr\u00fchjahr 2027 haben, um eigene Akzente zu setzen und seinerseits Vertrauen bei den Bremerinnen und Bremern zu gewinnen.\u201c<\/p>\n<p>F\u00fcr die Nachfolge wird aktuell vor allem ein Name gehandelt: Eva H\u00f6gl (56, SPD), langj\u00e4hrige Bundestagsabgeordnete und von 2020 bis 2025 Wehrbeauftragte des Bundes. Die Juristin stammt aus <a href=\"https:\/\/www.bild.de\/regional\/niedersachsen\/home-Pxo03tc7w7hEgqy6Clw4\" class=\"text-link\" target=\"_blank\" rel=\"noopener\">Niedersachsen<\/a> und war dort 2008 als \u201eSchattenministerin\u201c f\u00fcr Regionalentwicklung und Europa in den Landtagswahlkampf gezogen. <\/p>\n<p>Mehr zum Thema<\/p>\n<p>Zuerst hatten der \u201eWeser-Kurier\u201c und Radio Bremen \u00fcber die Personalie berichtet. Ein Senatssprecher wollte die Nachfolge von M\u00e4urer auf BILD-Anfrage nicht kommentieren. Der Zeitplan sieht vor, dass <a href=\"https:\/\/www.bild.de\/regional\/bremen\/bremen-regional\/home-16292312.bild.html\" class=\"text-link\" target=\"_blank\" rel=\"noopener\">Bremens<\/a> B\u00fcrgermeister Andreas Bovenschulte (60, SPD) zun\u00e4chst dem Parteivorstand einen Personalvorschlag unterbreitet. Dies k\u00f6nnte bis zum 7. September geschehen, erkl\u00e4rt SPD-Landesgesch\u00e4ftsf\u00fchrer Sebastian Schmugler gegen\u00fcber BILD. Die Nominierung k\u00f6nnte dann beim Parteitag am 27. September stattfinden.   <\/p>\n<p><img decoding=\"async\" width=\"992\" height=\"558\" alt=\"Bremens B\u00fcrgermeister Andreas Bovenschulte (60, SPD) muss die Nachfolge im Senat f\u00fcr Inneres kl\u00e4ren\" src=\"https:\/\/www.europesays.com\/de\/wp-content\/uploads\/2025\/08\/f5b34fe366ac2d1e50159fae95c027f2,f3975fcc\"   class=\"landscape\" loading=\"lazy\"\/><\/p>\n<p class=\"fig__caption__text\">Bremens B\u00fcrgermeister Andreas Bovenschulte (60, SPD) muss die Nachfolge im Senat f\u00fcr Inneres kl\u00e4ren <\/p>\n<p>Foto: Sina Schuldt\/dpa<\/p>\n<p>In einer Mitteilung w\u00fcrdigte Bovenschulte den Innensenator als einen Garanten f\u00fcr innere Sicherheit. Mit M\u00e4urer verlasse einer \u201eder beliebtesten und profiliertesten Politiker im Land Bremen\u201c den Senat, der auch bundesweit und \u00fcber die Parteigrenzen hinweg Anerkennung gefunden habe.<\/p>\n<p><a href=\"https:\/\/www.bild.de\/politik\/inland\/cdu\/cdu-csu-alle-infos-76661590.bild.html\" class=\"text-link\" target=\"_blank\" rel=\"noopener\"><b>CDU<\/b><\/a><b>-Fraktionschefin Wiebke Winter (29) sieht in M\u00e4urers R\u00fcckzug eine Krise im rot-gr\u00fcn-roten  Senat: \u201eDer zweitbeliebteste Senator geht, um den linken Koalitionsfrieden zu retten.\u201c<\/b><\/p>\n","protected":false},"excerpt":{"rendered":"Bremen \u2013 Seit 17 Jahren ist Ulrich M\u00e4urer (74, SPD) Senator f\u00fcr Inneres in Bremen, hat in diesem&hellip;\n","protected":false},"author":2,"featured_media":354378,"comment_status":"","ping_status":"","sticky":false,"template":"","format":"standard","meta":{"footnotes":""},"categories":[1824],"tags":[98013,2420,98012,3364,29,30,98015,98016,98014,184,45],"class_list":{"0":"post-354377","1":"post","2":"type-post","3":"status-publish","4":"format-standard","5":"has-post-thumbnail","7":"category-bremen","8":"tag-bovenschulte-andreas","9":"tag-bremen","10":"tag-bremer-buergerschaft","11":"tag-de","12":"tag-deutschland","13":"tag-germany","14":"tag-hoegl-eva-dr","15":"tag-innenministerium-bremen","16":"tag-maeurer-ulrich","17":"tag-spd","18":"tag-texttospeech"},"share_on_mastodon":{"url":"https:\/\/pubeurope.com\/@de\/115050306889505564","error":""},"_links":{"self":[{"href":"https:\/\/www.europesays.com\/de\/wp-json\/wp\/v2\/posts\/354377","targetHints":{"allow":["GET"]}}],"collection":[{"href":"https:\/\/www.europesays.com\/de\/wp-json\/wp\/v2\/posts"}],"about":[{"href":"https:\/\/www.europesays.com\/de\/wp-json\/wp\/v2\/types\/post"}],"author":[{"embeddable":true,"href":"https:\/\/www.europesays.com\/de\/wp-json\/wp\/v2\/users\/2"}],"replies":[{"embeddable":true,"href":"https:\/\/www.europesays.com\/de\/wp-json\/wp\/v2\/comments?post=354377"}],"version-history":[{"count":0,"href":"https:\/\/www.europesays.com\/de\/wp-json\/wp\/v2\/posts\/354377\/revisions"}],"wp:featuredmedia":[{"embeddable":true,"href":"https:\/\/www.europesays.com\/de\/wp-json\/wp\/v2\/media\/354378"}],"wp:attachment":[{"href":"https:\/\/www.europesays.com\/de\/wp-json\/wp\/v2\/media?parent=354377"}],"wp:term":[{"taxonomy":"category","embeddable":true,"href":"https:\/\/www.europesays.com\/de\/wp-json\/wp\/v2\/categories?post=354377"},{"taxonomy":"post_tag","embeddable":true,"href":"https:\/\/www.europesays.com\/de\/wp-json\/wp\/v2\/tags?post=354377"}],"curies":[{"name":"wp","href":"https:\/\/api.w.org\/{rel}","templated":true}]}}