{"id":354395,"date":"2025-08-18T14:53:11","date_gmt":"2025-08-18T14:53:11","guid":{"rendered":"https:\/\/www.europesays.com\/de\/354395\/"},"modified":"2025-08-18T14:53:11","modified_gmt":"2025-08-18T14:53:11","slug":"unfall-im-stuttgarter-nachtleben-es-hat-einen-lauten-schlag-getan-auto-haengt-auf-treppe-fest","status":"publish","type":"post","link":"https:\/\/www.europesays.com\/de\/354395\/","title":{"rendered":"Unfall im Stuttgarter Nachtleben: \u201eEs hat einen lauten Schlag getan\u201c \u2013 Auto h\u00e4ngt auf Treppe fest"},"content":{"rendered":"<p>Die G\u00e4ste sind erschrocken, \u201ees hat einen lauten Schlag getan\u201c. So beschreibt ein Sicherheitsmann, der am Samstag beim Club White Noise Dienst hatte, einen r\u00e4tselhaften und nicht ganz ungef\u00e4hrlichen Vorgang. Ein paar Augenblicke hing ein <a href=\"https:\/\/www.stuttgarter-zeitung.de\/thema\/Auto\" title=\"Auto\" class=\"art_thema\" target=\"_blank\" rel=\"noopener\">Auto<\/a> an der oberen Kante der Treppe, die zu dem Club und der Bar an der Unterf\u00fchrung ins Bohnenviertel und zum einen Abgang der Stadtbahn-Haltestelle Rathaus f\u00fchrt. Die Schnauze des Wagens stand \u00fcber die Kante hinaus, die hintere H\u00e4lfte war noch auf dem Gehweg an der Eberhardstra\u00dfe. <\/p>\n<p>\u201eEs hat nochmal das Gas aufgeheult, das war echt unheimlich\u201c, sagt der Augenzeuge. Denn wenn der Wagen ganz auf die Treppe geraten w\u00e4re, w\u00e4re er wohl bis runter zum Club gerollt. Aber dann war schnell klar, dass er festhing. Die Rettungsaktion sei sehr schnell gegangen. \u201eDie haben laut gerufen und sich Leute geholt, Passanten, und mit denen den Wagen wieder hochgeschoben.\u201c Vermutlich hatte das Auto \u2013 es k\u00f6nnte ein BMW sein \u2013 Heckantrieb und konnte deswegen aus eigener Kraft wieder wegfahren. \u201eDie <a href=\"https:\/\/www.stuttgarter-zeitung.de\/thema\/Polizei\" title=\"Polizei\" class=\"art_thema\" target=\"_blank\" rel=\"noopener\">Polizei<\/a> war ganz in der N\u00e4he. Aber als sie da war, war das Auto schon l\u00e4ngst wieder weg\u201c, schildert der Security-Mann. <\/p>\n<p> \u00c4hnliche <a href=\"https:\/\/www.stuttgarter-zeitung.de\/thema\/Unfall\" title=\"Unf\u00e4lle\" class=\"art_thema\" target=\"_blank\" rel=\"noopener\">Unf\u00e4lle<\/a> sind schon \u00f6fter passiert <\/p>\n<p>Warum der Unfall geschah, ist allen ein gro\u00dfes R\u00e4tsel. Und da der Fahrer \u00fcber alle Berge ist, kann man es wohl auch nicht mehr herausfinden. Eine Theorie w\u00e4re jedoch, dass er ein Schild falsch gedeutet haben k\u00f6nnte. An dem Abgang ist ein Wegweiser zum Parkhaus Schwabenzentrum. Gemeint ist aber offensichtlich der Fu\u00dfweg dorthin \u2013 da es sich offensichtlich um einen Treppenabgang handelt, der auch durch einen Gehweg von der Stra\u00dfe getrennt ist. In die Stra\u00dfe einfahren darf man ohnehin nicht einfach so, denn es handelt sich um eine den Radfahrenden vorbehaltene Fahrradstra\u00dfe. <\/p>\n<p>Die Betreiberin des White Noise, Ninette Sander, ist froh, dass alles so glimpflich ausgegangen ist. Sie war zu der Zeit nicht im White Noise. Als man ihr davon berichtete, habe sie dennoch einen gro\u00dfen Schreck bekommen \u2013 denn ein Absturz des Autos h\u00e4tte f\u00fcr die G\u00e4ste der Bar gef\u00e4hrlich werden k\u00f6nnen. \u201eZum Gl\u00fcck ist das Auto nicht weiter gefahren\u201c, sagt sie.<\/p>\n<p>Die Rettungsaktion wirkt gef\u00e4hrlich <\/p>\n<p>Bange kann einem auch werden, wenn man sieht, wie die Helfer die Abfahrt erm\u00f6glichten: Zwei M\u00e4nner stehen unterhalb der Autoschnauze auf der Treppe und schieben, w\u00e4hrend der Fahrer Gas gibt. H\u00e4tte sich das Auto in die falsche Richtung bewegt, w\u00e4re kaum Platz gewesen, sich in Sicherheit zu bringen. Als der Wagen dann schlie\u00dflich mit einem Ruck nach hinten wegrollt, stolpern beide nach vorne, k\u00f6nnen sich aber wieder fangen.<\/p>\n<p>Die Polizei kennt Videos von dem Zwischenfall, die in der Nacht verbreitet wurden. Auf einigen ist wohl auch das Kennzeichen zu lesen. \u201eWir schauen jetzt an der Stelle nach, ob ein Schaden entstanden ist\u201c, sagt die Polizeisprecherin Daniela Treude. Wenn dem so w\u00e4re, dann w\u00fcrde die Polizei wegen Unfallflucht ermitteln. Wegen der Ordnungswidrigkeit, in der Fahrradstra\u00dfe falsch abgebogen zu sein, w\u00fcrde die Polizei aber nicht aktiv werden. <\/p>\n<p>   <img decoding=\"async\" loading=\"lazy\" src=\"https:\/\/www.europesays.com\/de\/wp-content\/uploads\/2025\/08\/media.media.bd1daa87-f516-4c2e-be62-de8ef897a5da.original1024.media.jpeg\"\/>     Ein \u00e4hnlicher Fall aus dem Jahr 2016 an der Schellingstra\u00dfe\/Ecke Friedrichstra\u00dfe beim Parkhaus B\u00f6rsenplatz    Foto: SDMG\/Archiv    <\/p>\n<p>\u00c4hnliche Unf\u00e4lle haben sich in <a href=\"https:\/\/www.stuttgarter-zeitung.de\/thema\/Stuttgart\" title=\"Stuttgart\" class=\"art_thema\" target=\"_blank\" rel=\"noopener\">Stuttgart<\/a> und der Region schon fr\u00fcher zugetragen. Im November 2016 fuhr ein Mercedesfahrer an der Schellingstra\u00dfe\/Ecke Friedrichstra\u00dfe. Auch dort war es offenbar ein Schild, das den Fu\u00dfweg zur Tiefgarage am B\u00f6rsenplatz zeigt, welches den Fahrer auf die falsche F\u00e4hrte f\u00fchrte. Die Stadt sah damals keinen Anlass, die Beschilderung zu \u00e4ndern, da dort noch nie etwas passiert war und der Platz mit Pollern gesichert ist. Im Juli 2017 geriet ein Mann am damals noch nutzbaren S\u00fcdausgang des Stuttgarter Hauptbahnhofs mit seinem Auto auf eine Treppe. Im M\u00e4rz 2018 fuhr ein Transporter in <a href=\"https:\/\/www.stuttgarter-zeitung.de\/inhalt.kuriose-unfaelle-in-region-stuttgart-kein-treppenwitz-autofahrer-immer-wieder-auf-abwegen.01ff4591-9094-4b4e-9478-3390a85afcfb.html\" target=\"_blank\" rel=\"noopener\">Oberesslingen eine ganze Treppe<\/a> in eine Unterf\u00fchrung hinab \u2013 er war damals laut der Polizei keiner irref\u00fchrenden Beschilderung gefolgt, sondern vermutlich zu schnell gefahren und von der Fahrbahn abgekommen. <\/p>\n","protected":false},"excerpt":{"rendered":"Die G\u00e4ste sind erschrocken, \u201ees hat einen lauten Schlag getan\u201c. So beschreibt ein Sicherheitsmann, der am Samstag beim&hellip;\n","protected":false},"author":2,"featured_media":354396,"comment_status":"","ping_status":"","sticky":false,"template":"","format":"standard","meta":{"footnotes":""},"categories":[1830],"tags":[513,1634,3364,29,30,24401,98021,121,1441,81352,1284,5329,98020],"class_list":{"0":"post-354395","1":"post","2":"type-post","3":"status-publish","4":"format-standard","5":"has-post-thumbnail","7":"category-stuttgart","8":"tag-auto","9":"tag-baden-wuerttemberg","10":"tag-de","11":"tag-deutschland","12":"tag-germany","13":"tag-nachtleben","14":"tag-ninette-sanders","15":"tag-polizei","16":"tag-stuttgart","17":"tag-treppe","18":"tag-unfall","19":"tag-video","20":"tag-white-noise"},"share_on_mastodon":{"url":"https:\/\/pubeurope.com\/@de\/115050342246148495","error":""},"_links":{"self":[{"href":"https:\/\/www.europesays.com\/de\/wp-json\/wp\/v2\/posts\/354395","targetHints":{"allow":["GET"]}}],"collection":[{"href":"https:\/\/www.europesays.com\/de\/wp-json\/wp\/v2\/posts"}],"about":[{"href":"https:\/\/www.europesays.com\/de\/wp-json\/wp\/v2\/types\/post"}],"author":[{"embeddable":true,"href":"https:\/\/www.europesays.com\/de\/wp-json\/wp\/v2\/users\/2"}],"replies":[{"embeddable":true,"href":"https:\/\/www.europesays.com\/de\/wp-json\/wp\/v2\/comments?post=354395"}],"version-history":[{"count":0,"href":"https:\/\/www.europesays.com\/de\/wp-json\/wp\/v2\/posts\/354395\/revisions"}],"wp:featuredmedia":[{"embeddable":true,"href":"https:\/\/www.europesays.com\/de\/wp-json\/wp\/v2\/media\/354396"}],"wp:attachment":[{"href":"https:\/\/www.europesays.com\/de\/wp-json\/wp\/v2\/media?parent=354395"}],"wp:term":[{"taxonomy":"category","embeddable":true,"href":"https:\/\/www.europesays.com\/de\/wp-json\/wp\/v2\/categories?post=354395"},{"taxonomy":"post_tag","embeddable":true,"href":"https:\/\/www.europesays.com\/de\/wp-json\/wp\/v2\/tags?post=354395"}],"curies":[{"name":"wp","href":"https:\/\/api.w.org\/{rel}","templated":true}]}}