{"id":354452,"date":"2025-08-18T15:22:12","date_gmt":"2025-08-18T15:22:12","guid":{"rendered":"https:\/\/www.europesays.com\/de\/354452\/"},"modified":"2025-08-18T15:22:12","modified_gmt":"2025-08-18T15:22:12","slug":"kommentar-zu-protesten-in-serbien-die-eu-muss-von-vucic-abruecken","status":"publish","type":"post","link":"https:\/\/www.europesays.com\/de\/354452\/","title":{"rendered":"Kommentar zu Protesten in Serbien: Die EU muss von Vucic abr\u00fccken"},"content":{"rendered":"<p>                    <strong>kommentar<\/strong><\/p>\n<p class=\"metatextline\">Stand: 18.08.2025 16:31 Uhr<\/p>\n<p class=\"textabsatz columns twelve  m-ten  m-offset-one l-eight l-offset-two\">\n        <strong>Mit extremer H\u00e4rte geht die serbische Regierung gegen Proteste im Land vor. Pr\u00e4sident Vucic zeigt damit sein wahres Gesicht, meint Silke Hahne. Und die EU? Sie schweigt zu den Vorg\u00e4ngen in dem Land, das EU-Beitrittskandidat ist.<\/strong>\n    <\/p>\n<p>                                        <a class=\"authorline__link\" href=\"https:\/\/www.tagesschau.de\/korrespondenten\/silke-hahne-105.html\" target=\"_blank\" rel=\"noopener\"><br \/>\n                                            <img decoding=\"async\" class=\"authorline__img\" alt=\"Silke Hahne\" src=\"https:\/\/www.europesays.com\/de\/wp-content\/uploads\/2025\/08\/silke-hahne-103.jpg\"\/><br \/>\n                                        <\/a><\/p>\n<p class=\"textabsatz m-ten m-offset-one l-eight l-offset-two columns twelve\">\nIn diesen Tagen zeigt der serbische Pr\u00e4sident Aleksandar Vucic sein wahres Gesicht. Vergangene Woche lie\u00df er vermummte Schl\u00e4ger auf die bisher friedliche Protestbewegung los. W\u00e4hrend Partei-Loyalisten mit Schlagst\u00f6cken und Feuerwerksk\u00f6rpern auf demonstrierende B\u00fcrger losgingen, stand die Polizei daneben und griff nicht ein. Pr\u00fcgeln unter Polizeischutz.<\/p>\n<p>    Gewalteskalation auf den Stra\u00dfen<\/p>\n<p class=\"textabsatz m-ten m-offset-one l-eight l-offset-two columns twelve\">\nSeitdem eskaliert die Gewalt auf Serbiens Stra\u00dfen jede Nacht aufs Neue. Auch ein Teil der regierungskritischen Protestbewegung tr\u00e4gt wohl dazu bei. B\u00fcros der Regierungspartei, die bisher nur mit Eiern beschmissen wurden, werden nun demoliert und in Brand gesteckt.<\/p>\n<p class=\"textabsatz m-ten m-offset-one l-eight l-offset-two columns twelve\">\nDie Polizei greift durch &#8211; nimmt\u00a0aber nicht nur diese Leute fest. Jeder, der in Serbien nachts auf die Stra\u00dfe geht, um gegen die Regierung zu demonstrieren &#8211; ob friedlich oder nicht &#8211; muss mit einer Festnahme rechnen.<\/p>\n<p>    Dem\u00fctigungen und Drohungen<\/p>\n<p class=\"textabsatz m-ten m-offset-one l-eight l-offset-two columns twelve\">\nUnd mit Polizeigewalt und Dem\u00fctigung. Das staatlich gelenkte Fernsehen in Serbien ver\u00f6ffentlichte vergangene Woche Bilder von Gefangenen in einer Turnhalle. Sie knien mit dem Gesicht zur Wand, die H\u00e4nde auf dem R\u00fccken gefesselt, hinter jedem steht ein Polizist in Kampfmontur. In einem anderen Ort soll der \u00f6rtliche Polizeichef auf eine Aktivistin eingeschlagen und sie damit bedroht haben, sie zu vergewaltigen.<\/p>\n<p class=\"textabsatz m-ten m-offset-one l-eight l-offset-two columns twelve\">\nSo reagiert der serbische Staat auf seine B\u00fcrgerinnen und B\u00fcrger, die seit neun Monaten gegen Korruption auf die Stra\u00dfe gehen. Und der serbische Staat, das ist Pr\u00e4sident Aleksandar Vucic. Es ist der Versuch, sein wankendes Machtsystem zu st\u00fctzen und die zunehmend kritische Zivilgesellschaft im Land zu unterdr\u00fccken.<\/p>\n<p class=\"textabsatz m-ten m-offset-one l-eight l-offset-two columns twelve\">\nDiese Zivilgesellschaft fordert Gerechtigkeit &#8211; f\u00fcr die Toten des Ungl\u00fccks von Novi Sad, wo ein schlampig renoviertes Bahnhofs-Vordach 16 Opfer forderte. Die Zivilgesellschaft will auch Gerechtigkeit f\u00fcr die Opfer von Polizeigewalt. Sie fordert faire Wahlen und dass ein Pr\u00e4sident nur so viel Macht hat, wie ihm laut Verfassung zusteht.<\/p>\n<p>    EU zeigt Protestierenden die kalte Schulter<\/p>\n<p class=\"textabsatz m-ten m-offset-one l-eight l-offset-two columns twelve\">\nMan k\u00f6nnte also sagen: Die serbische Zivilgesellschaft fordert das ein, was in einem demokratischen europ\u00e4ischen Land selbstverst\u00e4ndlich sein sollte. Schlie\u00dflich ist Serbien EU-Beitrittskandidat.\u00a0Doch statt die Demokratiebewegung zu unterst\u00fctzen, zeigt die EU-Kommission den Protestierenden in Serbien die kalte Schulter. Kein Wort der Unterst\u00fctzung kommt aus Br\u00fcssel.<\/p>\n<p class=\"textabsatz m-ten m-offset-one l-eight l-offset-two columns twelve\">\nEuropa will von Serbiens Wirtschaftskraft profitieren, egal wie viele korrupte H\u00e4nde darin mitmischen. Deshalb hat die EU im vergangenen Jahr auch einen Pakt f\u00fcr den Abbau von Lithium mit Serbien geschlossen.<\/p>\n<p class=\"textabsatz m-ten m-offset-one l-eight l-offset-two columns twelve\">\nMit dieser Art von Beitrittspolitik macht Europa sich unglaubw\u00fcrdig und trampelt auf seinen eigenen Werten herum. Aleksandar Vucic zeigt sein wahres Gesicht. Europa sollte genau\u00a0hinschauen.<\/p>\n<p>Redaktioneller Hinweis<\/p>\n<p>            Kommentare geben grunds\u00e4tzlich die Meinung des jeweiligen Autors oder der jeweiligen Autorin wieder und nicht die der Redaktion.<\/p>\n","protected":false},"excerpt":{"rendered":"kommentar Stand: 18.08.2025 16:31 Uhr Mit extremer H\u00e4rte geht die serbische Regierung gegen Proteste im Land vor. Pr\u00e4sident&hellip;\n","protected":false},"author":2,"featured_media":354453,"comment_status":"","ping_status":"","sticky":false,"template":"","format":"standard","meta":{"footnotes":""},"categories":[5],"tags":[13,14,15,159,12,5157,10,8,9,11,15940],"class_list":{"0":"post-354452","1":"post","2":"type-post","3":"status-publish","4":"format-standard","5":"has-post-thumbnail","7":"category-nachrichten","8":"tag-headlines","9":"tag-nachrichten","10":"tag-news","11":"tag-proteste","12":"tag-schlagzeilen","13":"tag-serbien","14":"tag-top-news","15":"tag-top-meldungen","16":"tag-topmeldungen","17":"tag-topnews","18":"tag-vucic"},"share_on_mastodon":{"url":"https:\/\/pubeurope.com\/@de\/115050456295851649","error":""},"_links":{"self":[{"href":"https:\/\/www.europesays.com\/de\/wp-json\/wp\/v2\/posts\/354452","targetHints":{"allow":["GET"]}}],"collection":[{"href":"https:\/\/www.europesays.com\/de\/wp-json\/wp\/v2\/posts"}],"about":[{"href":"https:\/\/www.europesays.com\/de\/wp-json\/wp\/v2\/types\/post"}],"author":[{"embeddable":true,"href":"https:\/\/www.europesays.com\/de\/wp-json\/wp\/v2\/users\/2"}],"replies":[{"embeddable":true,"href":"https:\/\/www.europesays.com\/de\/wp-json\/wp\/v2\/comments?post=354452"}],"version-history":[{"count":0,"href":"https:\/\/www.europesays.com\/de\/wp-json\/wp\/v2\/posts\/354452\/revisions"}],"wp:featuredmedia":[{"embeddable":true,"href":"https:\/\/www.europesays.com\/de\/wp-json\/wp\/v2\/media\/354453"}],"wp:attachment":[{"href":"https:\/\/www.europesays.com\/de\/wp-json\/wp\/v2\/media?parent=354452"}],"wp:term":[{"taxonomy":"category","embeddable":true,"href":"https:\/\/www.europesays.com\/de\/wp-json\/wp\/v2\/categories?post=354452"},{"taxonomy":"post_tag","embeddable":true,"href":"https:\/\/www.europesays.com\/de\/wp-json\/wp\/v2\/tags?post=354452"}],"curies":[{"name":"wp","href":"https:\/\/api.w.org\/{rel}","templated":true}]}}