{"id":354603,"date":"2025-08-18T16:41:15","date_gmt":"2025-08-18T16:41:15","guid":{"rendered":"https:\/\/www.europesays.com\/de\/354603\/"},"modified":"2025-08-18T16:41:15","modified_gmt":"2025-08-18T16:41:15","slug":"bericht-des-bundesrechnungshofs-zusatzbeitraege-der-krankenversicherungen-drohen-zu-steigen","status":"publish","type":"post","link":"https:\/\/www.europesays.com\/de\/354603\/","title":{"rendered":"Bericht des Bundesrechnungshofs: Zusatzbeitr\u00e4ge der Krankenversicherungen drohen zu steigen"},"content":{"rendered":"<p class=\"paragraph article__item\">Angesichts einer sich zuspitzenden Krise in der gesetzlichen<br \/>\n<a class=\"rtr-entity\" href=\"https:\/\/www.zeit.de\/thema\/krankenversicherung\" rel=\"nofollow noopener\" target=\"_blank\">Krankenversicherung<\/a> (GKV) hat der Bundesrechnungshof Alarm geschlagen. In<br \/>\neinem Schreiben an den Haushaltsausschuss des Bundestages verlangte die<br \/>\nBeh\u00f6rde kurzfristige Einsparungen. Andernfalls w\u00fcrden die<br \/>\nKrankenkassenbeitr\u00e4ge eine H\u00f6he erreichen, die das Wirtschaftswachstum<br \/>\nd\u00e4mpfen k\u00f6nnte.\u00a0\n<\/p>\n<p class=\"paragraph article__item\">Die Finanzsituation der GKV spitzte sich zu, hei\u00dft es in dem Dokument, \u00fcber das zuerst das<br \/>\nNachrichtenmagazin Politico berichtete.\u00a0Im vergangenen Jahr sei der<br \/>\nAusgabenanstieg der h\u00f6chste der letzten 30 Jahre gewesen. Die L\u00fccke<br \/>\nzwischen Einnahmen und Ausgaben der Kassen wachse derzeit j\u00e4hrlich um<br \/>\nsechs bis acht Milliarden Euro.\u00a0<\/p>\n<p class=\"paragraph article__item\">Krankenversicherten in Deutschland drohen daher sp\u00fcrbar steigende <a class=\"rtr-entity\" href=\"https:\/\/www.zeit.de\/thema\/zusatzbeitrag\" rel=\"nofollow noopener\" target=\"_blank\">Zusatzbeitr\u00e4ge<\/a> von 0,3 Beitragssatzpunkten<br \/>\npro Jahr. Die Finanzkontrolleure verweisen auf eine<br \/>\nPrognose des Bundesgesundheitsministeriums, das von einem mittleren<br \/>\nSzenario mit einem Anstieg auf 4,05 Prozent Zusatzbeitrag bis 2029 ausgeht.\u00a0<a href=\"https:\/\/www.zeit.de\/gesundheit\/2025-01\/krankenversicherung-tk-beitraege-anstieg-politik\" class=\"\" target=\"_blank\" rel=\"nofollow noopener\">TK-Chef Jens Baas rechnet in den kommenden Jahrzehnten mit Krankenkassenbeitr\u00e4gen von 20 Prozent<\/a>, wenn die Politik nicht gegensteuert.\n<\/p>\n<p>\t\t<img decoding=\"async\" id=\"g-S19-Krankenkassen-Wirtschaft-01-30122024-breit-light-img\" class=\"g-S19-Krankenkassen-Wirtschaft-01-breit-light-img g-aiImg\" alt=\"\" src=\"https:\/\/www.europesays.com\/de\/wp-content\/uploads\/2025\/08\/S19-Krankenkassen-Wirtschaft-01-30122024-breit-light-20241231041705.png\" loading=\"lazy\"\/><\/p>\n<p class=\"g-pstyle1\">\u00dcbersch\u00fcsse und Verluste der gesetzlichen Krankenkassen in <\/p>\n<p class=\"g-pstyle1\">Deutschland in Mrd. Euro<\/p>\n<p class=\"g-pstyle3\">\u00a9ZEIT-Grafik\/Quelle: Bundesministerium f\u00fcr Gesundheit;<\/p>\n<p class=\"g-pstyle3\">*Wert der ersten neun Monate  <\/p>\n<p>\t\t<img decoding=\"async\" id=\"g-S19-Krankenkassen-Wirtschaft-01-30122024-schmal-light-img\" class=\"g-S19-Krankenkassen-Wirtschaft-01-schmal-light-img g-aiImg\" alt=\"\" src=\"https:\/\/www.europesays.com\/de\/wp-content\/uploads\/2025\/08\/S19-Krankenkassen-Wirtschaft-01-30122024-schmal-light-20241231041705.png\" loading=\"lazy\"\/><\/p>\n<p class=\"g-pstyle1\">\u00dcbersch\u00fcsse und Verluste der <\/p>\n<p class=\"g-pstyle1\">gesetzlichen Krankenkassen in <\/p>\n<p class=\"g-pstyle1\">Deutschland in Mrd. Euro<\/p>\n<p class=\"g-pstyle3\">\u00a9ZEIT-Grafik\/Quelle: Bundesministerium <\/p>\n<p class=\"g-pstyle3\">f\u00fcr Gesundheit; *Wert der ersten neun Monate  <\/p>\n<p>\t\t<img decoding=\"async\" id=\"g-S19-Krankenkassen-Wirtschaft-01-30122024-medium-light-img\" class=\"g-S19-Krankenkassen-Wirtschaft-01-medium-light-img g-aiImg\" alt=\"\" src=\"https:\/\/www.europesays.com\/de\/wp-content\/uploads\/2025\/08\/S19-Krankenkassen-Wirtschaft-01-30122024-medium-light-20241231041705.png\" loading=\"lazy\"\/><\/p>\n<p class=\"g-pstyle1\">\u00dcbersch\u00fcsse und Verluste der <\/p>\n<p class=\"g-pstyle1\">gesetzlichen Krankenkassen in <\/p>\n<p class=\"g-pstyle1\">Deutschland in Mrd. Euro<\/p>\n<p class=\"g-pstyle3\">\u00a9ZEIT-Grafik\/Quelle: Bundesministerium f\u00fcr Gesundheit; <\/p>\n<p class=\"g-pstyle3\">*Wert der ersten neun Monate  <\/p>\n<p>\t\t<img decoding=\"async\" id=\"g-S19-Krankenkassen-Wirtschaft-01-30122024-breit-dark-img\" class=\"g-S19-Krankenkassen-Wirtschaft-01-breit-dark-img g-aiImg\" alt=\"\" src=\"https:\/\/www.europesays.com\/de\/wp-content\/uploads\/2025\/08\/S19-Krankenkassen-Wirtschaft-01-30122024-breit-dark-20241231041705.png\" loading=\"lazy\"\/><\/p>\n<p class=\"g-pstyle1\">\u00dcbersch\u00fcsse und Verluste der gesetzlichen Krankenkassen in <\/p>\n<p class=\"g-pstyle1\">Deutschland in Mrd. Euro<\/p>\n<p class=\"g-pstyle4\">\u00a9ZEIT-Grafik\/Quelle: Bundesministerium f\u00fcr Gesundheit;<\/p>\n<p class=\"g-pstyle4\">*Wert der ersten neun Monate  <\/p>\n<p>\t\t<img decoding=\"async\" id=\"g-S19-Krankenkassen-Wirtschaft-01-30122024-schmal-dark-img\" class=\"g-S19-Krankenkassen-Wirtschaft-01-schmal-dark-img g-aiImg\" alt=\"\" src=\"https:\/\/www.europesays.com\/de\/wp-content\/uploads\/2025\/08\/S19-Krankenkassen-Wirtschaft-01-30122024-schmal-dark-20241231041705.png\" loading=\"lazy\"\/><\/p>\n<p class=\"g-pstyle1\">\u00dcbersch\u00fcsse und Verluste der <\/p>\n<p class=\"g-pstyle1\">gesetzlichen Krankenkassen in <\/p>\n<p class=\"g-pstyle1\">Deutschland in Mrd. Euro<\/p>\n<p class=\"g-pstyle4\">\u00a9ZEIT-Grafik\/Quelle: Bundesministerium <\/p>\n<p class=\"g-pstyle4\">f\u00fcr Gesundheit; *Wert der ersten neun Monate  <\/p>\n<p>\t\t<img decoding=\"async\" id=\"g-S19-Krankenkassen-Wirtschaft-01-30122024-medium-dark-img\" class=\"g-S19-Krankenkassen-Wirtschaft-01-medium-dark-img g-aiImg\" alt=\"\" src=\"https:\/\/www.europesays.com\/de\/wp-content\/uploads\/2025\/08\/S19-Krankenkassen-Wirtschaft-01-30122024-medium-dark-20241231041705.png\" loading=\"lazy\"\/><\/p>\n<p class=\"g-pstyle1\">\u00dcbersch\u00fcsse und Verluste der <\/p>\n<p class=\"g-pstyle1\">gesetzlichen Krankenkassen in <\/p>\n<p class=\"g-pstyle1\">Deutschland in Mrd. Euro<\/p>\n<p class=\"g-pstyle4\">\u00a9ZEIT-Grafik\/Quelle: Bundesministerium f\u00fcr Gesundheit; <\/p>\n<p class=\"g-pstyle4\">*Wert der ersten neun Monate  <\/p>\n<p>        Kritik an Unt\u00e4tigkeit der Regierung        <\/p>\n<p class=\"paragraph article__item\">Auch der Rechnungshof beklagte das Z\u00f6gern der Politik. Der Bund schiebe notwendige Schritte &#8222;auf die lange Bank&#8220;. Verz\u00f6gerungen f\u00fchrten jedoch zu weiteren, vermeidbaren<br \/>\n Ausgaben. Dies gelte &#8222;in besonderer Weise f\u00fcr<br \/>\ndie Krankenhausreform&#8220;, die derzeit in Arbeit ist. Zentrale Elemente der<br \/>\n<a href=\"https:\/\/www.zeit.de\/gesundheit\/2024-10\/krankenhausreform-karl-lauterbach-finanzierung-krankenkasse-bundestag\" class=\"\" target=\"_blank\" rel=\"nofollow noopener\"> Krankenhausreform<\/a>, die Effizienzsteigerungen, eine Verlagerung hin zur<br \/>\nambulanten Versorgung und Qualit\u00e4tssteigerung zum Ziel h\u00e4tten, d\u00fcrften<br \/>\nnicht verw\u00e4ssert werden.\n<\/p>\n<p>                            \u00a9\u00a0Lea Dohle<\/p>\n<p>\n                                        Newsletter<br \/>\n                                        Was jetzt? \u2013 Der t\u00e4gliche Morgen\u00fcberblick<\/p>\n<p class=\"newsletter-signup__text\">Starten Sie mit unserem kurzen Nachrichten-Newsletter in den Tag. Erhalten Sie zudem freitags den US-Sonderletter &#8222;Was jetzt, America?&#8220; sowie das digitale Magazin ZEIT am Wochenende.<\/p>\n<p class=\"newsletter-signup__datapolicy\" hidden=\"\">\n            Mit Ihrer Registrierung nehmen Sie die <a href=\"https:\/\/datenschutz.zeit.de\/zon#Newsletter\" target=\"_blank\" rel=\"nofollow noopener\">Datenschutzerkl\u00e4rung<\/a> zur Kenntnis.\n        <\/p>\n<p>    Vielen Dank! Wir haben Ihnen eine E-Mail geschickt.<\/p>\n<p>Pr\u00fcfen Sie Ihr Postfach und best\u00e4tigen Sie das Newsletter-Abonnement.<\/p>\n<p class=\"paragraph article__item\">&#8222;Urs\u00e4chlich f\u00fcr den Ausgabenanstieg ist<br \/>\ninsbesondere die Abschaffung kostend\u00e4mpfender Regelungen&#8220;, schreibt der Bundesrechnungshof. Hinzu k\u00e4men<br \/>\ntechnischer Fortschritt und eine alternde Bev\u00f6lkerung.\n<\/p>\n<p>        GKV-Verband und Gr\u00fcne fordern Reformen        <\/p>\n<p class=\"paragraph article__item\">&#8222;Die Finanzsituation der gesetzlichen<br \/>\nKrankenversicherung ist erschreckend schlecht&#8220;, sagte auch GKV-Verbandssprecher Florian<br \/>\nLanz. Der Verband forderte daher ein<br \/>\nAusgabenmoratorium \u2013 &#8222;also dass Verg\u00fctungen, Budgets und Honorare nicht<br \/>\nst\u00e4rker steigen d\u00fcrfen als die Einnahmen&#8220;, erl\u00e4uterte Lanz.\u00a0\n<\/p>\n<p class=\"paragraph article__item\">Die Gr\u00fcnen-Haushaltsexpertin Paula Piechotta<br \/>\nforderte die Bundesregierung auf, eine <a href=\"https:\/\/www.zeit.de\/politik\/deutschland\/2025-03\/gesundheitspolitik-gesetzliche-krankenkassen-reformen-gesundheitswesen\" class=\"\" target=\"_blank\" rel=\"nofollow noopener\">\u00fcberparteilich getragene Reform<br \/>\nanzugehen<\/a>. &#8222;Diese Koalition hat gar nicht die Kraft oder die<br \/>\nGeschlossenheit, um eine echte Reform zu stemmen&#8220;, sagte die<br \/>\nAbgeordnete. &#8222;Es braucht hier den gro\u00dfen Schulterschluss der<br \/>\ndemokratischen Parteien.&#8220;\n<\/p>\n<p class=\"paragraph article__item\">Angesichts der Defizite sei allein in der GKV mit<br \/>\neinem Beitragssatz von bis zu 18,65 Prozent zu rechnen. Bei einem<br \/>\nMonatsgehalt von 4.000 Euro mal seien das 750 Euro mehr pro Jahr im<br \/>\nVergleich zu heute, sagt Piechotta weiter.\u00a0\n<\/p>\n<p>        H\u00f6here Beitragssteigerung als erwartet        <\/p>\n<p class=\"paragraph article__item\">Anfang 2025 waren die Zusatzbeitr\u00e4ge, die die<br \/>\nKassen jeweils f\u00fcr ihre Versicherten festlegen,<a href=\"https:\/\/www.zeit.de\/gesundheit\/2024-12\/krankenkasse-pflegeversicherung-beitraege-erhoehung-2026-gkv-spitzenverband-doris-pfeiffer\" class=\"\" target=\"_blank\" rel=\"nofollow noopener\"> im Schnitt auf<br \/>\n2,9\u00a0Prozent gestiegen.<\/a> Das war mehr als die erwartete Zunahme um 0,8<br \/>\nPunkte auf einen amtlichen Orientierungswert von 2,5 Prozent. Zum<br \/>\nGesamtbeitrag geh\u00f6rt daneben der allgemeine Satz von 14,6 Prozent.\u00a0\n<\/p>\n<p class=\"paragraph article__item\">Der Rechnungshof weist darauf hin, dass der<br \/>\ndurchschnittliche Zusatzbeitragssatz seit 2015 von 0,9 Prozent um\u00a01,6<br \/>\nBeitragssatzpunkte gestiegen sei. &#8222;Die Finanzsituation der GKV belastet<br \/>\nzunehmend Beitragszahlerinnen und Beitragszahler sowie Arbeitgeberinnen<br \/>\nund Arbeitgeber.&#8220; Dabei sei der Gesamtsozialversicherungsbeitrag \u2013 also<br \/>\ndie Beitr\u00e4ge auch der anderen Sozialversicherungen \u2013 im Jahr 2025 um<br \/>\nknapp anderthalb Prozentpunkte auf 42,3 Prozent gestiegen.\n<\/p>\n<p>            Krise der Krankenkassen        <\/p>\n<p>Thema<\/p>\n<p>                <a href=\"https:\/\/www.zeit.de\/2025\/30\/jens-baas-techniker-krankenkasse-gesundheitssystem-reform\" data-ct-label=\"Jens Baas: &quot;Krebsmittel sind kein Luxusgut wie ein Porsche&quot;\" rel=\"nofollow noopener\" target=\"_blank\"><\/p>\n<p>        Z+ (abopflichtiger Inhalt);<\/p>\n<p>    Jens Baas:<br \/>\n                        &#8222;Krebsmittel sind kein Luxusgut wie ein Porsche&#8220;<\/p>\n<p>                <\/a><\/p>\n<p>                <a href=\"https:\/\/www.zeit.de\/2025\/01\/gesetzliche-krankenversicherung-krankenkasse-beitragserhoehungen-gesundheitsministerium\" data-ct-label=\"Gesetzliche Krankenversicherung: Das Ende der Vollkasko-Mentalit\u00e4t\" rel=\"nofollow noopener\" target=\"_blank\"><\/p>\n<p>        Z+ (abopflichtiger Inhalt);<\/p>\n<p>    Gesetzliche Krankenversicherung:<br \/>\n                        Das Ende der Vollkasko-Mentalit\u00e4t<\/p>\n<p>                <\/a><\/p>\n<p>                <a href=\"https:\/\/www.zeit.de\/geld\/2024-11\/krankenkassen-beitraege-wechsel-sparen\" data-ct-label=\"Krankenversicherung : So finden Sie eine g\u00fcnstige Krankenkasse\" rel=\"nofollow noopener\" target=\"_blank\"><\/p>\n<p>        Z+ (abopflichtiger Inhalt);<\/p>\n<p>    Krankenversicherung :<br \/>\n                        So finden Sie eine g\u00fcnstige Krankenkasse<\/p>\n<p>                <\/a><\/p>\n","protected":false},"excerpt":{"rendered":"Angesichts einer sich zuspitzenden Krise in der gesetzlichen Krankenversicherung (GKV) hat der Bundesrechnungshof Alarm geschlagen. In einem Schreiben&hellip;\n","protected":false},"author":2,"featured_media":354604,"comment_status":"","ping_status":"","sticky":false,"template":"","format":"standard","meta":{"footnotes":""},"categories":[2],"tags":[98065,29,1721,30,141,290,13,18765,1188,14,15,24341,12,10,8,9,11,80368],"class_list":{"0":"post-354603","1":"post","2":"type-post","3":"status-publish","4":"format-standard","5":"has-post-thumbnail","7":"category-deutschland","8":"tag-bericht-des-bundesrechnungshofs","9":"tag-deutschland","10":"tag-finanzen","11":"tag-germany","12":"tag-gesundheit","13":"tag-gesundheitswesen","14":"tag-headlines","15":"tag-krankenkasse","16":"tag-krankenversicherung","17":"tag-nachrichten","18":"tag-news","19":"tag-reform","20":"tag-schlagzeilen","21":"tag-top-news","22":"tag-top-meldungen","23":"tag-topmeldungen","24":"tag-topnews","25":"tag-zusatzbeitrag"},"share_on_mastodon":{"url":"https:\/\/pubeurope.com\/@de\/115050766997522004","error":""},"_links":{"self":[{"href":"https:\/\/www.europesays.com\/de\/wp-json\/wp\/v2\/posts\/354603","targetHints":{"allow":["GET"]}}],"collection":[{"href":"https:\/\/www.europesays.com\/de\/wp-json\/wp\/v2\/posts"}],"about":[{"href":"https:\/\/www.europesays.com\/de\/wp-json\/wp\/v2\/types\/post"}],"author":[{"embeddable":true,"href":"https:\/\/www.europesays.com\/de\/wp-json\/wp\/v2\/users\/2"}],"replies":[{"embeddable":true,"href":"https:\/\/www.europesays.com\/de\/wp-json\/wp\/v2\/comments?post=354603"}],"version-history":[{"count":0,"href":"https:\/\/www.europesays.com\/de\/wp-json\/wp\/v2\/posts\/354603\/revisions"}],"wp:featuredmedia":[{"embeddable":true,"href":"https:\/\/www.europesays.com\/de\/wp-json\/wp\/v2\/media\/354604"}],"wp:attachment":[{"href":"https:\/\/www.europesays.com\/de\/wp-json\/wp\/v2\/media?parent=354603"}],"wp:term":[{"taxonomy":"category","embeddable":true,"href":"https:\/\/www.europesays.com\/de\/wp-json\/wp\/v2\/categories?post=354603"},{"taxonomy":"post_tag","embeddable":true,"href":"https:\/\/www.europesays.com\/de\/wp-json\/wp\/v2\/tags?post=354603"}],"curies":[{"name":"wp","href":"https:\/\/api.w.org\/{rel}","templated":true}]}}