{"id":354606,"date":"2025-08-18T16:43:21","date_gmt":"2025-08-18T16:43:21","guid":{"rendered":"https:\/\/www.europesays.com\/de\/354606\/"},"modified":"2025-08-18T16:43:21","modified_gmt":"2025-08-18T16:43:21","slug":"gedenkstaette-roter-ochse-wegen-baumassnahmen-kurzzeitig-geschlossen","status":"publish","type":"post","link":"https:\/\/www.europesays.com\/de\/354606\/","title":{"rendered":"Gedenkst\u00e4tte ROTER OCHSE wegen Bauma\u00dfnahmen kurzzeitig geschlossen"},"content":{"rendered":"<p><img decoding=\"async\" src=\"https:\/\/www.europesays.com\/de\/wp-content\/uploads\/2025\/08\/roterochse_gedenkstaette01-678x381.jpg\" alt=\"Gedenkst\u00e4tte Roter Ochse Halle\" title=\"roterochse_gedenkstaette01\"\/><br \/>\n\u00a9 H@llAnzeiger<\/p>\n<p>Halle. RO. Die Gedenkst\u00e4tte ROTER OCHSE Halle (Saale) hat vom 25. August bis einschlie\u00dflich 3. September 2025 aufgrund der Durchf\u00fchrung von Bauma\u00dfnahmen geschlossen.<\/p>\n<p>Die nunmehr 20 Jahre alte Beleuchtungsanlage der Gedenkst\u00e4tte muss ausgetauscht werden. Die durch Investitionsmittel der Stiftung Gedenkst\u00e4tten Sachsen-Anhalt finanzierte Bauma\u00dfnahme ist notwendig geworden, da inzwischen immer mehr Leuchtmittel im Ausstellungsbereich und in den B\u00fcror\u00e4umen ihre Funktionsf\u00e4higkeit eingeb\u00fc\u00dft haben.<\/p>\n<p>Die Gedenkst\u00e4tte wird ab 4. September 2025 wieder f\u00fcr Besucherinnen und Besucher ge\u00f6ffnet sein. Geringf\u00fcgige Einschr\u00e4nkungen sind an den Folgetagen allerdings noch m\u00f6glich.<\/p>\n","protected":false},"excerpt":{"rendered":"\u00a9 H@llAnzeiger Halle. RO. Die Gedenkst\u00e4tte ROTER OCHSE Halle (Saale) hat vom 25. August bis einschlie\u00dflich 3. September&hellip;\n","protected":false},"author":2,"featured_media":354607,"comment_status":"","ping_status":"","sticky":false,"template":"","format":"standard","meta":{"footnotes":""},"categories":[1860],"tags":[3364,29,548,663,3934,30,4062,17332,13,14,15,17331,860,12],"class_list":{"0":"post-354606","1":"post","2":"type-post","3":"status-publish","4":"format-standard","5":"has-post-thumbnail","7":"category-halle-saale","8":"tag-de","9":"tag-deutschland","10":"tag-eu","11":"tag-europa","12":"tag-europe","13":"tag-germany","14":"tag-halle","15":"tag-halle-saale","16":"tag-headlines","17":"tag-nachrichten","18":"tag-news","19":"tag-saale","20":"tag-sachsen-anhalt","21":"tag-schlagzeilen"},"share_on_mastodon":{"url":"https:\/\/pubeurope.com\/@de\/115050775093854179","error":""},"_links":{"self":[{"href":"https:\/\/www.europesays.com\/de\/wp-json\/wp\/v2\/posts\/354606","targetHints":{"allow":["GET"]}}],"collection":[{"href":"https:\/\/www.europesays.com\/de\/wp-json\/wp\/v2\/posts"}],"about":[{"href":"https:\/\/www.europesays.com\/de\/wp-json\/wp\/v2\/types\/post"}],"author":[{"embeddable":true,"href":"https:\/\/www.europesays.com\/de\/wp-json\/wp\/v2\/users\/2"}],"replies":[{"embeddable":true,"href":"https:\/\/www.europesays.com\/de\/wp-json\/wp\/v2\/comments?post=354606"}],"version-history":[{"count":0,"href":"https:\/\/www.europesays.com\/de\/wp-json\/wp\/v2\/posts\/354606\/revisions"}],"wp:featuredmedia":[{"embeddable":true,"href":"https:\/\/www.europesays.com\/de\/wp-json\/wp\/v2\/media\/354607"}],"wp:attachment":[{"href":"https:\/\/www.europesays.com\/de\/wp-json\/wp\/v2\/media?parent=354606"}],"wp:term":[{"taxonomy":"category","embeddable":true,"href":"https:\/\/www.europesays.com\/de\/wp-json\/wp\/v2\/categories?post=354606"},{"taxonomy":"post_tag","embeddable":true,"href":"https:\/\/www.europesays.com\/de\/wp-json\/wp\/v2\/tags?post=354606"}],"curies":[{"name":"wp","href":"https:\/\/api.w.org\/{rel}","templated":true}]}}