{"id":355450,"date":"2025-08-19T00:30:13","date_gmt":"2025-08-19T00:30:13","guid":{"rendered":"https:\/\/www.europesays.com\/de\/355450\/"},"modified":"2025-08-19T00:30:13","modified_gmt":"2025-08-19T00:30:13","slug":"berlin-rechnungshof-zusatzbeitraege-koennten-stark-steigen","status":"publish","type":"post","link":"https:\/\/www.europesays.com\/de\/355450\/","title":{"rendered":"Berlin | Rechnungshof: Zusatzbeitr\u00e4ge k\u00f6nnten stark steigen"},"content":{"rendered":"<p>Berlin (dpa) &#8211; Den Krankenversicherten in Deutschland drohen sp\u00fcrbar steigende Zusatzbeitr\u00e4ge. Nach einem Rekordwachstum bei den Ausgaben im vergangenen Jahr w\u00fcrden auch k\u00fcnftig die Einnahmen der Krankenkassen durchg\u00e4ngig unter den Ausgaben bleiben, sagt der Bundesrechnungshof in einem neuen Bericht an den Haushaltsausschuss des Bundestags voraus. Das j\u00e4hrliche Milliardendefizit h\u00e4tte \u00abeinen Anstieg des durchschnittlichen Zusatzbeitragssatzes von 0,3 Beitragssatzpunkten pro Jahr\u00bb zur Folge.<\/p>\n<p>Die Finanzkontrolleure verweisen auf eine Prognose des Bundesgesundheitsministeriums, das in einem mittleren Szenario mit einem Anstieg auf 4,05 Prozent Zusatzbeitrag bis 2029 rechnet. Der 35-seitige Bericht, aus dem das Nachrichtenportal \u00abPolitico\u00bb zitierte, liegt der Deutschen Presse-Agentur in Berlin vor.\u00a0<\/p>\n<p>Kritik an Regierung<\/p>\n<p>Der Bundesregierung wirft der Rechnungshof Unt\u00e4tigkeit vor. \u00abDer\u00a0<br \/>Bund will eine Expertenkommission einrichten und schiebt notwendige Schritte auf die\u00a0lange Bank\u00bb, kritisiert die Beh\u00f6rde. Bundesgesundheitsministerin Nina Warken (CDU) hatte im Mai der \u00abFrankfurter Allgemeinen Zeitung\u00bb gesagt, \u00aberste Gegenma\u00dfnahmen\u00bb gegen den Beitragsanstieg seien vor den Ergebnissen der geplanten Reformkommission n\u00f6tig.<\/p>\n","protected":false},"excerpt":{"rendered":"Berlin (dpa) &#8211; Den Krankenversicherten in Deutschland drohen sp\u00fcrbar steigende Zusatzbeitr\u00e4ge. Nach einem Rekordwachstum bei den Ausgaben im&hellip;\n","protected":false},"author":2,"featured_media":355451,"comment_status":"","ping_status":"","sticky":false,"template":"","format":"standard","meta":{"footnotes":""},"categories":[1825],"tags":[1941,1939,296,1937,29,1721,30,141,1188,1940,1938],"class_list":{"0":"post-355450","1":"post","2":"type-post","3":"status-publish","4":"format-standard","5":"has-post-thumbnail","7":"category-berlin","8":"tag-aktuelle-nachrichten-aus-berlin","9":"tag-aktuelle-news-aus-berlin","10":"tag-berlin","11":"tag-berlin-news","12":"tag-deutschland","13":"tag-finanzen","14":"tag-germany","15":"tag-gesundheit","16":"tag-krankenversicherung","17":"tag-nachrichten-aus-berlin","18":"tag-news-aus-berlin"},"share_on_mastodon":{"url":"https:\/\/pubeurope.com\/@de\/115052611155793699","error":""},"_links":{"self":[{"href":"https:\/\/www.europesays.com\/de\/wp-json\/wp\/v2\/posts\/355450","targetHints":{"allow":["GET"]}}],"collection":[{"href":"https:\/\/www.europesays.com\/de\/wp-json\/wp\/v2\/posts"}],"about":[{"href":"https:\/\/www.europesays.com\/de\/wp-json\/wp\/v2\/types\/post"}],"author":[{"embeddable":true,"href":"https:\/\/www.europesays.com\/de\/wp-json\/wp\/v2\/users\/2"}],"replies":[{"embeddable":true,"href":"https:\/\/www.europesays.com\/de\/wp-json\/wp\/v2\/comments?post=355450"}],"version-history":[{"count":0,"href":"https:\/\/www.europesays.com\/de\/wp-json\/wp\/v2\/posts\/355450\/revisions"}],"wp:featuredmedia":[{"embeddable":true,"href":"https:\/\/www.europesays.com\/de\/wp-json\/wp\/v2\/media\/355451"}],"wp:attachment":[{"href":"https:\/\/www.europesays.com\/de\/wp-json\/wp\/v2\/media?parent=355450"}],"wp:term":[{"taxonomy":"category","embeddable":true,"href":"https:\/\/www.europesays.com\/de\/wp-json\/wp\/v2\/categories?post=355450"},{"taxonomy":"post_tag","embeddable":true,"href":"https:\/\/www.europesays.com\/de\/wp-json\/wp\/v2\/tags?post=355450"}],"curies":[{"name":"wp","href":"https:\/\/api.w.org\/{rel}","templated":true}]}}