{"id":355640,"date":"2025-08-19T02:21:28","date_gmt":"2025-08-19T02:21:28","guid":{"rendered":"https:\/\/www.europesays.com\/de\/355640\/"},"modified":"2025-08-19T02:21:28","modified_gmt":"2025-08-19T02:21:28","slug":"keine-herzsportgruppe-in-woerth-woerth","status":"publish","type":"post","link":"https:\/\/www.europesays.com\/de\/355640\/","title":{"rendered":"Keine Herzsportgruppe in W\u00f6rth &#8211; W\u00f6rth"},"content":{"rendered":"<p class=\"rhp-dpa-teaser\"><b>Warum gibt es in der Stadt W\u00f6rth keine Herzsportgruppe? Rolf Schwarz will nach einer  Herzoperation was Gezieltes f\u00fcr sich machen.<\/b><\/p>\n<p> \u201eIch bin schon entt\u00e4uscht, dass es in unserer Stadt <a class=\"rtr-entity\" data-rtr-entity=\"W\u00f6rth\" data-rtr-id=\"c68b4afdf45a0ab361d35b4a6813e0800f76b867\" data-rtr-score=\"399.46188340807174\" data-rtr-etype=\"location\" data-rtr-index=\"22\" href=\"https:\/\/www.rheinpfalz.de\/themen\/woerth-am-rhein?utm_source=rheinpfalz.de&amp;utm_medium=tms&amp;utm_campaign=intext\" rel=\"nofollow noopener\" target=\"_blank\">W\u00f6rth<\/a> keine Herzsportgruppe mehr gibt\u201c, sagt der 63-j\u00e4hrige ehemalige Hausmeister der Wohnbau, Rolf Schwarz. Er hat vor kurzem eine Herzoperation mit Byp\u00e4ssen in der Klinik in <a class=\"rtr-entity\" data-rtr-entity=\"Karlsruhe\" data-rtr-id=\"80c7016b06fa35b3df6c5c0b41fd6df26fb493b1\" data-rtr-score=\"6.849775784753363\" data-rtr-etype=\"location\" data-rtr-index=\"11\" href=\"https:\/\/www.rheinpfalz.de\/themen\/karlsruhe?utm_source=rheinpfalz.de&amp;utm_medium=tms&amp;utm_campaign=intext\" rel=\"nofollow noopener\" target=\"_blank\">Karlsruhe<\/a> mit anschlie\u00dfender Reha hinter sich. \u201eJetzt will und muss ich auch etwas Gezieltes f\u00fcr meine Gesundheit machen. Dazu ist eine Herzsportgruppe genau geeignet.\u201c<\/p>\n<p>Diese gab es fr\u00fcher auch in W\u00f6rth. \u201eBei den Gruppenstunden, f\u00fcr die es ein \u00e4rztliches Rezept gibt, muss wohl immer ein Arzt dabei sein. Ob es daran scheitert, dass es keine Herzsportgruppe mehr gibt, wei\u00df ich nicht. Aber ich bin sicher nicht der einzige Herzkranke, f\u00fcr den diese Gruppe das richtige Mittel w\u00e4re\u201c, meint Schwarz.<\/p>\n<p>Er hat sich bei der Leiterin der Gruppe in <a class=\"rtr-entity\" data-rtr-entity=\"Kandel\" data-rtr-id=\"ec2ca730440441e0984b84f0ecb5d345d041998e\" data-rtr-score=\"5.299887892376681\" data-rtr-etype=\"location\" data-rtr-index=\"21\" href=\"https:\/\/www.rheinpfalz.de\/themen\/kandel?utm_source=rheinpfalz.de&amp;utm_medium=tms&amp;utm_campaign=intext\" rel=\"nofollow noopener\" target=\"_blank\">Kandel<\/a> Andrea Fried erkundigt. Dort gibt es aber einen Aufnahmestopp. \u201eSie wollte sich bei mir melden, wenn wieder ein Platz frei werde. Das ist aber bisher nicht geschehen.\u201c  In <a class=\"rtr-entity\" data-rtr-entity=\"R\u00fclzheim\" data-rtr-id=\"438def70a2e0289aca86420e4a1bc983a7b21a2a\" data-rtr-score=\"9.596412556053812\" data-rtr-etype=\"location\" data-rtr-index=\"12\" href=\"https:\/\/www.rheinpfalz.de\/themen\/ruelzheim?utm_source=rheinpfalz.de&amp;utm_medium=tms&amp;utm_campaign=intext\" rel=\"nofollow noopener\" target=\"_blank\">R\u00fclzheim<\/a> besteht der Verein \u201eHerz- und Atemwegssportgruppe e.V.\u201c, in Bellheim eine \u201eHerzgruppe e.V.\u201c, in Herxheim wird \u201eGesundheits- und Rehabilitationssport\u201c im Gesundheitszentrum betrieben \u2013 hat Schwarz erfahren.<\/p>\n<p>\u201eF\u00fcr mich, der noch nie einen PKW-F\u00fchrerschein besa\u00df, ist es auch schwierig, immer nach ausw\u00e4rts zu fahren. Deshalb hoffte ich, dass es auch in W\u00f6rth einen oder mehrere Interessenten gibt, die eine Herzsportgruppe wieder ins Leben rufen k\u00f6nnten.\u201c <\/p>\n<p>Inzwischen erkundigte sich Schwarz in R\u00fclzheim genauer, wo dienstags um 19.30 Uhr die \u00dcbungsstunde, geleitet von vier verschiedenen Frauen jeweils f\u00fcr 60 Minuten stattfindet. \u201eIch wurde dort sofort freundlich aufgenommen und gleich zum Mitmachen animiert. Anfangs fuhr ich mit Fahrrad, Roller oder S-Bahn dorthin. <\/p>\n<p>Jetzt f\u00e4hrt mich meine Frau mit dem Auto und sie nimmt auch aktiv an den \u00dcbungen teil. Es ist ein eingetragener Verein, der seit 1988 besteht. Wir sind auch beide Mitglied geworden.\u201c Der Verein bietet Sport f\u00fcr Herz- und Atemwegskranke, Patienten nach Herzinfarkt und operativen Eingriffen am Herzen und der Lunge. Aber auch gesunden Menschen, die Herz- und Kreislauferkrankungen sowie Lungenerkrankungen durch sportliche Bet\u00e4tigungen vorbeugen wollen, bietet er sportliche Bet\u00e4tigung an. Vorsitzender des Vereins, der fast 200 Mitglieder hat, ist Holger Busch. \u201eEr ist auch gleichzeitig mein Kardiologe in Germersheim, wo ich sehr gut aufgehoben bin. Die \u00dcbungsstunden gefallen meiner Frau und mir sehr gut. Deswegen werden wir auch hier bleiben. Trotzdem bedaure ich es, dass es in W\u00f6rth keine derartige Einrichtung oder eine Herzsportgruppe gibt. Dies w\u00e4re sicher auch in W\u00f6rth gut angebracht\u201c, meint Schwarz.<\/p>\n","protected":false},"excerpt":{"rendered":"Warum gibt es in der Stadt W\u00f6rth keine Herzsportgruppe? Rolf Schwarz will nach einer Herzoperation was Gezieltes f\u00fcr&hellip;\n","protected":false},"author":2,"featured_media":355641,"comment_status":"","ping_status":"","sticky":false,"template":"","format":"standard","meta":{"footnotes":""},"categories":[1844],"tags":[98257,1634,3364,29,30,98255,34959,8903,4060,98256,60815,26148],"class_list":{"0":"post-355640","1":"post","2":"type-post","3":"status-publish","4":"format-standard","5":"has-post-thumbnail","7":"category-karlsruhe","8":"tag-andrea-fried","9":"tag-baden-wuerttemberg","10":"tag-de","11":"tag-deutschland","12":"tag-germany","13":"tag-herzsportgruppe","14":"tag-kandel","15":"tag-karlsruhe","16":"tag-lokal","17":"tag-rolf-schwarz","18":"tag-ruelzheim","19":"tag-woerth"},"share_on_mastodon":{"url":"https:\/\/pubeurope.com\/@de\/115053047631261622","error":""},"_links":{"self":[{"href":"https:\/\/www.europesays.com\/de\/wp-json\/wp\/v2\/posts\/355640","targetHints":{"allow":["GET"]}}],"collection":[{"href":"https:\/\/www.europesays.com\/de\/wp-json\/wp\/v2\/posts"}],"about":[{"href":"https:\/\/www.europesays.com\/de\/wp-json\/wp\/v2\/types\/post"}],"author":[{"embeddable":true,"href":"https:\/\/www.europesays.com\/de\/wp-json\/wp\/v2\/users\/2"}],"replies":[{"embeddable":true,"href":"https:\/\/www.europesays.com\/de\/wp-json\/wp\/v2\/comments?post=355640"}],"version-history":[{"count":0,"href":"https:\/\/www.europesays.com\/de\/wp-json\/wp\/v2\/posts\/355640\/revisions"}],"wp:featuredmedia":[{"embeddable":true,"href":"https:\/\/www.europesays.com\/de\/wp-json\/wp\/v2\/media\/355641"}],"wp:attachment":[{"href":"https:\/\/www.europesays.com\/de\/wp-json\/wp\/v2\/media?parent=355640"}],"wp:term":[{"taxonomy":"category","embeddable":true,"href":"https:\/\/www.europesays.com\/de\/wp-json\/wp\/v2\/categories?post=355640"},{"taxonomy":"post_tag","embeddable":true,"href":"https:\/\/www.europesays.com\/de\/wp-json\/wp\/v2\/tags?post=355640"}],"curies":[{"name":"wp","href":"https:\/\/api.w.org\/{rel}","templated":true}]}}