{"id":355721,"date":"2025-08-19T03:25:27","date_gmt":"2025-08-19T03:25:27","guid":{"rendered":"https:\/\/www.europesays.com\/de\/355721\/"},"modified":"2025-08-19T03:25:27","modified_gmt":"2025-08-19T03:25:27","slug":"1-fc-koeln-naechster-rueckschlag-fuer-huseinbasic","status":"publish","type":"post","link":"https:\/\/www.europesays.com\/de\/355721\/","title":{"rendered":"1. FC K\u00f6ln: N\u00e4chster R\u00fcckschlag f\u00fcr Huseinbasic"},"content":{"rendered":"<p class=\"text-18 leading-17\"><a class=\"transition-colors duration-200 cursor-pointer text-inherit no-underline text-salemsfur md:hover:text-magenta md:hover:border-magenta md:focus:text-magenta border-current border-b border-solid break-words\" href=\"https:\/\/www.t-online.de\/themen\/marvin-schwaebe\/\" data-sctrack=\"BodyAnchor\" target=\"_blank\" rel=\"noopener\">Marvin Schw\u00e4be<\/a> ist der neue Kapit\u00e4n des 1. FC K\u00f6ln. Diese Entscheidung verk\u00fcndete Trainer Lukas Kwasniok am Freitagmorgen bei der Pressekonferenz vor dem Pokalspiel beim SSV <a class=\"transition-colors duration-200 cursor-pointer text-inherit no-underline text-salemsfur md:hover:text-magenta md:hover:border-magenta md:focus:text-magenta border-current border-b border-solid break-words\" href=\"https:\/\/www.t-online.de\/themen\/jahn-regensburg\/\" data-sctrack=\"BodyAnchor\" target=\"_blank\" rel=\"noopener\">Jahn Regensburg<\/a>. &#8222;Marvin wird die Nummer eins sein \u2013 auf dem Feld grunds\u00e4tzlich und auch unser Kapit\u00e4n.&#8220; Als Vizekapit\u00e4n benannte Kwasniok seinen zweiten Torh\u00fcter, <a class=\"transition-colors duration-200 cursor-pointer text-inherit no-underline text-salemsfur md:hover:text-magenta md:hover:border-magenta md:focus:text-magenta border-current border-b border-solid break-words\" href=\"https:\/\/www.t-online.de\/themen\/ron-robert-zieler\/\" data-sctrack=\"BodyAnchor\" target=\"_blank\" rel=\"noopener\">Ron-Robert Zieler<\/a>. Der Weltmeister von 2014 ist gleichzeitig K\u00f6lns Pokaltorwart, wird also am Sonntag in Regensburg zwischen den Pfosten stehen.<\/p>\n<p class=\"text-18 leading-17\">Kwasniok bezeichnete Schw\u00e4be und Zieler als &#8222;brutale Pers\u00f6nlichkeiten&#8220; und betonte zugleich, dass seine Wahl &#8222;in keinster Form&#8220; als Entscheidung gegen den bisherigen Amtsinhaber Timo H\u00fcbers und den weiteren Kandidaten Eric Martel zu werten sei. Ein Aspekt war auch die Tatsache, dass beide beim FC nur noch bis 2026 unter Vertrag stehen. &#8222;Wenn H\u00fcbi oder Eric Kapit\u00e4n w\u00e4ren, m\u00fcsste ich sp\u00e4testens im Oktober oder November ganz viele Fragen beantworten. Wann verl\u00e4ngert der Kapit\u00e4n seinen Vertrag? Diese Thematik haben wir umgangen&#8220;, so Kwasniok.<\/p>\n<p class=\"text-18 leading-17\">Donnerstag, 14. August 2025<\/p>\n<p class=\"text-18 leading-17\">Der 1. FC K\u00f6ln sorgt auf dem <a class=\"transition-colors duration-200 cursor-pointer text-inherit no-underline text-salemsfur md:hover:text-magenta md:hover:border-magenta md:focus:text-magenta border-current border-b border-solid break-words\" href=\"https:\/\/www.t-online.de\/themen\/transfermarkt\/\" data-sctrack=\"BodyAnchor\" target=\"_blank\" rel=\"noopener\">Transfermarkt<\/a> weiter f\u00fcr Aufsehen. Am Donnerstag hat der FC die Verpflichtung von Maik Afri Akumu bekannt gegeben. Der 17-J\u00e4hrige wechselt von <a class=\"transition-colors duration-200 cursor-pointer text-inherit no-underline text-salemsfur md:hover:text-magenta md:hover:border-magenta md:focus:text-magenta border-current border-b border-solid break-words\" href=\"https:\/\/www.t-online.de\/themen\/hertha-bsc\/\" data-sctrack=\"BodyAnchor\" target=\"_blank\" rel=\"noopener\">Hertha BSC<\/a> in die Domstadt. Das Offensivtalent lief in der vergangenen Saison als U17-Spieler bereits f\u00fcr die U19 und die U21 der Hauptst\u00e4dter auf. Nun unterschrieb der deutsche U-Nationalspieler einen &#8222;langfristigen Vertrag&#8220;, wie der FC mitteilte.<\/p>\n<p class=\"text-18 leading-17\">&#8222;Mit Maik Akumu kann der 1. FC K\u00f6ln einen hoch veranlagten Offensivspieler verpflichten, der sicherlich rund um seinen Jahrgang als eines der spannendsten Talente angesehen werden kann&#8220;, sagte Lukas Berg, Technischer Direktor, am Gei\u00dfbockheim. &#8222;Wir besch\u00e4ftigen uns schon seit langer Zeit mit Maik und sind daher stolz, dass wir den Transfer nun realisieren konnten.&#8220; Der 2008 geborene Youngster soll zun\u00e4chst im FC-Nachwuchs spielen, ist aber f\u00fcr die Profis in Zukunft eingeplant. Die Abl\u00f6se soll im hohen sechsstelligen Bereich liegen.<\/p>\n","protected":false},"excerpt":{"rendered":"Marvin Schw\u00e4be ist der neue Kapit\u00e4n des 1. FC K\u00f6ln. Diese Entscheidung verk\u00fcndete Trainer Lukas Kwasniok am Freitagmorgen&hellip;\n","protected":false},"author":2,"featured_media":355722,"comment_status":"","ping_status":"","sticky":false,"template":"","format":"standard","meta":{"footnotes":""},"categories":[1828],"tags":[623,3175,3176,3174,3177,621,3167,629,1628,3166,29,481,1264,3148,3153,483,95717,3173,485,3145,3138,3151,30,98267,1420,3134,3142,46495,3143,3169,18507,3160,3172,3170,3168,3129,1552,1209,3144,727,2697,64130,22507,17149,12946,76850,59732,3135,15351,59730,16757,226,7249,3141,3171,3165,6921],"class_list":{"0":"post-355721","1":"post","2":"type-post","3":"status-publish","4":"format-standard","5":"has-post-thumbnail","7":"category-koeln","8":"tag-1-fc-koeln","9":"tag-3175","10":"tag-3176","11":"tag-3174","12":"tag-3177","13":"tag-2-bundesliga","14":"tag-anthony-modeste","15":"tag-arbeitgeber","16":"tag-bosnien-herzegowina","17":"tag-britta-carlson","18":"tag-deutschland","19":"tag-dfb","20":"tag-dfb-pokal","21":"tag-domstadt","22":"tag-eric-martel","23":"tag-fc-augsburg","24":"tag-fc-middlesbrough","25":"tag-frauenfussball","26":"tag-fussball-bundesliga","27":"tag-fussballklub","28":"tag-geissbock","29":"tag-gerhard-struber","30":"tag-germany","31":"tag-jusuf-gazibegovic","32":"tag-koeln","33":"tag-linton-maina","34":"tag-luca-waldschmidt","35":"tag-lukas-podolski","36":"tag-mark-uth","37":"tag-markus-rejek","38":"tag-marvin-schwaebe","39":"tag-mathias-olesen","40":"tag-max-finkgraefe","41":"tag-maximilian-schmid","42":"tag-meiko-sponsel","43":"tag-newsblog","44":"tag-newsticker","45":"tag-nordrhein-westfalen","46":"tag-ostwestfalen","47":"tag-paderborn","48":"tag-pflichtspiel","49":"tag-pokalauftakt","50":"tag-ralf-kettemann","51":"tag-raphael-obermair","52":"tag-regensburg","53":"tag-ron-robert-zieler","54":"tag-san-marino","55":"tag-sc-paderborn","56":"tag-scp","57":"tag-sergej-barbarez","58":"tag-ssv-jahn-regensburg","59":"tag-t-online","60":"tag-thomas-kessler","61":"tag-timo-huebers","62":"tag-trainingslager","63":"tag-transfermarkt","64":"tag-viktoria-koeln"},"share_on_mastodon":{"url":"","error":"Validation failed: Text character limit of 500 exceeded"},"_links":{"self":[{"href":"https:\/\/www.europesays.com\/de\/wp-json\/wp\/v2\/posts\/355721","targetHints":{"allow":["GET"]}}],"collection":[{"href":"https:\/\/www.europesays.com\/de\/wp-json\/wp\/v2\/posts"}],"about":[{"href":"https:\/\/www.europesays.com\/de\/wp-json\/wp\/v2\/types\/post"}],"author":[{"embeddable":true,"href":"https:\/\/www.europesays.com\/de\/wp-json\/wp\/v2\/users\/2"}],"replies":[{"embeddable":true,"href":"https:\/\/www.europesays.com\/de\/wp-json\/wp\/v2\/comments?post=355721"}],"version-history":[{"count":0,"href":"https:\/\/www.europesays.com\/de\/wp-json\/wp\/v2\/posts\/355721\/revisions"}],"wp:featuredmedia":[{"embeddable":true,"href":"https:\/\/www.europesays.com\/de\/wp-json\/wp\/v2\/media\/355722"}],"wp:attachment":[{"href":"https:\/\/www.europesays.com\/de\/wp-json\/wp\/v2\/media?parent=355721"}],"wp:term":[{"taxonomy":"category","embeddable":true,"href":"https:\/\/www.europesays.com\/de\/wp-json\/wp\/v2\/categories?post=355721"},{"taxonomy":"post_tag","embeddable":true,"href":"https:\/\/www.europesays.com\/de\/wp-json\/wp\/v2\/tags?post=355721"}],"curies":[{"name":"wp","href":"https:\/\/api.w.org\/{rel}","templated":true}]}}