{"id":355856,"date":"2025-08-19T04:47:12","date_gmt":"2025-08-19T04:47:12","guid":{"rendered":"https:\/\/www.europesays.com\/de\/355856\/"},"modified":"2025-08-19T04:47:12","modified_gmt":"2025-08-19T04:47:12","slug":"einschulung-am-dienstag-zwei-erstklaessler-erklaeren-worauf-sie-sich-freuen","status":"publish","type":"post","link":"https:\/\/www.europesays.com\/de\/355856\/","title":{"rendered":"Einschulung am Dienstag: Zwei Erstkl\u00e4ssler erkl\u00e4ren, worauf sie sich freuen"},"content":{"rendered":"<p><strong>Marielle und Carlo, ihr kennt euch aus dem Kindergarten und kommt am Dienstag in die Grundschule. Worauf freut ihr euch am meisten? <\/strong><\/p>\n<p class=\"p1 sm:p1-medium items-start pb-[20px]\" data-selector=\"body-paragraph\" data-external-selector=\"body-elements-paragraph\" data-v-f16c667d=\"\" data-v-439309db=\"\">Marielle: Also, ich bin gut in Mathe und auch im Rechnen.<\/p>\n<p><strong>K\u00f6nnt ihr schon rechnen? <\/strong><\/p>\n<p class=\"p1 sm:p1-medium items-start pb-[20px]\" data-selector=\"body-paragraph\" data-external-selector=\"body-elements-paragraph\" data-v-f16c667d=\"\" data-v-439309db=\"\">Carlo: Ich kann sehr gut rechnen.<\/p>\n<p class=\"p1 sm:p1-medium items-start pb-[20px]\" data-selector=\"body-paragraph\" data-external-selector=\"body-elements-paragraph\" data-v-f16c667d=\"\" data-v-439309db=\"\">Marielle: Weil 10+10 ist 20. 3+4 ist 7. Deswegen 27.<\/p>\n<p><strong>Das geht ja schon \u00fcber den Zahlenraum bis zehn hinaus. Bis wie viel k\u00f6nnt ihr denn schon rechnen? <\/strong><\/p>\n<p class=\"p1 sm:p1-medium items-start pb-[20px]\" data-selector=\"body-paragraph\" data-external-selector=\"body-elements-paragraph\" data-v-f16c667d=\"\" data-v-439309db=\"\">Carlo: Ich kann bis 128 rechnen. 1+1=2. 2+2=4. 4+4=8. 8+8=16. 16+16=32. 32+32= 64. Und 64+64=128.<\/p>\n<p><strong>Ich bin begeistert. Und wie viel ist 128+128? <\/strong><\/p>\n<p><strong>Nicht ganz. Soll ich sagen? 256. Das ist aber schon richtig kompliziert. Ihr k\u00f6nnt super rechnen. K\u00f6nnt ihr auch schon etwas schreiben? <\/strong><\/p>\n<p class=\"p1 sm:p1-medium items-start pb-[20px]\" data-selector=\"body-paragraph\" data-external-selector=\"body-elements-paragraph\" data-v-f16c667d=\"\" data-v-439309db=\"\">Marielle: Ja, sehr viel sogar. Gro\u00dfe und kleine Buchstaben. Ich schreibe bei meinem Namen immer den ersten Buchstaben gro\u00df und die anderen klein.<\/p>\n<p class=\"p1 sm:p1-medium items-start pb-[20px]\" data-selector=\"body-paragraph\" data-external-selector=\"body-elements-paragraph\" data-v-f16c667d=\"\" data-v-439309db=\"\">Carlo: Ich kann Mama, Papa, Carlo, Oma, Opa schreiben. Und ich kann Schiff buchstabieren. S, O\u2026<\/p>\n<p><strong>Der sch-Laut besteht aus drei Buchstaben: S, C, H \u2026 <\/strong><\/p>\n<p class=\"p1 sm:p1-medium items-start pb-[20px]\" data-selector=\"body-paragraph\" data-external-selector=\"body-elements-paragraph\" data-v-f16c667d=\"\" data-v-439309db=\"\">Carlo: Also eigentlich kann ich nur ein Schiff buchstabieren. N\u00e4mlich die AIDA.<\/p>\n<p><strong>Worauf freut ihr euch noch, wenn ihr an die Schule denkt? <\/strong><\/p>\n<p class=\"p1 sm:p1-medium items-start pb-[20px]\" data-selector=\"body-paragraph\" data-external-selector=\"body-elements-paragraph\" data-v-f16c667d=\"\" data-v-439309db=\"\">Marielle: Sport. Weil wir uns da bewegen k\u00f6nnen und nicht die ganze Zeit im Klassenzimmer rumsitzen m\u00fcssen.<\/p>\n<p class=\"p1 sm:p1-medium items-start pb-[20px]\" data-selector=\"body-paragraph\" data-external-selector=\"body-elements-paragraph\" data-v-f16c667d=\"\" data-v-439309db=\"\">Carlo: Und weil es da so coole Turnringe gibt.<\/p>\n<p><strong>Habt ihr euch die Schule schon mal angeschaut? <\/strong><\/p>\n<p class=\"p1 sm:p1-medium items-start pb-[20px]\" data-selector=\"body-paragraph\" data-external-selector=\"body-elements-paragraph\" data-v-f16c667d=\"\" data-v-439309db=\"\">Beide: Ja beim Tag der offenen T\u00fcr.<\/p>\n<p><img decoding=\"async\" alt=\"Gut vorbereitet: Das M\u00e4ppchen ist gef\u00fcllt.\" height=\"1999\" loading=\"lazy\"   src=\"https:\/\/www.europesays.com\/de\/wp-content\/uploads\/2025\/08\/gut-vorbereitet-das-maeppchen.jpg\" width=\"3000\" class=\"sm:w-content-sm w-full\" tabindex=\"0\"\/>Gut vorbereitet: Das M\u00e4ppchen ist gef\u00fcllt.Jannis Schubert<\/p>\n<p><strong>Was hat euch besonders gut gefallen? <\/strong><\/p>\n<p class=\"p1 sm:p1-medium items-start pb-[20px]\" data-selector=\"body-paragraph\" data-external-selector=\"body-elements-paragraph\" data-v-f16c667d=\"\" data-v-439309db=\"\">Carlo: Der Pausenhof, da gibt es jetzt ein richtig cooles Kletterger\u00fcst.<\/p>\n<p class=\"p1 sm:p1-medium items-start pb-[20px]\" data-selector=\"body-paragraph\" data-external-selector=\"body-elements-paragraph\" data-v-f16c667d=\"\" data-v-439309db=\"\">Marielle: Das ist sogar schon offen. Der Zaun ist schon weg.<\/p>\n<p><strong>Wisst ihr schon, wer eure Klassenlehrerin oder euer Klassenlehrer wird? <\/strong><\/p>\n<p class=\"p1 sm:p1-medium items-start pb-[20px]\" data-selector=\"body-paragraph\" data-external-selector=\"body-elements-paragraph\" data-v-f16c667d=\"\" data-v-439309db=\"\">Marielle: Ne, das erfahren wir erst am Dienstag.<\/p>\n<p><strong>Seid ihr den Schulweg schon mal abgelaufen? <\/strong><\/p>\n<p class=\"p1 sm:p1-medium items-start pb-[20px]\" data-selector=\"body-paragraph\" data-external-selector=\"body-elements-paragraph\" data-v-f16c667d=\"\" data-v-439309db=\"\">Carlo: Ich habe gestern den Schulweg von der Schule zum Hort ge\u00fcbt. Das hat 27 Minuten gedauert.<\/p>\n<p><strong>So lang? Habt ihr getr\u00f6delt? <\/strong><\/p>\n<p class=\"p1 sm:p1-medium items-start pb-[20px]\" data-selector=\"body-paragraph\" data-external-selector=\"body-elements-paragraph\" data-v-f16c667d=\"\" data-v-439309db=\"\">Marielle: Ich gehe einfach so zu meiner Freundin, die wohnt in der Nachbarschaft. Dann \u00fcberqueren wir die Stra\u00dfe. Noch einen Freund abholen. Noch mal Stra\u00dfe \u00fcberqueren. Noch mal um die Ecke. Schon da.<\/p>\n<p class=\"p1 sm:p1-medium items-start pb-[20px]\" data-selector=\"body-paragraph\" data-external-selector=\"body-elements-paragraph\" data-v-f16c667d=\"\" data-v-439309db=\"\">Carlo: Meine Mama hat gesagt, an welcher Kreuzung wir abbiegen m\u00fcssen. Da war dann so ein M\u00fclleimer und ein Gesch\u00e4ft. Und an der n\u00e4chsten Ecke ein Briefkasten. So mussten wir uns die Ecken merken.<\/p>\n<p><strong>Das ist eine Sache der \u00dcbung. Zu Beginn gehen eure Eltern ja auch noch mit. Lauft ihr zu Fu\u00df zur Schule? <\/strong><\/p>\n<p class=\"p1 sm:p1-medium items-start pb-[20px]\" data-selector=\"body-paragraph\" data-external-selector=\"body-elements-paragraph\" data-v-f16c667d=\"\" data-v-439309db=\"\">Carlo: Ja, oder mit dem Bus. Oder mein Opa schenkt mir einen Motorroller.<\/p>\n<p class=\"p1 sm:p1-medium items-start pb-[20px]\" data-selector=\"body-paragraph\" data-external-selector=\"body-elements-paragraph\" data-v-f16c667d=\"\" data-v-439309db=\"\">Carlo: Ja, so ein kleines vierr\u00e4driges Ding. Das f\u00e4hrt bis zu 20 Stundenkilometer schnell.<\/p>\n<p><strong>Das w\u00e4re aber etwas Besonderes. K\u00f6nnt ihr mir mal euren Ranzen zeigen? <\/strong><\/p>\n<p class=\"p1 sm:p1-medium items-start pb-[20px]\" data-selector=\"body-paragraph\" data-external-selector=\"body-elements-paragraph\" data-v-f16c667d=\"\" data-v-439309db=\"\">Marielle: Meiner ist bunt. Da sind drei Einh\u00f6rner und ein Kristall drauf. Bei mir sind ganz viele Schnellhefter drin. Buntes Papier. Filzstifte. Bleistifte. Schere. Drei Klebers. \u00dcberall steht auch mein Name drin. Hier, mein anderes M\u00e4ppchen: Bleistift, Lineal, Spitzer, Radiergummi, Buntstifte, dicke Buntstifte. Hier habe ich noch meinen Kunstschwamm.<\/p>\n<p><strong>Was ist das denn? Das kenne ich gar nicht. <\/strong><\/p>\n<p class=\"p1 sm:p1-medium items-start pb-[20px]\" data-selector=\"body-paragraph\" data-external-selector=\"body-elements-paragraph\" data-v-f16c667d=\"\" data-v-439309db=\"\">Marielle: Damit tupft man dann so Bilder. Hier noch Wachsmalstifte.<\/p>\n<p class=\"p1 sm:p1-medium items-start pb-[20px]\" data-selector=\"body-paragraph\" data-external-selector=\"body-elements-paragraph\" data-v-f16c667d=\"\" data-v-439309db=\"\">Carlo: Marielle, du solltest deine Schnellhefter sortiert lassen.<\/p>\n<p><strong>Legt die Sachen besser mal wieder rein, damit sie nicht durcheinanderkommen. <\/strong><\/p>\n<p><strong>Ja. Zeig mal bitte, wie sieht es bei dir aus?<\/strong><\/p>\n<p class=\"p1 sm:p1-medium items-start pb-[20px]\" data-selector=\"body-paragraph\" data-external-selector=\"body-elements-paragraph\" data-v-f16c667d=\"\" data-v-439309db=\"\">Carlo: Bei mir ist ein Panther auf dem Ranzen. Und hier: Schnellhefter, Turnbeutel, M\u00e4ppchen, Folienstift, Bleistift, Radiergummi, Lineal, Buntstifte und Stundenplan. Und hier noch mein Malblock. Und ich habe noch hier vorn einen Regenschutz.<\/p>\n<p><strong>Ah, super, so wird der Ranzen nicht nass. <\/strong><\/p>\n<p class=\"p1 sm:p1-medium items-start pb-[20px]\" data-selector=\"body-paragraph\" data-external-selector=\"body-elements-paragraph\" data-v-f16c667d=\"\" data-v-439309db=\"\">Carlo: Und ich werde nicht nass. Weil ich habe noch einen Regenschirm.<\/p>\n<p class=\"p1 sm:p1-medium items-start pb-[20px]\" data-selector=\"body-paragraph\" data-external-selector=\"body-elements-paragraph\" data-v-f16c667d=\"\" data-v-439309db=\"\">Marielle: Ich wei\u00df, was man da vorn reintut: Die Brotbox.<\/p>\n<p class=\"p1 sm:p1-medium items-start pb-[20px]\" data-selector=\"body-paragraph\" data-external-selector=\"body-elements-paragraph\" data-v-f16c667d=\"\" data-v-439309db=\"\">Carlo: Nein, da kommt der Schutz rein.<\/p>\n<p><strong>Das kann ja jeder so machen, wie er will. Sagt mal, wie ist das bei euch mit dem fr\u00fchen Aufstehen? Ihr m\u00fcsst ja wahrscheinlich fr\u00fcher raus als \u00adbisher. <\/strong><\/p>\n<p class=\"p1 sm:p1-medium items-start pb-[20px]\" data-selector=\"body-paragraph\" data-external-selector=\"body-elements-paragraph\" data-v-f16c667d=\"\" data-v-439309db=\"\">Marielle: Meine Eltern stellen mir immer den Wecker.<\/p>\n<p class=\"p1 sm:p1-medium items-start pb-[20px]\" data-selector=\"body-paragraph\" data-external-selector=\"body-elements-paragraph\" data-v-f16c667d=\"\" data-v-439309db=\"\">Carlo: Normalerweise stehe ich um sechs, sieben auf.<\/p>\n<p class=\"p1 sm:p1-medium items-start pb-[20px]\" data-selector=\"body-paragraph\" data-external-selector=\"body-elements-paragraph\" data-v-f16c667d=\"\" data-v-439309db=\"\">Marielle: Ich stehe immer so Viertel nach acht auf. Vor neun so.<\/p>\n<p class=\"p1 sm:p1-medium items-start pb-[20px]\" data-selector=\"body-paragraph\" data-external-selector=\"body-elements-paragraph\" data-v-f16c667d=\"\" data-v-439309db=\"\">Carlo: Ich finde noch an der Schule sch\u00f6n, dass man viel mehr Ferien hat als im Kindergarten.<\/p>\n<p class=\"p1 sm:p1-medium items-start pb-[20px]\" data-selector=\"body-paragraph\" data-external-selector=\"body-elements-paragraph\" data-v-f16c667d=\"\" data-v-439309db=\"\">Marielle: Ich turne weiter. Hallo, Carlo! Kopf\u00fcber!<\/p>\n<p><strong>Gibt es irgendetwas an der Schule, \u00adworauf ihr euch nicht freut? Was ist im Kindergarten vielleicht besser? <\/strong><\/p>\n<p class=\"p1 sm:p1-medium items-start pb-[20px]\" data-selector=\"body-paragraph\" data-external-selector=\"body-elements-paragraph\" data-v-f16c667d=\"\" data-v-439309db=\"\">Carlo: Im Kindergarten hat man viel mehr Spielger\u00e4te im Garten als in der Schule.<\/p>\n<p class=\"p1 sm:p1-medium items-start pb-[20px]\" data-selector=\"body-paragraph\" data-external-selector=\"body-elements-paragraph\" data-v-f16c667d=\"\" data-v-439309db=\"\">Marielle: Ich freue mich richtig auf Mathe, Sport und Kunst.<\/p>\n<p class=\"p1 sm:p1-medium items-start pb-[20px]\" data-selector=\"body-paragraph\" data-external-selector=\"body-elements-paragraph\" data-v-f16c667d=\"\" data-v-439309db=\"\">Carlo: Kunst kann ich auch sehr gut. Ich habe mal aus Pappmach\u00e9 einen Astronauten gebaut.<\/p>\n<p><strong>Freut ihr euch auch auf Deutsch? Also darauf, lesen und schreiben zu lernen?<\/strong><\/p>\n<p class=\"p1 sm:p1-medium items-start pb-[20px]\" data-selector=\"body-paragraph\" data-external-selector=\"body-elements-paragraph\" data-v-f16c667d=\"\" data-v-439309db=\"\">Carlo: Bei uns auf der Schule lernt man erst Deutsch. Und dann lernt man Spanisch und Englisch.<\/p>\n<p class=\"p1 sm:p1-medium items-start pb-[20px]\" data-selector=\"body-paragraph\" data-external-selector=\"body-elements-paragraph\" data-v-f16c667d=\"\" data-v-439309db=\"\">Carlo: Ja, aber erst ab der zweiten Klasse.<\/p>\n<p><strong>Habt ihr ein Lieblingsbuch? <\/strong><\/p>\n<p class=\"p1 sm:p1-medium items-start pb-[20px]\" data-selector=\"body-paragraph\" data-external-selector=\"body-elements-paragraph\" data-v-f16c667d=\"\" data-v-439309db=\"\">Marielle: Schule der magischen Tiere.<\/p>\n<p class=\"p1 sm:p1-medium items-start pb-[20px]\" data-selector=\"body-paragraph\" data-external-selector=\"body-elements-paragraph\" data-v-f16c667d=\"\" data-v-439309db=\"\">Carlo: Bei mir auch Schule der magischen Tiere. Und alles \u00fcber Schule.<\/p>\n<p><strong>Wie stellt Ihr euch die Schule und den Unterricht vor? <\/strong><\/p>\n<p class=\"p1 sm:p1-medium items-start pb-[20px]\" data-selector=\"body-paragraph\" data-external-selector=\"body-elements-paragraph\" data-v-f16c667d=\"\" data-v-439309db=\"\">Marielle: Also, dass da immer so Zweier-Tische sind in drei Reihen. Und dass man sich immer so meldet bei Deutsch oder Mathe.<\/p>\n<p class=\"p1 sm:p1-medium items-start pb-[20px]\" data-selector=\"body-paragraph\" data-external-selector=\"body-elements-paragraph\" data-v-f16c667d=\"\" data-v-439309db=\"\">Carlo: Ja, und dass die Lehrerin dann so sagt: Was ergibt 7 plus 7? Und dann meldet man sich, und dann sagt man\u2019s einfach.<\/p>\n<p><strong>Ihr glaubt also, dass man da nicht einfach so reinquatschen darf? <\/strong><\/p>\n<p class=\"p1 sm:p1-medium items-start pb-[20px]\" data-selector=\"body-paragraph\" data-external-selector=\"body-elements-paragraph\" data-v-f16c667d=\"\" data-v-439309db=\"\">Marielle: Ne, darf man nicht. Auf gar keinen Fall!<\/p>\n<p class=\"p1 sm:p1-medium items-start pb-[20px]\" data-selector=\"body-paragraph\" data-external-selector=\"body-elements-paragraph\" data-v-f16c667d=\"\" data-v-439309db=\"\">Carlo: Nur, wenn jemand einen Witz erz\u00e4hlt, darf man lachen.<\/p>\n<p><strong>Dann darf man in der Schule auch mal lachen? <\/strong><\/p>\n<p class=\"p1 sm:p1-medium items-start pb-[20px]\" data-selector=\"body-paragraph\" data-external-selector=\"body-elements-paragraph\" data-v-f16c667d=\"\" data-v-439309db=\"\">Marielle: Ja. Und man muss im Unterricht immer sitzen bleiben. Nur in der Pause oder beim Sport darf man mal raus. Und beim Kunstunterricht in den Werkraum. Oder beim Musikunterricht. Da darf man dann ins Musikzimmer.<\/p>\n<p><strong>Und stellt ihr euch das sch\u00f6n vor oder eher anstrengend? <\/strong><\/p>\n<p class=\"p1 sm:p1-medium items-start pb-[20px]\" data-selector=\"body-paragraph\" data-external-selector=\"body-elements-paragraph\" data-v-f16c667d=\"\" data-v-439309db=\"\">Marielle: Ich finde es gut, wenn die Quatschk\u00f6pfe auch mal still sitzen lernen.<\/p>\n<p class=\"p1 sm:p1-medium items-start pb-[20px]\" data-selector=\"body-paragraph\" data-external-selector=\"body-elements-paragraph\" data-v-f16c667d=\"\" data-v-439309db=\"\">Carlo: Also ich finde es eher so mittel.<\/p>\n<p class=\"p1 sm:p1-medium items-start pb-[20px]\" data-selector=\"body-paragraph\" data-external-selector=\"body-elements-paragraph\" data-v-f16c667d=\"\" data-v-439309db=\"\">Carlo: Ich wei\u00df, dass die Lehrer nett sind und nicht so schwierige Aufgaben geben. Aber ich wei\u00df auch, dass man da den ganzen Tag nur dumm rumsitzt und nur zwei Pausen am Tag hat.<\/p>\n<p class=\"p1 sm:p1-medium items-start pb-[20px]\" data-selector=\"body-paragraph\" data-external-selector=\"body-elements-paragraph\" data-v-f16c667d=\"\" data-v-439309db=\"\">Marielle: Ne, drei. Je mehr Unterricht man hat, umso mehr Pausen hat man auch.<\/p>\n<p><strong>Und nach der Schule geht ihr in den Hort? <\/strong><\/p>\n<p class=\"p1 sm:p1-medium items-start pb-[20px]\" data-selector=\"body-paragraph\" data-external-selector=\"body-elements-paragraph\" data-v-f16c667d=\"\" data-v-439309db=\"\">Marielle: Ja. Meine Freunde gehen da auch hin.<\/p>\n<p class=\"p1 sm:p1-medium items-start pb-[20px]\" data-selector=\"body-paragraph\" data-external-selector=\"body-elements-paragraph\" data-v-f16c667d=\"\" data-v-439309db=\"\">Carlo: Mein Hort sieht von au\u00dfen sehr bl\u00f6d aus. Aber von innen ist der richtig gut!<\/p>\n<p>Die Fragen stellte Rainer Schulze.<\/p>\n","protected":false},"excerpt":{"rendered":"Marielle und Carlo, ihr kennt euch aus dem Kindergarten und kommt am Dienstag in die Grundschule. Worauf freut&hellip;\n","protected":false},"author":2,"featured_media":355857,"comment_status":"","ping_status":"","sticky":false,"template":"","format":"standard","meta":{"footnotes":""},"categories":[1829],"tags":[29,2050,2051,30,2052],"class_list":{"0":"post-355856","1":"post","2":"type-post","3":"status-publish","4":"format-standard","5":"has-post-thumbnail","7":"category-frankfurt-am-main","8":"tag-deutschland","9":"tag-frankfurt","10":"tag-frankfurt-am-main","11":"tag-germany","12":"tag-hessen"},"share_on_mastodon":{"url":"https:\/\/pubeurope.com\/@de\/115053621756737280","error":""},"_links":{"self":[{"href":"https:\/\/www.europesays.com\/de\/wp-json\/wp\/v2\/posts\/355856","targetHints":{"allow":["GET"]}}],"collection":[{"href":"https:\/\/www.europesays.com\/de\/wp-json\/wp\/v2\/posts"}],"about":[{"href":"https:\/\/www.europesays.com\/de\/wp-json\/wp\/v2\/types\/post"}],"author":[{"embeddable":true,"href":"https:\/\/www.europesays.com\/de\/wp-json\/wp\/v2\/users\/2"}],"replies":[{"embeddable":true,"href":"https:\/\/www.europesays.com\/de\/wp-json\/wp\/v2\/comments?post=355856"}],"version-history":[{"count":0,"href":"https:\/\/www.europesays.com\/de\/wp-json\/wp\/v2\/posts\/355856\/revisions"}],"wp:featuredmedia":[{"embeddable":true,"href":"https:\/\/www.europesays.com\/de\/wp-json\/wp\/v2\/media\/355857"}],"wp:attachment":[{"href":"https:\/\/www.europesays.com\/de\/wp-json\/wp\/v2\/media?parent=355856"}],"wp:term":[{"taxonomy":"category","embeddable":true,"href":"https:\/\/www.europesays.com\/de\/wp-json\/wp\/v2\/categories?post=355856"},{"taxonomy":"post_tag","embeddable":true,"href":"https:\/\/www.europesays.com\/de\/wp-json\/wp\/v2\/tags?post=355856"}],"curies":[{"name":"wp","href":"https:\/\/api.w.org\/{rel}","templated":true}]}}