{"id":355882,"date":"2025-08-19T05:01:18","date_gmt":"2025-08-19T05:01:18","guid":{"rendered":"https:\/\/www.europesays.com\/de\/355882\/"},"modified":"2025-08-19T05:01:18","modified_gmt":"2025-08-19T05:01:18","slug":"heidi-klum-platzt-vor-stolz-so-feiert-sie-sohn-henry","status":"publish","type":"post","link":"https:\/\/www.europesays.com\/de\/355882\/","title":{"rendered":"Heidi Klum platzt vor Stolz! So feiert sie Sohn Henry"},"content":{"rendered":"<p>Heidi Klum<br \/>\nStolzeste Mama! Sie feiert Sohn Henry auf dem Laufsteg<\/p>\n<p><img class=\"image image-element__image\"   src=\"https:\/\/www.europesays.com\/de\/wp-content\/uploads\/2025\/08\/henry-samuel-heidi-klum.jpg\" alt=\"Heidi Klum und Henry Samuel\" decoding=\"async\" fetchpriority=\"high\" loading=\"eager\"\/><br \/>\n<a href=\"https:\/\/image.gala.de\/24437202\/t\/iK\/v4\/w2048\/r1.5\/-\/henry-samuel-heidi-klum.jpg#Denise%20Truscello%20%2F%20WireImage%20%2F%20Getty%20Images\" class=\"image__magnifier\" aria-label=\"Vergr\u00f6\u00dfern\" rel=\"nofollow noopener\" target=\"_blank\"><\/p>\n<p> <a href=\"https:\/\/www.gala.de\/stars\/starportraets\/heidi-klum-20514738.html\" data-article-type=\"star-portrait\" rel=\"nofollow noopener\" target=\"_blank\">Heidi Klum<\/a> und Henry Samuel <\/p>\n<p>\u00a9 Denise Truscello \/ WireImage \/ Getty Images<\/p>\n<p>\nvon lhu\n<\/p>\n<p>18.08.2025, 19:00 Uhr<\/p>\n<p>\nDie Entertainment-News im GALA-Ticker: Heidi Klum zelebriert Sohn Henry auf die s\u00fc\u00dfeste Weise +++ Harald Schmidt \u00fcber die Liebe zwischen Julia Kl\u00f6ckner und J\u00f6rg Pilawa.\n<\/p>\n<p>Die Entertainment-News 2025: Alle News und Entwicklungen im GALA-Ticker<\/p>\n<p>18. August 2025<\/p>\n<p>Heidi Klum feuert Sohn Henry an  <\/p>\n<p class=\"text-element u-richtext u-typo u-typo--article-text article__text-element text-element--context-article\"> So schnell \u00e4ndert sich das! Statt selbst \u00fcber den Laufsteg zu laufen, nimmt <a class=\"link--person\" data-target-type=\"article\" href=\"https:\/\/www.gala.de\/stars\/starportraets\/heidi-klum-20514738.html\" rel=\"nofollow noopener\" target=\"_blank\">Heidi Klum<\/a>, 52, in der Front Row Platz, um den besten Blick auf ihren Sohn <a class=\"\" data-target-type=\"article\" href=\"https:\/\/www.gala.de\/stars\/starportraets\/themen\/henry-samuel-21013784.html\" target=\"_self\" rel=\"nofollow noopener\">Henry Samuel<\/a>, 19, zu erhaschen, der in New York f\u00fcr die Marke &#8222;Kith&#8220; l\u00e4uft. Die Fashion Week beginnt im Big Apple zwar erst in einem Monat, aber schon jetzt kann das junge Model sein Talent unter Beweis stellen. Eine besondere Ehre, denn die Show des amerikanischen Labels findet erstmals seit 2019 statt.\u00a0<\/p>\n<p class=\"text-element u-richtext u-typo u-typo--article-text article__text-element text-element--context-article\"> Henrys Modelwalk wird somit nicht nur von seiner Mutter gefeiert, sondern auch von dem Label. Auf Instagram teilt Heidi Klum ihre Sicht der Dinge und nimmt die Fans mit zu dem Auftritt ihres Sohnes. Zu einem Karussell-Post, der als Erstes den 19-J\u00e4hrigen in einem l\u00e4ssigen Jeans-Outfit zeigt, schreibt sie: &#8222;So viele wundersch\u00f6ne Models auf dem @kith-Laufsteg in New York heute Abend, aber ich habe nur Augen f\u00fcr dich.&#8220;\u00a0<\/p>\n<p class=\"text-element u-richtext u-typo u-typo--article-text article__text-element text-element--context-article\"> Recht hat sie, denn nat\u00fcrlich macht der eigene Sohn f\u00fcr seine Mama immer den besten Job! Weitere Aufnahmen des Tages zeigen Musiker, die f\u00fcr gute Stimmung zur Show sorgen sowie die 52-J\u00e4hrige, die sich im r\u00fcckenfreien Kleid auf den Weg in den Backstage-Bereich macht \u2013\u00a0sicherlich, um ihrem Sohn zu gratulieren.<\/p>\n<p>Harald Schmidt \u00fcber Julia Kl\u00f6ckner und J\u00f6rg Pilawa: &#8222;Diese Liebe tut der Republik gut&#8220;<\/p>\n<p class=\"text-element u-richtext u-typo u-typo--article-text article__text-element text-element--context-article\"> Die Liebe zwischen CDU-Politikerin <a class=\"\" data-target-type=\"article\" href=\"https:\/\/www.gala.de\/stars\/starportraets\/themen\/julia-kloeckner-21026852.html\" target=\"_self\" rel=\"nofollow noopener\">Julia Kl\u00f6ckner<\/a>, 51, und TV-Moderator <a class=\"link--person\" data-target-type=\"article\" href=\"https:\/\/www.gala.de\/stars\/starportraets\/joerg-pilawa-20605992.html\" rel=\"nofollow noopener\" target=\"_blank\">J\u00f6rg Pilawa<\/a>, 59, sorgt nicht nur f\u00fcr Schlagzeilen, sondern auch f\u00fcr leise Begeisterung \u2013 zumindest bei <a class=\"link--person\" data-target-type=\"article\" href=\"https:\/\/www.gala.de\/stars\/starportraets\/harald-schmidt-20567842.html\" rel=\"nofollow noopener\" target=\"_blank\">Harald Schmidt<\/a>, 68. Der Entertainer zeigt sich geradezu entz\u00fcckt \u00fcber <a data-target-type=\"article\" href=\"https:\/\/www.gala.de\/stars\/news\/joerg-pilawa---julia-kloeckner--bestaetigt--sie-sind-ein-paar-24433410.html\" rel=\"nofollow noopener\" target=\"_blank\">das frische Gl\u00fcck der beiden Promis<\/a>. &#8222;Diese Liebe tut der Republik gut&#8220;, erkl\u00e4rte Schmidt gegen\u00fcber der Deutschen Presse-Agentur. Schon bei der Premiere der Nibelungen-Festspiele in Worms am 1. Juli habe er gesp\u00fcrt, dass bei <a class=\"\" data-target-type=\"article\" href=\"https:\/\/www.gala.de\/stars\/starportraets\/themen\/julia-kloeckner-21026852.html\" target=\"_self\" rel=\"nofollow noopener\">Kl\u00f6ckner<\/a> etwas in der Luft lag: &#8222;Kurzes Hallo. Und ich glaubte schon zu sp\u00fcren, dass sie schwebt, in gewisser Weise.&#8220;<\/p>\n<p class=\"text-element u-richtext u-typo u-typo--article-text article__text-element text-element--context-article\"> Obwohl das Paar bisher zu seiner romantischen Beziehung schweigt, hat Harald Schmidt sich klar zu der neuen Liebe von Julia Kl\u00f6ckner und J\u00f6rg Pilawa ge\u00e4u\u00dfert, der Entertainer ist begeistert. Laut Recherchen der &#8222;Bild&#8220; sind die beiden seit rund sechs Wochen ein Paar. Ein vertrautes Foto vor der legend\u00e4ren &#8222;Sansibar&#8220; auf Sylt befeuert die Spekulationen: Kl\u00f6ckner und <a class=\"link--person\" data-target-type=\"article\" href=\"https:\/\/www.gala.de\/stars\/starportraets\/joerg-pilawa-20605992.html\" rel=\"nofollow noopener\" target=\"_blank\">Pilawa<\/a> eng beieinander \u2013 ein Bild, das mehr sagt als tausend Worte. F\u00fcr Schmidt ist klar: Hier ist mehr als nur Sympathie im Spiel \u2013 hier ist echtes Liebesgl\u00fcck.<\/p>\n<p> <img class=\"image image--video-poster\"   src=\"https:\/\/www.europesays.com\/de\/wp-content\/uploads\/2025\/08\/julia-kloeckner-joerg-pilawa.jpg\" alt=\"Julia Kl\u00f6ckner und J\u00f6rg Pilawa (Collage)\" decoding=\"async\" fetchpriority=\"auto\" loading=\"lazy\"\/><\/p>\n<p>Liebes-\u00dcberraschung mit Julia Kl\u00f6ckner<\/p>\n<p>01:39 min<\/p>\n<p>Die Entertainment-News der vergangenen Woche<\/p>\n<p class=\"text-element u-richtext u-typo u-typo--article-text article__text-element text-element--context-article\"> Egal, ob TV-Sendungen, Live-Shows oder die neuesten Informationen aus der Welt der Streaming-Stars: Im w\u00f6chentlichen Entertainment-Ticker von GALA.de finden Sie alle relevanten News. Die wichtigsten Infos der letzten Tage <a data-target-type=\"article\" href=\"https:\/\/www.gala.de\/stars\/news\/-princess-charming--vanessa-borck-erinnert-sich-wehmuetig-an-hochzeit-mit-ina-24433202.html\" rel=\"nofollow noopener\" target=\"_blank\">k\u00f6nnen Sie hier auf einen Klick nachlesen<\/a>.<\/p>\n<p class=\"text-element u-richtext u-typo u-typo--article-text article__text-element text-element--context-article\"> Verwendete Quellen: n-tv.de, Deutsche Presse-Agentur, bild.de, instagram.com<\/p>\n<p>\nlmu<br \/>\nGala\n<\/p>\n<p>#Themen<\/p>\n<p><script async src=\"\/\/www.instagram.com\/embed.js\"><\/script><\/p>\n","protected":false},"excerpt":{"rendered":"Heidi Klum Stolzeste Mama! Sie feiert Sohn Henry auf dem Laufsteg Heidi Klum und Henry Samuel \u00a9 Denise&hellip;\n","protected":false},"author":2,"featured_media":355883,"comment_status":"","ping_status":"","sticky":false,"template":"","format":"standard","meta":{"footnotes":""},"categories":[1776],"tags":[1801,29,214,30,1802,215],"class_list":{"0":"post-355882","1":"post","2":"type-post","3":"status-publish","4":"format-standard","5":"has-post-thumbnail","7":"category-prominente","8":"tag-celebrities","9":"tag-deutschland","10":"tag-entertainment","11":"tag-germany","12":"tag-prominente","13":"tag-unterhaltung"},"share_on_mastodon":{"url":"https:\/\/pubeurope.com\/@de\/115053676687629742","error":""},"_links":{"self":[{"href":"https:\/\/www.europesays.com\/de\/wp-json\/wp\/v2\/posts\/355882","targetHints":{"allow":["GET"]}}],"collection":[{"href":"https:\/\/www.europesays.com\/de\/wp-json\/wp\/v2\/posts"}],"about":[{"href":"https:\/\/www.europesays.com\/de\/wp-json\/wp\/v2\/types\/post"}],"author":[{"embeddable":true,"href":"https:\/\/www.europesays.com\/de\/wp-json\/wp\/v2\/users\/2"}],"replies":[{"embeddable":true,"href":"https:\/\/www.europesays.com\/de\/wp-json\/wp\/v2\/comments?post=355882"}],"version-history":[{"count":0,"href":"https:\/\/www.europesays.com\/de\/wp-json\/wp\/v2\/posts\/355882\/revisions"}],"wp:featuredmedia":[{"embeddable":true,"href":"https:\/\/www.europesays.com\/de\/wp-json\/wp\/v2\/media\/355883"}],"wp:attachment":[{"href":"https:\/\/www.europesays.com\/de\/wp-json\/wp\/v2\/media?parent=355882"}],"wp:term":[{"taxonomy":"category","embeddable":true,"href":"https:\/\/www.europesays.com\/de\/wp-json\/wp\/v2\/categories?post=355882"},{"taxonomy":"post_tag","embeddable":true,"href":"https:\/\/www.europesays.com\/de\/wp-json\/wp\/v2\/tags?post=355882"}],"curies":[{"name":"wp","href":"https:\/\/api.w.org\/{rel}","templated":true}]}}