{"id":356075,"date":"2025-08-19T06:52:10","date_gmt":"2025-08-19T06:52:10","guid":{"rendered":"https:\/\/www.europesays.com\/de\/356075\/"},"modified":"2025-08-19T06:52:10","modified_gmt":"2025-08-19T06:52:10","slug":"appell-an-die-bergische-diakonie","status":"publish","type":"post","link":"https:\/\/www.europesays.com\/de\/356075\/","title":{"rendered":"Appell an die Bergische Diakonie"},"content":{"rendered":"<p class=\"text_ohne_einzug richtext text-em-55 !leading-serif mx-6 desktop:mx-0\">Richterin Laukamp habe mit dem Mediationsverfahren eine entsprechende M\u00f6glichkeit aufgezeigt. \u201eWir sind froh \u00fcber die letzte Chance einer Einigung, die nun von beiden Parteien ergriffen wurde. Die angedachte gesellschaftliche Teilhabe der Bewohner und Bewohnerinnen der Diakonie am Projekt kann sicher auch in ma\u00dfvoll abgestimmten Schritten auf den Weg gebracht werden\u201c, so der gr\u00fcne Bezirksvertreter Uwe Teubner.<\/p>\n<p class=\"text_ohne_einzug richtext text-em-55 !leading-serif mx-6 desktop:mx-0\">Ein Scheitern h\u00e4tte aus seiner Sicht \u201enur Verlierer\u201c zur Folge: \u201ePechpfoten droht ein belastender Rechtsstreit, der das Aus bedeuten k\u00f6nnte. Die Stadt Wuppertal und ihre engagierten B\u00fcrger und B\u00fcrgerinnen w\u00fcrden eine wichtige Initiative verlieren. Und auch die Diakonie m\u00fcsste mit einem langfristigen Reputationsverlust rechnen. Wir w\u00fcnschen allen Beteiligten der Mediation ein gutes Gesp\u00fcr und praktikable Ideen f\u00fcr eine gemeinsame Zukunft von Pechpfoten und Diakonie.\u201c<\/p>\n","protected":false},"excerpt":{"rendered":"Richterin Laukamp habe mit dem Mediationsverfahren eine entsprechende M\u00f6glichkeit aufgezeigt. \u201eWir sind froh \u00fcber die letzte Chance einer&hellip;\n","protected":false},"author":2,"featured_media":356076,"comment_status":"","ping_status":"","sticky":false,"template":"","format":"standard","meta":{"footnotes":""},"categories":[1840],"tags":[3364,29,30,1209,4418],"class_list":{"0":"post-356075","1":"post","2":"type-post","3":"status-publish","4":"format-standard","5":"has-post-thumbnail","7":"category-wuppertal","8":"tag-de","9":"tag-deutschland","10":"tag-germany","11":"tag-nordrhein-westfalen","12":"tag-wuppertal"},"share_on_mastodon":{"url":"https:\/\/pubeurope.com\/@de\/115054113348151117","error":""},"_links":{"self":[{"href":"https:\/\/www.europesays.com\/de\/wp-json\/wp\/v2\/posts\/356075","targetHints":{"allow":["GET"]}}],"collection":[{"href":"https:\/\/www.europesays.com\/de\/wp-json\/wp\/v2\/posts"}],"about":[{"href":"https:\/\/www.europesays.com\/de\/wp-json\/wp\/v2\/types\/post"}],"author":[{"embeddable":true,"href":"https:\/\/www.europesays.com\/de\/wp-json\/wp\/v2\/users\/2"}],"replies":[{"embeddable":true,"href":"https:\/\/www.europesays.com\/de\/wp-json\/wp\/v2\/comments?post=356075"}],"version-history":[{"count":0,"href":"https:\/\/www.europesays.com\/de\/wp-json\/wp\/v2\/posts\/356075\/revisions"}],"wp:featuredmedia":[{"embeddable":true,"href":"https:\/\/www.europesays.com\/de\/wp-json\/wp\/v2\/media\/356076"}],"wp:attachment":[{"href":"https:\/\/www.europesays.com\/de\/wp-json\/wp\/v2\/media?parent=356075"}],"wp:term":[{"taxonomy":"category","embeddable":true,"href":"https:\/\/www.europesays.com\/de\/wp-json\/wp\/v2\/categories?post=356075"},{"taxonomy":"post_tag","embeddable":true,"href":"https:\/\/www.europesays.com\/de\/wp-json\/wp\/v2\/tags?post=356075"}],"curies":[{"name":"wp","href":"https:\/\/api.w.org\/{rel}","templated":true}]}}