{"id":356081,"date":"2025-08-19T06:55:16","date_gmt":"2025-08-19T06:55:16","guid":{"rendered":"https:\/\/www.europesays.com\/de\/356081\/"},"modified":"2025-08-19T06:55:16","modified_gmt":"2025-08-19T06:55:16","slug":"vfl-bochum-highlights-und-ergebnisse-der-laufenden-saison","status":"publish","type":"post","link":"https:\/\/www.europesays.com\/de\/356081\/","title":{"rendered":"VfL Bochum: Highlights und Ergebnisse der laufenden Saison"},"content":{"rendered":"<p>Insgesamt 2 Spiele hat VfL <a href=\"https:\/\/www.news.de\/thema\/bochum\/1\/\" rel=\"nofollow noopener\" target=\"_blank\"><strong>Bochum<\/strong><\/a> bislang in der Saison 2025\/2026 absolviert und dabei 3 Punkte errungen. Das Team befindet sich aktuell auf dem 11. Tabellenplatz.  <\/p>\n<p>Ergebnisse der letzten 2 Spiele von VfL Bochum in der Saison 2025\/2026<\/p>\n<p>1 Sieg (1 Heimsieg) und 1 Niederlage &#8211; das ist die Bilanz der zwei letzten Spiele f\u00fcr <a href=\"https:\/\/www.news.de\/thema\/vfl-bochum\/1\/\" rel=\"nofollow noopener\" target=\"_blank\"><strong>VfL Bochum<\/strong><\/a> in der <a href=\"https:\/\/www.news.de\/thema\/2-bundesliga\/1\/\" rel=\"nofollow noopener\" target=\"_blank\"><strong>2. Bundesliga<\/strong><\/a>.  <\/p>\n<tr>DatumHeimGastErgebnis<\/tr>\n<tr>\n<td>10.08.2025<\/td>\n<td>VfL Bochum<\/td>\n<td>SV 07 Elversberg<\/td>\n<td>2:0<\/td>\n<\/tr>\n<tr>\n<td>02.08.2025<\/td>\n<td>SV Darmstadt 98<\/td>\n<td>VfL Bochum<\/td>\n<td>4:1<\/td>\n<\/tr>\n<p>Die n\u00e4chsten Spiele f\u00fcr VfL Bochum in der 2. Bundesliga<\/p>\n<p>Im n\u00e4chsten Spiel trifft VfL Bochum ausw\u00e4rts auf den FC Schalke 04. Anpfiff ist am Samstag, den 23.08.2025 um 20.30 Uhr. F\u00fcr die n\u00e4chsten Spieltage sind noch Matches gegen SC Preu\u00dfen M\u00fcnster, den SC Paderborn, den 1. FC N\u00fcrnberg und Fortuna D\u00fcsseldorf angesetzt.  <\/p>\n<tr>DatumHeimGast<\/tr>\n<tr>\n<td>23.08.2025, 20.30 Uhr<\/td>\n<td>FC Schalke 04<\/td>\n<td>VfL Bochum<\/td>\n<\/tr>\n<tr>\n<td>30.08.2025, 13.00 Uhr<\/td>\n<td>VfL Bochum<\/td>\n<td>SC Preu\u00dfen M\u00fcnster<\/td>\n<\/tr>\n<tr>\n<td>12.09.2025, 18.30 Uhr<\/td>\n<td>SC Paderborn 07<\/td>\n<td>VfL Bochum<\/td>\n<\/tr>\n<tr>\n<td>20.09.2025, 20.30 Uhr<\/td>\n<td>1. FC N\u00fcrnberg<\/td>\n<td>VfL Bochum<\/td>\n<\/tr>\n<tr>\n<td>27.09.2025, 20.30 Uhr<\/td>\n<td>VfL Bochum<\/td>\n<td>Fortuna D\u00fcsseldorf<\/td>\n<\/tr>\n<p><a href=\"https:\/\/www.news.de\/sport\/857740085\/2-bundesliga-im-tv-und-live-stream-vorschau-fuer-sport1-naechste-termine-und-sender-fuer-uebertragung-der-sport-sendungen-im-fernsehen\/1\/\" rel=\"nofollow noopener\" target=\"_blank\"><strong>2. Bundesliga im Fernsehen: Aktuelle TV-Termine im \u00dcberblick!<\/strong><\/a>  <\/p>\n<p>VfL Bochum News 2025: Aktuelle Nachrichten zum Verein<\/p>\n<p>Hier erhalten Sie einen \u00dcberblick \u00fcber aktuelle News wie Spielberichte zu den letzten Partien der 2. Bundesliga, Vorberichte mit Infos zu bevorstehenden Live-\u00dcbertragungen und mehr. Weitere Nachrichten zum Verein finden Sie auf der <a href=\"https:\/\/www.news.de\/thema\/vfl-bochum\/1\/\" target=\"_blank\" rel=\"nofollow noopener\"><strong>news.de-Themenseite f\u00fcr VfL Bochum<\/strong><\/a>.  <\/p>\n<p><a href=\"https:\/\/www.news.de\/thema\/2-bundesliga\/1\/\" target=\"_blank\" rel=\"nofollow noopener\"><strong>Noch mehr News zur 2. Fu\u00dfball-Bundesliga lesen Sie hier.<\/strong><\/a>  <\/p>\n<p>        FOTOSTRECKE: Maskottchen-Parade: Von Storch bis Panda: Kennen Sie alle Maskottchen der deutschen Fu\u00dfball-Vereine?    <\/p>\n<p>        <a title=\"Von Storch bis Panda: Kennen Sie alle Maskottchen der deutschen Fu\u00dfball-Vereine?\" class=\"position-relative d-block iconmoon-overlay\" data-article-id=\"858851230\" href=\"https:\/\/www.news.de\/fotostrecke\/850720374\/fussball-maskottchen-der-1-und-2-bundesliga-berni-bulli-emma-und-co-bringen-ihren-vereinen-glueck\/1\/\" rel=\"nofollow noopener\" target=\"_blank\"><img decoding=\"async\" src=\"https:\/\/www.europesays.com\/de\/wp-content\/uploads\/2025\/08\/fuechsle-vom-sc-freiburg_858059007_1200x675_335e026473bdece0fb238f8fe6ee77de.jpg\" loading=\"lazy\" class=\"img-cover\" alt=\"F\u00fcchsle vom SC Freiburg (Foto)\" title=\"F\u00fcchsle vom SC Freiburg\" width=\"1200\" height=\"675\"\/><\/a>        Bild:<br \/>\n            picture alliance\/dpa | Tom Weller<\/p>\n<p>VfL Bochum in der aktuellen 2. Bundesliga-Tabelle 2025\/2026<\/p>\n<tr>PlatzTeamSpieleSUNToreDiff.Pkt.<\/tr>\n<tr>\n<td>1<\/td>\n<td>DSC Arminia<\/td>\n<td>2<\/td>\n<td>2<\/td>\n<td>0<\/td>\n<td>0<\/td>\n<td>7:1<\/td>\n<td>6<\/td>\n<td>6<\/td>\n<\/tr>\n<tr>\n<td>2<\/td>\n<td>Darmstadt 98<\/td>\n<td>2<\/td>\n<td>2<\/td>\n<td>0<\/td>\n<td>0<\/td>\n<td>5:1<\/td>\n<td>4<\/td>\n<td>6<\/td>\n<\/tr>\n<tr>\n<td>3<\/td>\n<td>Hannover 96<\/td>\n<td>2<\/td>\n<td>2<\/td>\n<td>0<\/td>\n<td>0<\/td>\n<td>3:0<\/td>\n<td>3<\/td>\n<td>6<\/td>\n<\/tr>\n<tr>\n<td>4<\/td>\n<td>E. Braunsch.<\/td>\n<td>2<\/td>\n<td>2<\/td>\n<td>0<\/td>\n<td>0<\/td>\n<td>4:2<\/td>\n<td>2<\/td>\n<td>6<\/td>\n<\/tr>\n<tr>\n<td>5<\/td>\n<td>SC Paderborn<\/td>\n<td>2<\/td>\n<td>1<\/td>\n<td>1<\/td>\n<td>0<\/td>\n<td>3:2<\/td>\n<td>1<\/td>\n<td>4<\/td>\n<\/tr>\n<tr>\n<td>6<\/td>\n<td>Karlsruhe<\/td>\n<td>2<\/td>\n<td>1<\/td>\n<td>1<\/td>\n<td>0<\/td>\n<td>3:2<\/td>\n<td>1<\/td>\n<td>4<\/td>\n<\/tr>\n<tr>\n<td>7<\/td>\n<td>Gr. F\u00fcrth<\/td>\n<td>2<\/td>\n<td>1<\/td>\n<td>0<\/td>\n<td>1<\/td>\n<td>5:5<\/td>\n<td>0<\/td>\n<td>3<\/td>\n<\/tr>\n<tr>\n<td>8<\/td>\n<td>Schalke 04<\/td>\n<td>2<\/td>\n<td>1<\/td>\n<td>0<\/td>\n<td>1<\/td>\n<td>2:2<\/td>\n<td>0<\/td>\n<td>3<\/td>\n<\/tr>\n<tr>\n<td>9<\/td>\n<td>Magdeburg<\/td>\n<td>2<\/td>\n<td>1<\/td>\n<td>0<\/td>\n<td>1<\/td>\n<td>2:2<\/td>\n<td>0<\/td>\n<td>3<\/td>\n<\/tr>\n<tr>\n<td>10<\/td>\n<td>FC K\u00b4lautern<\/td>\n<td>2<\/td>\n<td>1<\/td>\n<td>0<\/td>\n<td>1<\/td>\n<td>1:1<\/td>\n<td>0<\/td>\n<td>3<\/td>\n<\/tr>\n<tr>\n<td><strong>11<\/strong><\/td>\n<td><strong>VfL Bochum<\/strong><\/td>\n<td><strong>2<\/strong><\/td>\n<td><strong>1<\/strong><\/td>\n<td><strong>0<\/strong><\/td>\n<td><strong>1<\/strong><\/td>\n<td><strong>3:4<\/strong><\/td>\n<td><strong>-1<\/strong><\/td>\n<td><strong>3<\/strong><\/td>\n<\/tr>\n<tr>\n<td>12<\/td>\n<td>SV 07 Elversberg<\/td>\n<td>2<\/td>\n<td>1<\/td>\n<td>0<\/td>\n<td>1<\/td>\n<td>1:2<\/td>\n<td>-1<\/td>\n<td>3<\/td>\n<\/tr>\n<tr>\n<td>13<\/td>\n<td>SC Preu\u00dfen M\u00fcnster<\/td>\n<td>2<\/td>\n<td>0<\/td>\n<td>1<\/td>\n<td>1<\/td>\n<td>3:4<\/td>\n<td>-1<\/td>\n<td>1<\/td>\n<\/tr>\n<tr>\n<td>14<\/td>\n<td>Hertha BSC<\/td>\n<td>2<\/td>\n<td>0<\/td>\n<td>1<\/td>\n<td>1<\/td>\n<td>1:2<\/td>\n<td>-1<\/td>\n<td>1<\/td>\n<\/tr>\n<tr>\n<td>15<\/td>\n<td>SG Dynamo<\/td>\n<td>2<\/td>\n<td>0<\/td>\n<td>0<\/td>\n<td>2<\/td>\n<td>3:5<\/td>\n<td>-2<\/td>\n<td>0<\/td>\n<\/tr>\n<tr>\n<td>16<\/td>\n<td>N\u00fcrnberg<\/td>\n<td>2<\/td>\n<td>0<\/td>\n<td>0<\/td>\n<td>2<\/td>\n<td>0:2<\/td>\n<td>-2<\/td>\n<td>0<\/td>\n<\/tr>\n<tr>\n<td>17<\/td>\n<td>Holstein K.<\/td>\n<td>2<\/td>\n<td>0<\/td>\n<td>0<\/td>\n<td>2<\/td>\n<td>1:4<\/td>\n<td>-3<\/td>\n<td>0<\/td>\n<\/tr>\n<tr>\n<td>18<\/td>\n<td>F. D\u00fcsseld.<\/td>\n<td>2<\/td>\n<td>0<\/td>\n<td>0<\/td>\n<td>2<\/td>\n<td>1:7<\/td>\n<td>-6<\/td>\n<td>0<\/td>\n<\/tr>\n<p>Folgen Sie <a href=\"https:\/\/news.de\/\" rel=\"nofollow noopener\" target=\"_blank\"><strong>News.de<\/strong><\/a> schon bei <a href=\"https:\/\/www.whatsapp.com\/channel\/0029Va8YJU64dTnSU80eqh2b\" rel=\"nofollow noopener\" target=\"_blank\"><strong>WhatsApp<\/strong><\/a>, <a href=\"https:\/\/www.facebook.com\/News.de\" rel=\"nofollow noopener\" target=\"_blank\"><strong>Facebook<\/strong><\/a>, <a href=\"https:\/\/twitter.com\/news_de\" rel=\"nofollow noopener\" target=\"_blank\"><strong>Twitter<\/strong><\/a>, <a href=\"https:\/\/www.pinterest.de\/newsde\/\" rel=\"nofollow noopener\" target=\"_blank\"><strong>Pinterest<\/strong><\/a> und <a href=\"https:\/\/www.youtube.com\/channel\/UCOzsvCb0KteNrzUboTonVYA\" rel=\"nofollow noopener\" target=\"_blank\"><strong>YouTube<\/strong><\/a>? Hier finden Sie brandhei\u00dfe News, aktuelle Videos und den direkten Draht zur Redaktion.  <\/p>\n<p>+++ Redaktioneller Hinweis: Dieser Text wurde auf Basis aktueller Sportdaten generiert und wird regelm\u00e4\u00dfig datengetrieben aktualisiert. Feedback und Anmerkungen nehmen wir unter hinweis@news.de entgegen. +++<\/p>\n<p><a href=\"https:\/\/www.news.de\/autor\/Sarah+Knauth\/\" rel=\"author nofollow noopener\" target=\"_blank\">kns<\/a>\/roj\/news.de<\/p>\n<p>                    <script async src=\"https:\/\/platform.twitter.com\/widgets.js\" charset=\"utf-8\"><\/script><\/p>\n","protected":false},"excerpt":{"rendered":"Insgesamt 2 Spiele hat VfL Bochum bislang in der Saison 2025\/2026 absolviert und dabei 3 Punkte errungen. Das&hellip;\n","protected":false},"author":2,"featured_media":333268,"comment_status":"","ping_status":"","sticky":false,"template":"","format":"standard","meta":{"footnotes":""},"categories":[1839],"tags":[7507,3364,29,30,1209,265],"class_list":{"0":"post-356081","1":"post","2":"type-post","3":"status-publish","4":"format-standard","5":"has-post-thumbnail","7":"category-bochum","8":"tag-bochum","9":"tag-de","10":"tag-deutschland","11":"tag-germany","12":"tag-nordrhein-westfalen","13":"tag-sport"},"share_on_mastodon":{"url":"https:\/\/pubeurope.com\/@de\/115054124946464924","error":""},"_links":{"self":[{"href":"https:\/\/www.europesays.com\/de\/wp-json\/wp\/v2\/posts\/356081","targetHints":{"allow":["GET"]}}],"collection":[{"href":"https:\/\/www.europesays.com\/de\/wp-json\/wp\/v2\/posts"}],"about":[{"href":"https:\/\/www.europesays.com\/de\/wp-json\/wp\/v2\/types\/post"}],"author":[{"embeddable":true,"href":"https:\/\/www.europesays.com\/de\/wp-json\/wp\/v2\/users\/2"}],"replies":[{"embeddable":true,"href":"https:\/\/www.europesays.com\/de\/wp-json\/wp\/v2\/comments?post=356081"}],"version-history":[{"count":0,"href":"https:\/\/www.europesays.com\/de\/wp-json\/wp\/v2\/posts\/356081\/revisions"}],"wp:featuredmedia":[{"embeddable":true,"href":"https:\/\/www.europesays.com\/de\/wp-json\/wp\/v2\/media\/333268"}],"wp:attachment":[{"href":"https:\/\/www.europesays.com\/de\/wp-json\/wp\/v2\/media?parent=356081"}],"wp:term":[{"taxonomy":"category","embeddable":true,"href":"https:\/\/www.europesays.com\/de\/wp-json\/wp\/v2\/categories?post=356081"},{"taxonomy":"post_tag","embeddable":true,"href":"https:\/\/www.europesays.com\/de\/wp-json\/wp\/v2\/tags?post=356081"}],"curies":[{"name":"wp","href":"https:\/\/api.w.org\/{rel}","templated":true}]}}