{"id":356134,"date":"2025-08-19T07:32:11","date_gmt":"2025-08-19T07:32:11","guid":{"rendered":"https:\/\/www.europesays.com\/de\/356134\/"},"modified":"2025-08-19T07:32:11","modified_gmt":"2025-08-19T07:32:11","slug":"schulen-in-frankfurt-die-neue-boerse-ist-geschichte","status":"publish","type":"post","link":"https:\/\/www.europesays.com\/de\/356134\/","title":{"rendered":"Schulen in Frankfurt: Die \u201eNeue B\u00f6rse\u201c ist Geschichte"},"content":{"rendered":"<p class=\"p1 sm:p1-medium items-start pb-[20px]\" data-selector=\"body-paragraph\" data-external-selector=\"body-elements-paragraph\" data-v-f16c667d=\"\" data-v-439309db=\"\">Am T\u00fcrknauf h\u00e4ngen bunte Luftballons. Und zur Er\u00f6ffnung der Mensa gab es Fisch mit Kartoffeln und Brokkoli. Die Sch\u00fcler des Neuen Gymnasiums haben ihre neuen R\u00e4ume schon am Montag bezogen. Ihre Mitsch\u00fcler des benachbarten Stadtgymnasiums folgen an diesem Dienstag. Dann werden rund 600 Sch\u00fcler in einem Geb\u00e4ude unterrichtet, in dem zuvor die Commerzbank und ganz fr\u00fcher die Deutsche <a class=\"rtr-entity\" data-rtr-entity=\"B\u00f6rse\" data-rtr-id=\"5424b672bba38bbcf4c9f9ee5ea6eeca686d218c\" data-rtr-score=\"33.56189770200148\" data-rtr-etype=\"keyword\" href=\"https:\/\/www.faz.net\/aktuell\/finanzen\/thema\/boerse\" title=\"B\u00f6rse\" rel=\"nofollow noopener\" target=\"_blank\">B\u00f6rse<\/a> sa\u00df. Wer die \u201eNeue B\u00f6rse\u201c in Bockenheim vor dem Umbau nicht kannte, dem f\u00e4llt kaum auf, dass hier so gut wie alles neu ist. Gro\u00dfraumb\u00fcros sind zu Klassenzimmern umgestaltet worden. Neue Trennw\u00e4nde wurden eingezogen. Fu\u00dfb\u00f6den, Fachr\u00e4ume, M\u00f6bel: alles neu.<\/p>\n<p class=\"p1 sm:p1-medium items-start pb-[20px]\" data-selector=\"body-paragraph\" data-external-selector=\"body-elements-paragraph\" data-v-f16c667d=\"\" data-v-439309db=\"\">Nach und nach nehmen das Stadtgymnasium und das Neue Gymnasium die fr\u00fchere \u201eNeue B\u00f6rse\u201c in Beschlag. Ein Jahr nach ihrer Gr\u00fcndung sind die beiden Schulen in den Sommerferien in das ehemalige B\u00fcrogeb\u00e4ude eingezogen, das mittlerweile auch eine neue Adresse hat. Weil der Bezug zur Deutschen B\u00f6rse nicht mehr vorhanden ist, ist die Neue B\u00f6rsenstra\u00dfe in Elisabeth-Norgall-Stra\u00dfe umbenannt worden \u2013 nach einer ehemaligen Lehrerin der Ziehenschule, die sich nach dem Krieg f\u00fcr V\u00f6lkerverst\u00e4ndigung einsetzte und den \u201eInternational Women\u2019s Club of Frankfurt\u201c gr\u00fcndete.<\/p>\n<p class=\"p1 sm:p1-medium items-start pb-[20px]\" data-selector=\"body-paragraph\" data-external-selector=\"body-elements-paragraph\" data-v-f16c667d=\"\" data-v-439309db=\"\">Die Modulanlage vor dem Geb\u00e4ude, in der die Schulen das erste Jahr verbracht haben, wird bis zu den Herbstferien abgebaut. An ihrer Stelle soll der Schulhof erweitert werden. Die beiden Gymnasien sind zwar in ihrem neuen Domizil angelangt, aber fertig sind die Schulen noch lange nicht. Erst zwei von insgesamt acht Geb\u00e4uderiegeln sind umgebaut, die restlichen sollen in einem Jahr fertig sein. Dann sollen die Schulen auch \u00fcber den Haupteingang erschlossen werden und nicht mehr, wie bisher, \u00fcber einen Seiteneingang. Auch die naturwissenschaftlichen Fachr\u00e4ume und eine Aula sollen dann zur Verf\u00fcgung stehen.<\/p>\n<p>Auch die Schulleiter sind zufrieden<\/p>\n<p class=\"p1 sm:p1-medium items-start pb-[20px]\" data-selector=\"body-paragraph\" data-external-selector=\"body-elements-paragraph\" data-v-f16c667d=\"\" data-v-439309db=\"\">Die beiden Schulen sind noch im Aufbau. 2033, wenn die ersten Sch\u00fcler das Abitur ablegen, sollen hier 300 Lehrer 3200 Sch\u00fcler unterrichten. Aber das ist noch weit entfernt. Deshalb will die Stadt das Geb\u00e4ude, das \u00fcberwiegend leer steht, f\u00fcr eine \u00dcbergangszeit von drei Jahren auch noch f\u00fcr die Julius-Leber-Schule nutzen. Die Berufsschule muss dringend saniert werden und soll w\u00e4hrend dieser Bauzeit vor\u00fcbergehend in die \u201eNeue B\u00f6rse\u201c ausgelagert werden.<\/p>\n<p class=\"p1 sm:p1-medium items-start pb-[20px]\" data-selector=\"body-paragraph\" data-external-selector=\"body-elements-paragraph\" data-v-f16c667d=\"\" data-v-439309db=\"\">Bei den Eltern einiger Gymnasiasten ist dieser Plan zwar umstritten. Aber Bildungsdezernentin Sylvia Weber (SPD) verk\u00fcndete am Montag, dass die Berufsschule zu Beginn des Schuljahres 2026\/2027 hier einziehen wird. \u201eEs gibt gen\u00fcgend Platz, jede Schule wird ihren Bereich haben\u201c, sagte Weber. Welche Schule wo genau untergebracht wird, soll ein Belegungsplan kl\u00e4ren.<\/p>\n<p class=\"p1 sm:p1-medium items-start pb-[20px]\" data-selector=\"body-paragraph\" data-external-selector=\"body-elements-paragraph\" data-v-f16c667d=\"\" data-v-439309db=\"\">Das Neue Gymnasium befindet sich zun\u00e4chst im Geb\u00e4uderiegel \u201eH\u201c, muss aber noch einmal innerhalb des Geb\u00e4udes umziehen. Die Klassenr\u00e4ume und die Verwaltung des Stadtgymnasiums liegen im benachbarten zweiten Geb\u00e4uderiegel. Das Parkhaus gegen\u00fcber der Schule weicht bis zum Schuljahr 2027\/2028 einer Sporthalle. Die Mensa ist schon an ihrem finalen Standort: Sie liegt im Souterrain unterhalb des sp\u00e4teren Haupteingangs.<\/p>\n<p class=\"p1 sm:p1-medium items-start pb-[20px]\" data-selector=\"body-paragraph\" data-external-selector=\"body-elements-paragraph\" data-v-f16c667d=\"\" data-v-439309db=\"\">Weber sieht in dem Umbau der Neuen B\u00f6rse, die die Stadt f\u00fcr 30 Jahre von der Cells Group gemietet hat, schon jetzt eine Erfolgsgeschichte: \u201eWir geben eine ehemalige Unternehmenszentrale in die H\u00e4nde von Kindern. Das ist eine gute Entwicklung.\u201c Und auch die Schulleiter sind zufrieden. Nils Franke vom Neuen Gymnasium spricht von einem \u201eFlaggschiff f\u00fcr modernen Unterricht\u201c und von einer \u201efesten Burg\u201c, die den Sch\u00fclern Sicherheit und Raum zur Entfaltung biete. Torsten Schulz vom Stadtgymnasium lobt die guten Bedingungen und blickt \u201emit viel Euphorie\u201c auf die n\u00e4chsten Jahre.<\/p>\n<p>KI-Artikelchat nutzen<\/p>\n<p>Mit der kostenlosen Registrierung nutzen Sie Vorteile wie den Merkzettel.&#13;<br \/>\n                Dies ist&#13;<br \/>\n                kein Abo und kein Zugang zu FAZ+&#13;<br \/>\n                Artikeln.<\/p>\n<p>Sie haben Zugriff mit Ihrem Digital-Abo.<\/p>\n<p>Vielen Dank f\u00fcr Ihre Registrierung<\/p>\n<p>            <a data-registered-resend=\"\" adobe-track=\"true\"\/><br \/>\n            <a data-loggedin-continue=\"\" adobe-track=\"true\"\/><br \/>\n            <a data-login=\"\" adobe-track=\"true\"\/><br \/>\n            <a data-register=\"\" adobe-track=\"true\"\/><\/p>\n","protected":false},"excerpt":{"rendered":"Am T\u00fcrknauf h\u00e4ngen bunte Luftballons. Und zur Er\u00f6ffnung der Mensa gab es Fisch mit Kartoffeln und Brokkoli. Die&hellip;\n","protected":false},"author":2,"featured_media":356135,"comment_status":"","ping_status":"","sticky":false,"template":"","format":"standard","meta":{"footnotes":""},"categories":[1829],"tags":[29,2050,2051,30,2052],"class_list":{"0":"post-356134","1":"post","2":"type-post","3":"status-publish","4":"format-standard","5":"has-post-thumbnail","7":"category-frankfurt-am-main","8":"tag-deutschland","9":"tag-frankfurt","10":"tag-frankfurt-am-main","11":"tag-germany","12":"tag-hessen"},"share_on_mastodon":{"url":"https:\/\/pubeurope.com\/@de\/115054270594233489","error":""},"_links":{"self":[{"href":"https:\/\/www.europesays.com\/de\/wp-json\/wp\/v2\/posts\/356134","targetHints":{"allow":["GET"]}}],"collection":[{"href":"https:\/\/www.europesays.com\/de\/wp-json\/wp\/v2\/posts"}],"about":[{"href":"https:\/\/www.europesays.com\/de\/wp-json\/wp\/v2\/types\/post"}],"author":[{"embeddable":true,"href":"https:\/\/www.europesays.com\/de\/wp-json\/wp\/v2\/users\/2"}],"replies":[{"embeddable":true,"href":"https:\/\/www.europesays.com\/de\/wp-json\/wp\/v2\/comments?post=356134"}],"version-history":[{"count":0,"href":"https:\/\/www.europesays.com\/de\/wp-json\/wp\/v2\/posts\/356134\/revisions"}],"wp:featuredmedia":[{"embeddable":true,"href":"https:\/\/www.europesays.com\/de\/wp-json\/wp\/v2\/media\/356135"}],"wp:attachment":[{"href":"https:\/\/www.europesays.com\/de\/wp-json\/wp\/v2\/media?parent=356134"}],"wp:term":[{"taxonomy":"category","embeddable":true,"href":"https:\/\/www.europesays.com\/de\/wp-json\/wp\/v2\/categories?post=356134"},{"taxonomy":"post_tag","embeddable":true,"href":"https:\/\/www.europesays.com\/de\/wp-json\/wp\/v2\/tags?post=356134"}],"curies":[{"name":"wp","href":"https:\/\/api.w.org\/{rel}","templated":true}]}}