{"id":356210,"date":"2025-08-19T08:15:11","date_gmt":"2025-08-19T08:15:11","guid":{"rendered":"https:\/\/www.europesays.com\/de\/356210\/"},"modified":"2025-08-19T08:15:11","modified_gmt":"2025-08-19T08:15:11","slug":"bielefelder-will-sich-ins-guinness-buch-lecken","status":"publish","type":"post","link":"https:\/\/www.europesays.com\/de\/356210\/","title":{"rendered":"Bielefelder will sich ins Guinness Buch lecken"},"content":{"rendered":"<p class=\"bodytext\">Ein Bielefelder will sich jetzt ins Guinness Buch der Rekorde lecken, mit einer eher ungew\u00f6hnlichen F\u00e4higkeit. Der Naturp\u00e4dagoge und Youtuber Thomas Weigel kann B\u00e4ume mit seiner Zunge erkennen, nicht am Geschmack, sondern der Beschaffenheit der Rinde. Damit tritt der 34-J\u00e4hrige Ende August bei den \u201eGuinness World Records\u201c auf Sat1 an und will einen Weltrekord aufstellen.<\/p>\n","protected":false},"excerpt":{"rendered":"Ein Bielefelder will sich jetzt ins Guinness Buch der Rekorde lecken, mit einer eher ungew\u00f6hnlichen F\u00e4higkeit. Der Naturp\u00e4dagoge&hellip;\n","protected":false},"author":2,"featured_media":356211,"comment_status":"","ping_status":"","sticky":false,"template":"","format":"standard","meta":{"footnotes":""},"categories":[1841],"tags":[1605,3364,29,30,1209],"class_list":{"0":"post-356210","1":"post","2":"type-post","3":"status-publish","4":"format-standard","5":"has-post-thumbnail","7":"category-bielefeld","8":"tag-bielefeld","9":"tag-de","10":"tag-deutschland","11":"tag-germany","12":"tag-nordrhein-westfalen"},"share_on_mastodon":{"url":"https:\/\/pubeurope.com\/@de\/115054439563874866","error":""},"_links":{"self":[{"href":"https:\/\/www.europesays.com\/de\/wp-json\/wp\/v2\/posts\/356210","targetHints":{"allow":["GET"]}}],"collection":[{"href":"https:\/\/www.europesays.com\/de\/wp-json\/wp\/v2\/posts"}],"about":[{"href":"https:\/\/www.europesays.com\/de\/wp-json\/wp\/v2\/types\/post"}],"author":[{"embeddable":true,"href":"https:\/\/www.europesays.com\/de\/wp-json\/wp\/v2\/users\/2"}],"replies":[{"embeddable":true,"href":"https:\/\/www.europesays.com\/de\/wp-json\/wp\/v2\/comments?post=356210"}],"version-history":[{"count":0,"href":"https:\/\/www.europesays.com\/de\/wp-json\/wp\/v2\/posts\/356210\/revisions"}],"wp:featuredmedia":[{"embeddable":true,"href":"https:\/\/www.europesays.com\/de\/wp-json\/wp\/v2\/media\/356211"}],"wp:attachment":[{"href":"https:\/\/www.europesays.com\/de\/wp-json\/wp\/v2\/media?parent=356210"}],"wp:term":[{"taxonomy":"category","embeddable":true,"href":"https:\/\/www.europesays.com\/de\/wp-json\/wp\/v2\/categories?post=356210"},{"taxonomy":"post_tag","embeddable":true,"href":"https:\/\/www.europesays.com\/de\/wp-json\/wp\/v2\/tags?post=356210"}],"curies":[{"name":"wp","href":"https:\/\/api.w.org\/{rel}","templated":true}]}}