{"id":356214,"date":"2025-08-19T08:17:09","date_gmt":"2025-08-19T08:17:09","guid":{"rendered":"https:\/\/www.europesays.com\/de\/356214\/"},"modified":"2025-08-19T08:17:09","modified_gmt":"2025-08-19T08:17:09","slug":"unfall-in-wuppertal-hyundai-prallt-auf-skoda-regional","status":"publish","type":"post","link":"https:\/\/www.europesays.com\/de\/356214\/","title":{"rendered":"Unfall in Wuppertal: Hyundai prallt auf \u0160koda | Regional"},"content":{"rendered":"<p>Wuppertal \u2013 <b>Ein 21-j\u00e4hriger Solinger krachte mit seinem Hyundai in einen wartenden \u0160koda und schleuderte ihn 14 Meter nach vorn.<\/b><\/p>\n<p>Der Unfall ereignete sich am Montagabend, dem 18.08.2025, auf der Stra\u00dfe Schwarze Pf\u00e4hle in H\u00f6he der Einm\u00fcndung Irlenfeld. Der Fahrer \u00fcbersah das rote Licht und den \u0160koda, der an der Ampel stand. Der heftige Aufprall verletzte den 53-j\u00e4hrigen Fahrer des \u0160koda und seine 15-j\u00e4hrige Tochter. Die Tochter musste station\u00e4r im Krankenhaus behandelt werden, w\u00e4hrend der Unfallverursacher unverletzt blieb.<\/p>\n<p>Beide Fahrzeuge waren nach dem Crash nicht mehr fahrbereit. Die Polizei sch\u00e4tzt den Sachschaden auf rund 30.000 Euro.<\/p>\n<p>Dieser Text basiert auf einer offiziellen Beh\u00f6rden-Information und wurde mit Hilfe von KI erstellt.<\/p>\n","protected":false},"excerpt":{"rendered":"Wuppertal \u2013 Ein 21-j\u00e4hriger Solinger krachte mit seinem Hyundai in einen wartenden \u0160koda und schleuderte ihn 14 Meter&hellip;\n","protected":false},"author":2,"featured_media":356215,"comment_status":"","ping_status":"","sticky":false,"template":"","format":"standard","meta":{"footnotes":""},"categories":[1840],"tags":[3364,29,30,2509,1209,121,45,2624,4418],"class_list":{"0":"post-356214","1":"post","2":"type-post","3":"status-publish","4":"format-standard","5":"has-post-thumbnail","7":"category-wuppertal","8":"tag-de","9":"tag-deutschland","10":"tag-germany","11":"tag-ki-ots","12":"tag-nordrhein-westfalen","13":"tag-polizei","14":"tag-texttospeech","15":"tag-unfaelle","16":"tag-wuppertal"},"share_on_mastodon":{"url":"https:\/\/pubeurope.com\/@de\/115054447404747111","error":""},"_links":{"self":[{"href":"https:\/\/www.europesays.com\/de\/wp-json\/wp\/v2\/posts\/356214","targetHints":{"allow":["GET"]}}],"collection":[{"href":"https:\/\/www.europesays.com\/de\/wp-json\/wp\/v2\/posts"}],"about":[{"href":"https:\/\/www.europesays.com\/de\/wp-json\/wp\/v2\/types\/post"}],"author":[{"embeddable":true,"href":"https:\/\/www.europesays.com\/de\/wp-json\/wp\/v2\/users\/2"}],"replies":[{"embeddable":true,"href":"https:\/\/www.europesays.com\/de\/wp-json\/wp\/v2\/comments?post=356214"}],"version-history":[{"count":0,"href":"https:\/\/www.europesays.com\/de\/wp-json\/wp\/v2\/posts\/356214\/revisions"}],"wp:featuredmedia":[{"embeddable":true,"href":"https:\/\/www.europesays.com\/de\/wp-json\/wp\/v2\/media\/356215"}],"wp:attachment":[{"href":"https:\/\/www.europesays.com\/de\/wp-json\/wp\/v2\/media?parent=356214"}],"wp:term":[{"taxonomy":"category","embeddable":true,"href":"https:\/\/www.europesays.com\/de\/wp-json\/wp\/v2\/categories?post=356214"},{"taxonomy":"post_tag","embeddable":true,"href":"https:\/\/www.europesays.com\/de\/wp-json\/wp\/v2\/tags?post=356214"}],"curies":[{"name":"wp","href":"https:\/\/api.w.org\/{rel}","templated":true}]}}