{"id":356224,"date":"2025-08-19T08:22:11","date_gmt":"2025-08-19T08:22:11","guid":{"rendered":"https:\/\/www.europesays.com\/de\/356224\/"},"modified":"2025-08-19T08:22:11","modified_gmt":"2025-08-19T08:22:11","slug":"trump-in-umfragen-schwach-zustimmungswerte-des-us-praesidenten-auf-niedrigstem-stand-seiner-zweiten-amtszeit","status":"publish","type":"post","link":"https:\/\/www.europesays.com\/de\/356224\/","title":{"rendered":"Trump in Umfragen schwach: Zustimmungswerte des US-Pr\u00e4sidenten auf niedrigstem Stand seiner zweiten Amtszeit"},"content":{"rendered":"<p>                    Trump in Umfragen schwach<br \/>\n                Zustimmungswerte des US-Pr\u00e4sidenten auf niedrigstem Stand seiner zweiten Amtszeit<\/p>\n<p>\t\t\t\t              19.08.2025, 09:54 Uhr<\/p>\n<p><b>Die Zustimmungswerte f\u00fcr US-Pr\u00e4sident Donald Trump verharren auf dem tiefsten Stand seiner zweiten Amtszeit.<\/b><\/p>\n<p>In einer am Montag ver\u00f6ffentlichten Umfrage der Nachrichtenagentur Reuters und des Instituts Ipsos \u00e4u\u00dferten sich weiterhin 40 Prozent der Befragten zufrieden mit seiner Arbeit, unver\u00e4ndert zu einer Erhebung Ende Juli. Zu Beginn seiner zweiten Amtszeit im Januar hatten noch 47 Prozent der Amerikaner sie positiv bewertet. Mehr als die H\u00e4lfte der Befragten \u2013 54 Prozent \u2013 gab nun an, Trump sei zu eng mit Russland verbunden. <\/p>\n","protected":false},"excerpt":{"rendered":"Trump in Umfragen schwach Zustimmungswerte des US-Pr\u00e4sidenten auf niedrigstem Stand seiner zweiten Amtszeit 19.08.2025, 09:54 Uhr Die Zustimmungswerte&hellip;\n","protected":false},"author":2,"featured_media":356225,"comment_status":"","ping_status":"","sticky":false,"template":"","format":"standard","meta":{"footnotes":""},"categories":[3977],"tags":[331,332,2860,13,14,15,12,9593,113,10563,4017,4018,4016,98413,64,4019,4020,98412],"class_list":{"0":"post-356224","1":"post","2":"type-post","3":"status-publish","4":"format-standard","5":"has-post-thumbnail","7":"category-usa","8":"tag-aktuelle-nachrichten","9":"tag-aktuelle-news","10":"tag-amtszeit","11":"tag-headlines","12":"tag-nachrichten","13":"tag-news","14":"tag-schlagzeilen","15":"tag-stand","16":"tag-trump","17":"tag-umfragen","18":"tag-united-states","19":"tag-united-states-of-america","20":"tag-us","21":"tag-us-praesidenten","22":"tag-usa","23":"tag-vereinigte-staaten","24":"tag-vereinigte-staaten-von-amerika","25":"tag-zustimmungswerte"},"share_on_mastodon":{"url":"https:\/\/pubeurope.com\/@de\/115054467221645452","error":""},"_links":{"self":[{"href":"https:\/\/www.europesays.com\/de\/wp-json\/wp\/v2\/posts\/356224","targetHints":{"allow":["GET"]}}],"collection":[{"href":"https:\/\/www.europesays.com\/de\/wp-json\/wp\/v2\/posts"}],"about":[{"href":"https:\/\/www.europesays.com\/de\/wp-json\/wp\/v2\/types\/post"}],"author":[{"embeddable":true,"href":"https:\/\/www.europesays.com\/de\/wp-json\/wp\/v2\/users\/2"}],"replies":[{"embeddable":true,"href":"https:\/\/www.europesays.com\/de\/wp-json\/wp\/v2\/comments?post=356224"}],"version-history":[{"count":0,"href":"https:\/\/www.europesays.com\/de\/wp-json\/wp\/v2\/posts\/356224\/revisions"}],"wp:featuredmedia":[{"embeddable":true,"href":"https:\/\/www.europesays.com\/de\/wp-json\/wp\/v2\/media\/356225"}],"wp:attachment":[{"href":"https:\/\/www.europesays.com\/de\/wp-json\/wp\/v2\/media?parent=356224"}],"wp:term":[{"taxonomy":"category","embeddable":true,"href":"https:\/\/www.europesays.com\/de\/wp-json\/wp\/v2\/categories?post=356224"},{"taxonomy":"post_tag","embeddable":true,"href":"https:\/\/www.europesays.com\/de\/wp-json\/wp\/v2\/tags?post=356224"}],"curies":[{"name":"wp","href":"https:\/\/api.w.org\/{rel}","templated":true}]}}