{"id":356425,"date":"2025-08-19T10:18:10","date_gmt":"2025-08-19T10:18:10","guid":{"rendered":"https:\/\/www.europesays.com\/de\/356425\/"},"modified":"2025-08-19T10:18:10","modified_gmt":"2025-08-19T10:18:10","slug":"hof-feuerwehreinsatz-im-bahnhofsviertel-hof","status":"publish","type":"post","link":"https:\/\/www.europesays.com\/de\/356425\/","title":{"rendered":"Hof: Feuerwehreinsatz im Bahnhofsviertel &#8211; Hof"},"content":{"rendered":"<p>Am Dienstagvormittag haben Einsatzkr\u00e4fte von Rettungsdienst und <a href=\"https:\/\/www.frankenpost.de\/thema\/Feuerwehr\" title=\"Feuerwehr\" class=\"art_thema\" rel=\"nofollow noopener\" target=\"_blank\">Feuerwehr<\/a> zu einem Einsatz ins Hofer Bahnhofsviertel ausr\u00fccken m\u00fcssen. In einem Wohnhaus in der Sedanstra\u00dfe war ein Feuer ausgebrochen. Infolge des Brandes in der Wohnung habe sich auch Rauch im Treppenhaus gesammelt. Das best\u00e4tigt ein Sprecher der Integrierten Leitstelle Hochfranken auf Nachfrage unserer Redaktion.<\/p>\n","protected":false},"excerpt":{"rendered":"Am Dienstagvormittag haben Einsatzkr\u00e4fte von Rettungsdienst und Feuerwehr zu einem Einsatz ins Hofer Bahnhofsviertel ausr\u00fccken m\u00fcssen. In einem&hellip;\n","protected":false},"author":2,"featured_media":356426,"comment_status":"","ping_status":"","sticky":false,"template":"","format":"standard","meta":{"footnotes":""},"categories":[1829],"tags":[7025,2919,29,985,3401,2050,2051,30,2052,3741,98451,13895,98450,18209],"class_list":{"0":"post-356425","1":"post","2":"type-post","3":"status-publish","4":"format-standard","5":"has-post-thumbnail","7":"category-frankfurt-am-main","8":"tag-bahnhofsviertel","9":"tag-brand","10":"tag-deutschland","11":"tag-feuerwehr","12":"tag-feuerwehreinsatz","13":"tag-frankfurt","14":"tag-frankfurt-am-main","15":"tag-germany","16":"tag-hessen","17":"tag-hof","18":"tag-integrierte-leitstelle","19":"tag-kleidung","20":"tag-themaunfaelle","21":"tag-treppenhaus"},"share_on_mastodon":{"url":"https:\/\/pubeurope.com\/@de\/115054923223728406","error":""},"_links":{"self":[{"href":"https:\/\/www.europesays.com\/de\/wp-json\/wp\/v2\/posts\/356425","targetHints":{"allow":["GET"]}}],"collection":[{"href":"https:\/\/www.europesays.com\/de\/wp-json\/wp\/v2\/posts"}],"about":[{"href":"https:\/\/www.europesays.com\/de\/wp-json\/wp\/v2\/types\/post"}],"author":[{"embeddable":true,"href":"https:\/\/www.europesays.com\/de\/wp-json\/wp\/v2\/users\/2"}],"replies":[{"embeddable":true,"href":"https:\/\/www.europesays.com\/de\/wp-json\/wp\/v2\/comments?post=356425"}],"version-history":[{"count":0,"href":"https:\/\/www.europesays.com\/de\/wp-json\/wp\/v2\/posts\/356425\/revisions"}],"wp:featuredmedia":[{"embeddable":true,"href":"https:\/\/www.europesays.com\/de\/wp-json\/wp\/v2\/media\/356426"}],"wp:attachment":[{"href":"https:\/\/www.europesays.com\/de\/wp-json\/wp\/v2\/media?parent=356425"}],"wp:term":[{"taxonomy":"category","embeddable":true,"href":"https:\/\/www.europesays.com\/de\/wp-json\/wp\/v2\/categories?post=356425"},{"taxonomy":"post_tag","embeddable":true,"href":"https:\/\/www.europesays.com\/de\/wp-json\/wp\/v2\/tags?post=356425"}],"curies":[{"name":"wp","href":"https:\/\/api.w.org\/{rel}","templated":true}]}}