{"id":357163,"date":"2025-08-19T16:51:13","date_gmt":"2025-08-19T16:51:13","guid":{"rendered":"https:\/\/www.europesays.com\/de\/357163\/"},"modified":"2025-08-19T16:51:13","modified_gmt":"2025-08-19T16:51:13","slug":"niedersachsen-bremen-vize-ministerpraesidentin-mehr-ruestung-schmerzt-uns-alle","status":"publish","type":"post","link":"https:\/\/www.europesays.com\/de\/357163\/","title":{"rendered":"Niedersachsen &#038; Bremen: Vize-Ministerpr\u00e4sidentin: Mehr R\u00fcstung &#8222;schmerzt uns alle&#8220;"},"content":{"rendered":"<p>                    Niedersachsen &amp; Bremen<br \/>\n                Vize-Ministerpr\u00e4sidentin: Mehr R\u00fcstung &#8222;schmerzt uns alle&#8220;<\/p>\n<p>\t\t\t\t              19.08.2025, 18:32 Uhr<\/p>\n<p><strong>Ministerin Hamburg h\u00e4lt Aufr\u00fcstung f\u00fcr eine Konsequenz unserer Zeit. Die wegfallenden Arbeitspl\u00e4tze in der Automobilbranche k\u00f6nnten dadurch aber nur teilweise ersetzt werden.<\/strong><\/p>\n<p>Hannover (dpa\/lni) &#8211; Zwischen Jobabbau in der Autoindustrie und Hunderten Millionen f\u00fcr R\u00fcstung: Niedersachsens Vize-Ministerpr\u00e4sidentin Julia Willie Hamburg hat sich im NDR-Sommerinterview zu steigenden Milit\u00e4rausgaben ge\u00e4u\u00dfert. &#8222;Ich glaube, das schmerzt uns alle, dass wir in einer Zeit leben, in der das n\u00f6tig ist&#8220;, sagte die Gr\u00fcnen-Politikerin. Dass Rheinmetall f\u00fcr 400 Millionen Euro eine Munitionsfabrik in Unterl\u00fc\u00df baut, sei eine &#8222;logische Konsequenz in der jetzigen Zeit&#8220;.<\/p>\n<p>&#8222;Wir m\u00fcssen einfach auch schauen, dass wir uns verteidigen k\u00f6nnen, dass wir den Frieden sichern k\u00f6nnen&#8220;, sagte Kultusministerin Hamburg weiter. &#8222;Wir haben mittlerweile einen Krieg auf europ\u00e4ischem Boden. Das h\u00e4tten wir uns vor ein paar Jahren alle nicht gedacht, dass das passieren wird.&#8220;<\/p>\n<p>Mit Blick auf den Standort Niedersachsen betonte die Ministerin, die R\u00fcstungsindustrie k\u00f6nne den Stellenabbau bei Volkswagen, Continental oder Bosch nur teilweise auffangen. &#8222;Sie wird nicht alle Arbeitspl\u00e4tze ersetzen k\u00f6nnen. Aber ich glaube, es ist ganz wichtig, hier auch wirklich Menschen eine Perspektive zu geben in anderen Berufen, denn dort werden sie h\u00e4nderingend gesucht. Wir k\u00f6nnen alle gebrauchen&#8220;, sagte Hamburg.<\/p>\n","protected":false},"excerpt":{"rendered":"Niedersachsen &amp; Bremen Vize-Ministerpr\u00e4sidentin: Mehr R\u00fcstung &#8222;schmerzt uns alle&#8220; 19.08.2025, 18:32 Uhr Ministerin Hamburg h\u00e4lt Aufr\u00fcstung f\u00fcr eine&hellip;\n","protected":false},"author":2,"featured_media":357164,"comment_status":"","ping_status":"","sticky":false,"template":"","format":"standard","meta":{"footnotes":""},"categories":[1824],"tags":[2420,3364,29,30,7473,1411,5694,98589],"class_list":{"0":"post-357163","1":"post","2":"type-post","3":"status-publish","4":"format-standard","5":"has-post-thumbnail","7":"category-bremen","8":"tag-bremen","9":"tag-de","10":"tag-deutschland","11":"tag-germany","12":"tag-mehr","13":"tag-niedersachsen","14":"tag-ruestung","15":"tag-vize-ministerpraesidentin"},"share_on_mastodon":{"url":"https:\/\/pubeurope.com\/@de\/115056468572509885","error":""},"_links":{"self":[{"href":"https:\/\/www.europesays.com\/de\/wp-json\/wp\/v2\/posts\/357163","targetHints":{"allow":["GET"]}}],"collection":[{"href":"https:\/\/www.europesays.com\/de\/wp-json\/wp\/v2\/posts"}],"about":[{"href":"https:\/\/www.europesays.com\/de\/wp-json\/wp\/v2\/types\/post"}],"author":[{"embeddable":true,"href":"https:\/\/www.europesays.com\/de\/wp-json\/wp\/v2\/users\/2"}],"replies":[{"embeddable":true,"href":"https:\/\/www.europesays.com\/de\/wp-json\/wp\/v2\/comments?post=357163"}],"version-history":[{"count":0,"href":"https:\/\/www.europesays.com\/de\/wp-json\/wp\/v2\/posts\/357163\/revisions"}],"wp:featuredmedia":[{"embeddable":true,"href":"https:\/\/www.europesays.com\/de\/wp-json\/wp\/v2\/media\/357164"}],"wp:attachment":[{"href":"https:\/\/www.europesays.com\/de\/wp-json\/wp\/v2\/media?parent=357163"}],"wp:term":[{"taxonomy":"category","embeddable":true,"href":"https:\/\/www.europesays.com\/de\/wp-json\/wp\/v2\/categories?post=357163"},{"taxonomy":"post_tag","embeddable":true,"href":"https:\/\/www.europesays.com\/de\/wp-json\/wp\/v2\/tags?post=357163"}],"curies":[{"name":"wp","href":"https:\/\/api.w.org\/{rel}","templated":true}]}}