{"id":357194,"date":"2025-08-19T17:13:26","date_gmt":"2025-08-19T17:13:26","guid":{"rendered":"https:\/\/www.europesays.com\/de\/357194\/"},"modified":"2025-08-19T17:13:26","modified_gmt":"2025-08-19T17:13:26","slug":"muenchen-heute-nachrichten-vom-19-08-2025-muenchen","status":"publish","type":"post","link":"https:\/\/www.europesays.com\/de\/357194\/","title":{"rendered":"M\u00fcnchen heute &#8211; Nachrichten vom 19.08.2025 &#8211; M\u00fcnchen"},"content":{"rendered":"<p data-manual=\"teaserText\" data-schema-org-speakable=\"true\">Wieso ein \u00f6sterreichischer Rechtsextremist bei der AfD in M\u00fcnchen auftritt, womit die Stadt die Aufhebung des n\u00e4chtlichen Bier-Verkaufsverbots im Uni-Viertel begr\u00fcndet, wie Thekla Andresen gelernt hat, mit der Drogensucht zu leben und mehr.<\/p>\n<p data-manual=\"paragraph\" data-schema-org-speakable=\"true\" class=\"css-xboolz\"><strong>DER TAG IN <\/strong><strong><a href=\"https:\/\/www.sueddeutsche.de\/thema\/M%C3%BCnchen\" target=\"_blank\" rel=\"noopener\">M\u00dcNCHEN<\/a><\/strong><\/p>\n<p data-manual=\"paragraph\" data-schema-org-speakable=\"true\" class=\"css-xboolz\"><strong>\u00d6sterreichischer Rechtsextremist tritt bei AfD in M\u00fcnchen auf<\/strong> Weil Martin Sellner Augsburg nicht betreten durfte, kam die Leitfigur der Identit\u00e4ren Bewegung zur Lesung ins AfD-B\u00fcro im M\u00fcnchner Osten. <a href=\"https:\/\/www.sueddeutsche.de\/muenchen\/martin-sellner-muenchen-afd-identitaere-bewegung-augsburg-rechtsextreme-li.3297463?sc_src=email_4345548&amp;sc_lid=419265604&amp;sc_uid=%24uid%24&amp;sc_llid=1&amp;utm_medium=email&amp;utm_source=emarsys&amp;utm_campaign=Test+1+Muenchen_heute_190825&amp;sc_eh=\" target=\"_blank\" rel=\"noopener\">Der Verfassungsschutz sieht darin einen weiteren Hinweis f\u00fcr einen Schulterschluss der Partei mit der rechten Szene (SZ Plus).<\/a><\/p>\n<p data-manual=\"paragraph\" data-schema-org-speakable=\"true\" class=\"css-xboolz\"><strong>Stadt kippt n\u00e4chtliches Bier-Verkaufsverbot im Uni-Viertel<\/strong> Von Freitag an d\u00fcrfen die betroffenen Kioske wieder Alkohol nach 22 Uhr verkaufen. Wie die Stadt die Kehrtwende begr\u00fcndet \u2013 <a href=\"https:\/\/www.sueddeutsche.de\/muenchen\/muenchen-alkoholverkaufsverbot-kioske-univiertel-gekippt-li.3300635\" target=\"_blank\" rel=\"noopener\">und wie stattdessen f\u00fcr Ordnung im Viertel gesorgt werden soll.<\/a><\/p>\n<p data-manual=\"paragraph\" data-schema-org-speakable=\"true\" class=\"css-xboolz\"><strong>Sie sagt Ja zu Drogen<\/strong> Thekla Andresen dr\u00fcckte mit 14 Jahren das erste Mal Heroin. <a href=\"https:\/\/www.sueddeutsche.de\/projekte\/artikel\/muenchen\/muenchen-drogen-substitution-sucht-e948739\/?sc_src=email_4345548&amp;sc_lid=419265588&amp;sc_uid=%24uid%24&amp;sc_llid=1&amp;utm_medium=email&amp;utm_source=emarsys&amp;utm_campaign=Test+1+Muenchen_heute_190825&amp;sc_eh=\" target=\"_blank\" rel=\"noopener\">Drei Jahrzehnte sp\u00e4ter hat sie die Drogensucht nicht nur \u00fcberlebt, sondern gelernt, mit ihr zu leben (SZ Plus).<\/a><\/p>\n<p data-manual=\"paragraph\" data-schema-org-speakable=\"true\" class=\"css-xboolz\"><strong>Betr\u00fcger schlagen dreimal zu und nehmen Rentnerin 110 000 Euro ab<\/strong> \u201eIch wusste nicht mehr, wer die echte Polizei war\u201c, sagt die 65-J\u00e4hrige vor Gericht. Die Bande hatte sie tagelang mit Anrufen in Schach gehalten und unter Druck gesetzt. Ein Verd\u00e4chtiger wurde gefasst \u2013 <a href=\"https:\/\/www.sueddeutsche.de\/muenchen\/betrug-falsche-polizisten-muenchen-perlach-li.3298592?sc_src=email_4345548&amp;sc_lid=419265610&amp;sc_uid=%24uid%24&amp;sc_llid=1&amp;utm_medium=email&amp;utm_source=emarsys&amp;utm_campaign=Test+1+Muenchen_heute_190825&amp;sc_eh=\" target=\"_blank\" rel=\"noopener\">und gibt sich im Prozess ahnungslos.<\/a><\/p>\n<p data-manual=\"paragraph\" data-schema-org-speakable=\"true\" class=\"css-xboolz\"><strong>Betrugsprozess l\u00e4uft \u2013 Angeklagter soll derweil im Gef\u00e4ngnis gedealt haben<\/strong> Ein 31-J\u00e4hriger zog \u201eKunden\u201c mit angeblichen Investitionen in Bitcoins und Cannabispflanzungen \u00fcber den Tisch \u2013 und ist daf\u00fcr nun zu einer mehrj\u00e4hrigen Haftstrafe verurteilt worden. <a href=\"https:\/\/www.sueddeutsche.de\/muenchen\/landgericht-muenchen-prozess-betrug-cannabis-bitcoin-dealen-li.3298696?sc_src=email_4345548&amp;sc_lid=419265616&amp;sc_uid=%24uid%24&amp;sc_llid=1&amp;utm_medium=email&amp;utm_source=emarsys&amp;utm_campaign=Test+1+Muenchen_heute_190825&amp;sc_eh=\" target=\"_blank\" rel=\"noopener\">Doch bald d\u00fcrfte er wieder vor Gericht stehen.<\/a><\/p>\n<p data-manual=\"paragraph\" data-schema-org-speakable=\"true\" class=\"css-xboolz\"><strong>Auto kommt am G\u00e4rtnerplatz von der Stra\u00dfe ab \u2013 eine Person verletzt<\/strong> Der Wagen f\u00e4hrt offenbar mit hoher Geschwindigkeit \u00fcber den Gehweg und das Rondell in der Mitte des Platzes. Eine Person wird verletzt. Eine Bank, ein Stra\u00dfenschild und eiserne Poller werden umgepfl\u00fcgt. <a href=\"https:\/\/www.sueddeutsche.de\/muenchen\/muenchen-gaertnerplatz-unfall-verletzter-li.3300550\" target=\"_blank\" rel=\"noopener\">Die Ursache f\u00fcr den Unfall ist noch unklar.<\/a><\/p>\n<p data-manual=\"paragraph\" data-schema-org-speakable=\"true\" class=\"css-xboolz\"><strong>WEITERE NACHRICHTEN<\/strong><\/p>\n<p data-manual=\"paragraph\" data-schema-org-speakable=\"true\" class=\"css-xboolz\"><strong>M\u00fcnchner S\u00fcdbahnhof:<\/strong>\u00a0<a href=\"https:\/\/nl-link.sueddeutsche.de\/u\/nrd.php?p=$uid$_1_4345548_1_39&amp;ems_l=7439505&amp;d=NDE5MjY1NjIw%7CJTI0dWlkJTI0%7CVGVzdCsxK011ZW5jaGVuX2hldXRlXzE5MDgyNQ%3D%3D%7C%7C&amp;_esuh=_11_fd1ebcd3cfb1c19cbf495e876c702e6a7dd9a802b756d5925b8a2c3408fcabe7\" target=\"_blank\" rel=\"noopener\">Autoreisezug mit 150 Passagieren entgleist<\/a><\/p>\n<p data-manual=\"paragraph\" data-schema-org-speakable=\"true\" class=\"css-xboolz\"><strong>Neuperlach:<\/strong> <a href=\"https:\/\/www.sueddeutsche.de\/muenchen\/muenchen-neuperlach-michaelibad-verkehrsunfall-radfahrerin-verunglueckt-toedlich-lkw-li.3300632\" target=\"_blank\" rel=\"noopener\">Radfahrerin t\u00f6dlich verungl\u00fcckt<\/a><\/p>\n<p data-manual=\"paragraph\" data-schema-org-speakable=\"true\" class=\"css-xboolz\"><strong>Unfall auf dem Isarring:<\/strong>\u00a0<a href=\"https:\/\/nl-link.sueddeutsche.de\/u\/nrd.php?p=$uid$_1_4345548_1_41&amp;ems_l=7439505&amp;d=NDE5MjY1NjIy%7CJTI0dWlkJTI0%7CVGVzdCsxK011ZW5jaGVuX2hldXRlXzE5MDgyNQ%3D%3D%7C%7C&amp;_esuh=_11_4eebda9a45352f31ea4f6bb41e81a953c49053bbd4686505de9ac99dd2318672\" target=\"_blank\" rel=\"noopener\">Fahrradfahrer kollidieren \u2013 Frau st\u00fcrzt gegen Auto<\/a><\/p>\n<p data-manual=\"paragraph\" data-schema-org-speakable=\"true\" class=\"css-xboolz\"><strong>Neuhausen:<\/strong>\u00a0<a href=\"https:\/\/nl-link.sueddeutsche.de\/u\/nrd.php?p=$uid$_1_4345548_1_43&amp;ems_l=7439505&amp;d=NDE5MjY1NjI0%7CJTI0dWlkJTI0%7CVGVzdCsxK011ZW5jaGVuX2hldXRlXzE5MDgyNQ%3D%3D%7C%7C&amp;_esuh=_11_5714f198f16215719f3bf79fd74eaf62d49269980408b190353785e31b00e954\" target=\"_blank\" rel=\"noopener\">Apotheken-Mitarbeiter handelt illegal mit Arzneimitteln<\/a><\/p>\n<p data-manual=\"paragraph\" data-schema-org-speakable=\"true\" class=\"css-xboolz\"><strong>M\u00dcNCHEN ERLESEN<\/strong><\/p>\n<p><a href=\"https:\/\/www.sueddeutsche.de\/projekte\/artikel\/muenchen\/muenchen-baustelle-kranfuehrerin-angelika-hirlimann-beruf-e125647\/\" aria-label=\"Artikelverlinkung:\" data-track-szde=\"{&quot;event&quot;:&quot;teaser_clicked&quot;,&quot;teaser_clicked&quot;:{&quot;article_title&quot;:&quot;bin_da_kann_losgehen&quot;,&quot;doctype&quot;:&quot;&quot;,&quot;label&quot;:&quot;szplus&quot;,&quot;main_topic&quot;:&quot;leben_und_gesellschaft_in_muenchen&quot;,&quot;object_id&quot;:&quot;er.e125647&quot;,&quot;pcat&quot;:&quot;paid&quot;,&quot;section&quot;:&quot;muenchen&quot;,&quot;teaser_type&quot;:&quot;article_teaser_top&quot;}}\" data-manual=\"teaser-url\" data-tb-link=\"\" aria-labelledby=\"teaser-httpswwwsueddeutschedeprojekteartikelmuenchenmuenchen-baustelle-kranfuehrerin-angelika-hirlimann-beruf-e125647\" class=\"css-14tg8sh\" target=\"_blank\" rel=\"noopener\"><img decoding=\"async\" src=\"https:\/\/www.europesays.com\/de\/wp-content\/uploads\/2025\/08\/a6a69f73-2454-48f7-9ea3-ea76dfa33d14.jpg\"   alt=\"\" loading=\"lazy\" class=\"css-8atqhb\"\/><\/p>\n<p>Traumberuf Kranf\u00fchrerin<\/p>\n<p>:\u201eBin da, kann losgehen\u201c<\/p>\n<p class=\"css-a6ecqs\" data-manual=\"teaser-text\" data-tb-description=\"\" data-schema-org-speakable=\"true\">Angelika Hirlimann steuert 20-Tonner am Grubenrand, l\u00e4sst Swimmingpools durch die Luft schweben und tr\u00e4gt auch die Last der Verantwortung \u2013 ein Fehler k\u00f6nnte Leben kosten.<\/p>\n<p>SZ PlusVon Martina Scherf (Text) und Robert Haas (Fotos)<a href=\"https:\/\/www.sueddeutsche.de\/muenchen\/landkreismuenchen\/ismaning-garching-max-mannheimer-mittelschule-quali-migration-integration-li.3292479\" aria-label=\"Artikelverlinkung:\" data-track-szde=\"{&quot;event&quot;:&quot;teaser_clicked&quot;,&quot;teaser_clicked&quot;:{&quot;article_title&quot;:&quot;in_fremder_sprache_zur_bestnote&quot;,&quot;doctype&quot;:&quot;&quot;,&quot;label&quot;:&quot;&quot;,&quot;main_topic&quot;:&quot;landkreis_muenchen&quot;,&quot;object_id&quot;:&quot;li.3292479&quot;,&quot;pcat&quot;:&quot;metered&quot;,&quot;section&quot;:&quot;landkreis_muenchen&quot;,&quot;teaser_type&quot;:&quot;article_teaser_top&quot;}}\" data-manual=\"teaser-url\" data-tb-link=\"\" aria-labelledby=\"teaser-httpswwwsueddeutschedemuenchenlandkreismuenchenismaning-garching-max-mannheimer-mittelschule-quali-migration-integration-li3292479\" class=\"css-14tg8sh\" target=\"_blank\" rel=\"noopener\"><img decoding=\"async\" src=\"https:\/\/www.europesays.com\/de\/wp-content\/uploads\/2025\/08\/bbd9f026-1eba-4552-b906-52c2314864f1.jpg\"   alt=\"\" loading=\"lazy\" class=\"css-8atqhb\"\/><\/p>\n<p>Flucht und Integration<\/p>\n<p>:In fremder Sprache zur Bestnote<\/p>\n<p class=\"css-a6ecqs\" data-manual=\"teaser-text\" data-tb-description=\"\" data-schema-org-speakable=\"true\">In nur drei Jahren hat Rama Altarsha\u00a0 so gut Deutsch gelernt, dass sie als Beste der Max-Mannheimer-Mittelschule den Quali machte. Die junge Syrerin hat noch weitere Ziele: Sie m\u00f6chte \u00c4rztin werden.<\/p>\n<p data-manual=\"paragraph\" data-schema-org-speakable=\"true\" class=\"css-xboolz\"><strong>UNSER KULTURTIPP<\/strong><\/p>\n<p><a href=\"https:\/\/www.sueddeutsche.de\/bayern\/freizeittipps-ausflugstipps-kuenstlerkolonien-oberbayern-li.3294470\" aria-label=\"Artikelverlinkung:\" data-track-szde=\"{&quot;event&quot;:&quot;teaser_clicked&quot;,&quot;teaser_clicked&quot;:{&quot;article_title&quot;:&quot;malerisches_oberbayern_auf_den_spuren_der_kuenstlerkolonien&quot;,&quot;doctype&quot;:&quot;&quot;,&quot;label&quot;:&quot;&quot;,&quot;main_topic&quot;:&quot;kultur_in_bayern&quot;,&quot;object_id&quot;:&quot;li.3294470&quot;,&quot;pcat&quot;:&quot;metered&quot;,&quot;section&quot;:&quot;bayern&quot;,&quot;teaser_type&quot;:&quot;article_teaser_top&quot;}}\" data-manual=\"teaser-url\" data-tb-link=\"\" aria-labelledby=\"teaser-httpswwwsueddeutschedebayernfreizeittipps-ausflugstipps-kuenstlerkolonien-oberbayern-li3294470\" class=\"css-14tg8sh\" target=\"_blank\" rel=\"noopener\"><img decoding=\"async\" src=\"https:\/\/www.europesays.com\/de\/wp-content\/uploads\/2025\/08\/e48b5edb-a50b-40ea-924f-4f7862c8ccb2.jpeg\"   alt=\"\" loading=\"lazy\" class=\"css-8atqhb\"\/><\/p>\n<p>Kunstgeschichte<\/p>\n<p>:Malerisches Oberbayern \u2013 auf den Spuren der K\u00fcnstlerkolonien<\/p>\n<p class=\"css-a6ecqs\" data-manual=\"teaser-text\" data-tb-description=\"\" data-schema-org-speakable=\"true\">Oberbayern inspiriert bis heute nicht nur Touristen. Von Murnau bis zum Tegernsee: Sechs Orte, die zu den bedeutsamsten der deutschen Kunstgeschichte z\u00e4hlen.<\/p>\n<p>Von Hannes Christoph Meck<\/p>\n<p data-manual=\"paragraph\" data-schema-org-speakable=\"true\" class=\"css-xboolz\"><a href=\"https:\/\/www.sueddeutsche.de\/thema\/Restaurants\" target=\"_blank\" rel=\"noopener\">Restaurants in M\u00fcnchen<\/a> | <a href=\"https:\/\/www.sueddeutsche.de\/thema\/Bars\" target=\"_blank\" rel=\"noopener\">Bars in M\u00fcnchen<\/a> | <a href=\"https:\/\/www.sueddeutsche.de\/thema\/Fr%C3%BChst%C3%BCck_und_Brunch\" target=\"_blank\" rel=\"noopener\">Fr\u00fchst\u00fcck und Brunch<\/a><strong>Zu den Landkreisen:<\/strong> <a href=\"https:\/\/www.sueddeutsche.de\/muenchen\/wolfratshausen\" target=\"_blank\" rel=\"noopener\">Bad T\u00f6lz-Wolfratshausen<\/a> | <a href=\"https:\/\/www.sueddeutsche.de\/muenchen\/dachau\" target=\"_blank\" rel=\"noopener\">Dachau<\/a> | <a href=\"https:\/\/www.sueddeutsche.de\/muenchen\/ebersberg\" target=\"_blank\" rel=\"noopener\">Ebersberg<\/a> | <a href=\"https:\/\/www.sueddeutsche.de\/muenchen\/erding\" target=\"_blank\" rel=\"noopener\">Erding<\/a> | <a href=\"https:\/\/www.sueddeutsche.de\/muenchen\/freising\" target=\"_blank\" rel=\"noopener\">Freising<\/a> | <a href=\"https:\/\/www.sueddeutsche.de\/muenchen\/fuerstenfeldbruck\" target=\"_blank\" rel=\"noopener\">F\u00fcrstenfeldbruck<\/a> | <a href=\"https:\/\/www.sueddeutsche.de\/muenchen\/landkreismuenchen\" target=\"_blank\" rel=\"noopener\">M\u00fcnchen<\/a> | <a href=\"https:\/\/www.sueddeutsche.de\/muenchen\/starnberg\" target=\"_blank\" rel=\"noopener\">Starnberg<\/a><\/p>\n","protected":false},"excerpt":{"rendered":"Wieso ein \u00f6sterreichischer Rechtsextremist bei der AfD in M\u00fcnchen auftritt, womit die Stadt die Aufhebung des n\u00e4chtlichen Bier-Verkaufsverbots&hellip;\n","protected":false},"author":2,"featured_media":2312,"comment_status":"","ping_status":"","sticky":false,"template":"","format":"standard","meta":{"footnotes":""},"categories":[1827],"tags":[772,29,30,1268,2338,2339,149],"class_list":{"0":"post-357194","1":"post","2":"type-post","3":"status-publish","4":"format-standard","5":"has-post-thumbnail","7":"category-muenchen","8":"tag-bayern","9":"tag-deutschland","10":"tag-germany","11":"tag-muenchen","12":"tag-newsletter","13":"tag-oberbayern","14":"tag-sueddeutsche-zeitung"},"share_on_mastodon":{"url":"https:\/\/pubeurope.com\/@de\/115056557353894194","error":""},"_links":{"self":[{"href":"https:\/\/www.europesays.com\/de\/wp-json\/wp\/v2\/posts\/357194","targetHints":{"allow":["GET"]}}],"collection":[{"href":"https:\/\/www.europesays.com\/de\/wp-json\/wp\/v2\/posts"}],"about":[{"href":"https:\/\/www.europesays.com\/de\/wp-json\/wp\/v2\/types\/post"}],"author":[{"embeddable":true,"href":"https:\/\/www.europesays.com\/de\/wp-json\/wp\/v2\/users\/2"}],"replies":[{"embeddable":true,"href":"https:\/\/www.europesays.com\/de\/wp-json\/wp\/v2\/comments?post=357194"}],"version-history":[{"count":0,"href":"https:\/\/www.europesays.com\/de\/wp-json\/wp\/v2\/posts\/357194\/revisions"}],"wp:featuredmedia":[{"embeddable":true,"href":"https:\/\/www.europesays.com\/de\/wp-json\/wp\/v2\/media\/2312"}],"wp:attachment":[{"href":"https:\/\/www.europesays.com\/de\/wp-json\/wp\/v2\/media?parent=357194"}],"wp:term":[{"taxonomy":"category","embeddable":true,"href":"https:\/\/www.europesays.com\/de\/wp-json\/wp\/v2\/categories?post=357194"},{"taxonomy":"post_tag","embeddable":true,"href":"https:\/\/www.europesays.com\/de\/wp-json\/wp\/v2\/tags?post=357194"}],"curies":[{"name":"wp","href":"https:\/\/api.w.org\/{rel}","templated":true}]}}