{"id":357242,"date":"2025-08-19T17:45:11","date_gmt":"2025-08-19T17:45:11","guid":{"rendered":"https:\/\/www.europesays.com\/de\/357242\/"},"modified":"2025-08-19T17:45:11","modified_gmt":"2025-08-19T17:45:11","slug":"schueler-erleben-debatte-zum-tempolimit-im-landtag-sh-zum-fremdschaemen","status":"publish","type":"post","link":"https:\/\/www.europesays.com\/de\/357242\/","title":{"rendered":"Sch\u00fcler erleben Debatte zum Tempolimit im Landtag SH: \u201eZum Fremdsch\u00e4men\u201c"},"content":{"rendered":"<p class=\"Textstyled__Text-sc-1cqv9mi-0 cLyiiX\">Kiel. Sie waren optimistisch in den Landtag gekommen. Ministerpr\u00e4sident Daniel G\u00fcnther (CDU) hatte den Jungredakteuren des Kieler \u201eUmweltmagazins\u201c im Interview gesagt, dass er einem Tempolimit auf deutschen Autobahnen \u201ewirklich offen\u201c gegen\u00fcber stehe und er in dieser Frage \u201ekein Hardliner\u201c sei. Entsprechend gespannt verfolgten die Kieler Sch\u00fclerinnen und Sch\u00fcler Ende Juli von der Besuchertrib\u00fcne aus die Plenardebatte: W\u00fcrde die Parlamentsmehrheit einem Antrag des SSW folgen und Schleswig-Holstein im Bundesrat eine entsprechende Initiative ansto\u00dfen? Am Ende war die Entt\u00e4uschung gro\u00df: CDU und Gr\u00fcne lehnten ab.<\/p>\n<p>Weiterlesen nach der Anzeige<\/p>\n<p>Weiterlesen nach der Anzeige<\/p>\n<blockquote><p>Wir sind nicht neutral. Wir haben nun einmal eine Klimakrise.<\/p><\/blockquote>\n<p class=\"Quotestyled__Author-sc-q277fq-1 hfNZxo\">Tim Stellmacher (17)<\/p>\n<p class=\"Quotestyled__AuthorDescription-sc-q277fq-2 kncpVQ\">Jungredakteur im Umweltmagazin<\/p>\n<p class=\"Textstyled__Text-sc-1cqv9mi-0 cLyiiX\">\u201eMehrere von uns haben sich im Nachhinein gefragt, ob so eine Sitzung immer im Stil einer Kindergartengruppe gef\u00fchrt wird\u201c, hei\u00dft es in einer Stellungnahme, die die jungen Leute im Anschluss ver\u00f6ffentlichten. Die CDU hatte im Landtag mit einem Augenzwinkern eine Rede verlesen, die man in \u00e4hnlicher Form schon vor Jahren gehalten hatte. Damit erzeugte die Union zumindest im Plenarsaal sommerliche Heiterkeit. Blo\u00df konnten die jungen Zuh\u00f6rer auf der Trib\u00fcne nicht mitlachen.<\/p>\n<p>Sch\u00fcler gr\u00fcnden \u201eUmweltmagazin\u201c: Leidenschaft f\u00fcr Klimaschutz<\/p>\n<p class=\"Textstyled__Text-sc-1cqv9mi-0 cLyiiX\">Das \u201eUmweltmagazin\u201c war 2022 auf Sch\u00fclerinitiative hin gegr\u00fcndet worden. Es z\u00e4hlt derzeit 14 Nachwuchsjournalisten im Alter von 13 und 17 Jahren, ist parteiunabh\u00e4ngig und befasst sich \u00fcberwiegend mit \u00f6kologischen Themen. \u201eWir sind nicht neutral\u201c, beschreibt Tim Stellmacher (17) aus Kiel-Projensdorf das Selbstverst\u00e4ndnis des Internet-Magazins. \u201eAber es ist doch objektiv richtig, Klimaschutz zu betreiben: Wir haben nun einmal eine Klimakrise.\u201c<\/p>\n<p>Weiterlesen nach der Anzeige<\/p>\n<p>Weiterlesen nach der Anzeige<\/p>\n<p class=\"Textstyled__Text-sc-1cqv9mi-0 cLyiiX\">In den Artikeln geht es zum Beispiel um Saatgut, um die Ressource Wasserstoff, Klimaschutz im Vatikan und die Nachhaltigkeit von Vereinen der Deutschen Fu\u00dfball-Bundesliga. Immer wieder gelingt es dem Team zudem, Prominente anzusprechen. Talkmasterin Sandra Maischberger kam bereits ausf\u00fchrlich zu Wort, auch Weltklasse-Pianist Igor Levit war dabei &#8211; und zuletzt Schleswig-Holsteins Ministerpr\u00e4sident Daniel G\u00fcnther.<\/p>\n<p>Politische Spielchen: CDU und Gr\u00fcne uneins \u00fcber Tempolimit<\/p>\n<p class=\"Textstyled__Text-sc-1cqv9mi-0 cLyiiX\">Das Verhalten der CDU-Abgeordneten ihm gegen\u00fcber sei \u201eeinfach nicht nett\u201c gewesen, hei\u00dft es im Kommentar. \u201eF\u00fcr uns war es auffallend, dass Herr G\u00fcnther kein einziges Mal bei Witzen oder Reden schmunzeln musste.\u201c Zum Erstaunen der Jugendlichen sprach stellvertretend f\u00fcr die Landesregierung nicht der Regierungschef, sondern <a href=\"https:\/\/www.kn-online.de\/schleswig-holstein\/sh-verkehrsminister-claus-ruhe-madsen-kritik-an-protz-dienstwagen-fuehrt-zur-kehrtwende-P5NI2ZOT7REDZI4MRM2E2RYWBY.html\" target=\"_self\" rel=\"nofollow noopener\" title=\"https:\/\/www.kn-online.de\/schleswig-holstein\/sh-verkehrsminister-claus-ruhe-madsen-kritik-an-protz-dienstwagen-fuehrt-zur-kehrtwende-P5NI2ZOT7REDZI4MRM2E2RYWBY.html\" data-vars-event-category=\"intext_link\" data-vars-event-action=\"click\" data-vars-event-label=\"https:\/\/www.kn-online.de\/schleswig-holstein\/sh-verkehrsminister-claus-ruhe-madsen-kritik-an-protz-dienstwagen-fuehrt-zur-kehrtwende-P5NI2ZOT7REDZI4MRM2E2RYWBY.html\">Verkehrsminister Claus Ruhe Madsen<\/a> (CDU). Und der verwendete auch noch einen Kraftausdruck: \u201eAutobahnen: ein geiles Wort! D\u00e4nen lieben Autobahnen.\u201c Zum Fremdsch\u00e4men sei das gewesen.<\/p>\n<p class=\"Textstyled__Text-sc-1cqv9mi-0 cLyiiX\">Nachwuchs-Redakteur Abdullah Kamal (17) aus Altenholz kommt zum Ergebnis, dass G\u00fcnther offenbar zukunftsorientierter sei als viele andere in der CDU. \u201eAber mich hat sehr \u00fcberrascht, dass sich die Gr\u00fcnen ausgerechnet beim Tempolimit so wenig kooperativ zeigten.\u201c Offenbar geh\u00f6re das zur Politik: Im Zweifel m\u00fcssten sich Partner an die Koalitionsdisziplin halten.<\/p>\n<p>Preise f\u00fcr Sch\u00fclerinitiative: \u201eUmweltmagazin\u201c gewinnt Wettbewerbe<\/p>\n<p class=\"Textstyled__Text-sc-1cqv9mi-0 cLyiiX\">Im vergangenen Jahr hatte das \u201eUmweltmagazin\u201c den 1. Preis \u201ealle f\u00fcr eine Welt f\u00fcr alle\u201c gewonnen, ein Schulwettbewerb unter Schirmherrschaft von Bundespr\u00e4sident Frank-Walter Steinmeier (SPD). In diesem Jahr erhielt das Team den Hans-Sauer-Preis f\u00fcr \u201eTransformative Bildung \u2013 Gesellschaft gestalten lernen\u201c. Mit den Preisgeldern lassen sich Unkosten decken.<\/p>\n<p>Weiterlesen nach der Anzeige<\/p>\n<p>Weiterlesen nach der Anzeige<\/p>\n<p class=\"Textstyled__Text-sc-1cqv9mi-0 cLyiiX\">Das Fazit? Innerhalb eines Monats habe man dreimal mit G\u00fcnther gesprochen, freuen sich die Jugendlichen, zudem habe man mit der Staatskanzlei Mailkontakt gehabt. \u201eVielen Dank f\u00fcr diese Erfahrung.\u201c G\u00fcnther habe der Gruppe ma\u00dfgeblich weitergeholfen. Doch nach der Landtagssitzung empfinde man \u201eirgendwie vor allem Mitleid mit ihm\u201c.<\/p>\n<p class=\"Editorialstyled__Editorial-sc-5u8rgl-0 cBUuy\">KN<\/p>\n","protected":false},"excerpt":{"rendered":"Kiel. Sie waren optimistisch in den Landtag gekommen. Ministerpr\u00e4sident Daniel G\u00fcnther (CDU) hatte den Jungredakteuren des Kieler \u201eUmweltmagazins\u201c&hellip;\n","protected":false},"author":2,"featured_media":357243,"comment_status":"","ping_status":"","sticky":false,"template":"","format":"standard","meta":{"footnotes":""},"categories":[1852],"tags":[3364,29,548,663,3934,30,13,4949,14,15,12,1971],"class_list":{"0":"post-357242","1":"post","2":"type-post","3":"status-publish","4":"format-standard","5":"has-post-thumbnail","7":"category-kiel","8":"tag-de","9":"tag-deutschland","10":"tag-eu","11":"tag-europa","12":"tag-europe","13":"tag-germany","14":"tag-headlines","15":"tag-kiel","16":"tag-nachrichten","17":"tag-news","18":"tag-schlagzeilen","19":"tag-schleswig-holstein"},"share_on_mastodon":{"url":"https:\/\/pubeurope.com\/@de\/115056680867785263","error":""},"_links":{"self":[{"href":"https:\/\/www.europesays.com\/de\/wp-json\/wp\/v2\/posts\/357242","targetHints":{"allow":["GET"]}}],"collection":[{"href":"https:\/\/www.europesays.com\/de\/wp-json\/wp\/v2\/posts"}],"about":[{"href":"https:\/\/www.europesays.com\/de\/wp-json\/wp\/v2\/types\/post"}],"author":[{"embeddable":true,"href":"https:\/\/www.europesays.com\/de\/wp-json\/wp\/v2\/users\/2"}],"replies":[{"embeddable":true,"href":"https:\/\/www.europesays.com\/de\/wp-json\/wp\/v2\/comments?post=357242"}],"version-history":[{"count":0,"href":"https:\/\/www.europesays.com\/de\/wp-json\/wp\/v2\/posts\/357242\/revisions"}],"wp:featuredmedia":[{"embeddable":true,"href":"https:\/\/www.europesays.com\/de\/wp-json\/wp\/v2\/media\/357243"}],"wp:attachment":[{"href":"https:\/\/www.europesays.com\/de\/wp-json\/wp\/v2\/media?parent=357242"}],"wp:term":[{"taxonomy":"category","embeddable":true,"href":"https:\/\/www.europesays.com\/de\/wp-json\/wp\/v2\/categories?post=357242"},{"taxonomy":"post_tag","embeddable":true,"href":"https:\/\/www.europesays.com\/de\/wp-json\/wp\/v2\/tags?post=357242"}],"curies":[{"name":"wp","href":"https:\/\/api.w.org\/{rel}","templated":true}]}}