{"id":357354,"date":"2025-08-19T18:44:11","date_gmt":"2025-08-19T18:44:11","guid":{"rendered":"https:\/\/www.europesays.com\/de\/357354\/"},"modified":"2025-08-19T18:44:11","modified_gmt":"2025-08-19T18:44:11","slug":"berliner-senat-praesentiert-hitzeschutzplan-scharfe-kritik-vom-bund","status":"publish","type":"post","link":"https:\/\/www.europesays.com\/de\/357354\/","title":{"rendered":"Berliner Senat pr\u00e4sentiert Hitzeschutzplan \u2013 scharfe Kritik vom BUND"},"content":{"rendered":"<p class=\"article_paragraph__hXYKJ\">Die Stadt\u00a0<a href=\"https:\/\/www.berliner-zeitung.de\/topics\/berliner-senat\" rel=\"nofollow noopener\" target=\"_blank\">Berlin<\/a> hat lange ohne eigenen Hitzeschutzplan auskommen m\u00fcssen, trotz steigender Temperaturen und zunehmender Hitzetage. Am Dienstag stellte Gesundheitssenatorin Ina Czyborra (SPD) nun im Senat einen Entwurf vor. Wie der <a target=\"_blank\" rel=\"nofollow noopener\" href=\"https:\/\/www.rbb24.de\/politik\/beitrag\/2025\/08\/berlin-senat-hitze-aktionsplan-vorgelegt-72-massnahmen-sommer-klimawandel.html\">RBB<\/a> berichtet, soll er in den kommenden Wochen mit den Bezirken abgestimmt und noch in diesem Jahr beschlossen werden.<\/p>\n<p>Der Plan umfasst 72 Ma\u00dfnahmen, die die Hauptstadt hitzeresistenter machen sollen. Geplant sind unter anderem mehr B\u00e4ume im Stadtgebiet, zus\u00e4tzliche Trinkbrunnen sowie Geb\u00e4ude, die vor extremer Hitze besser sch\u00fctzen. Erg\u00e4nzt wird dies durch Informationskampagnen wie die bereits laufende \u201eB\u00e4renhitze\u201c, die Tipps zum Verhalten bei hohen Temperaturen gibt. Hintergrund sind die in den vergangenen Jahren deutlich gestiegenen Zahlen hitzebedingter Todesf\u00e4lle in Berlin. \u201eUmso wichtiger ist ein aktiver und systematischer Hitzeschutz, der Risiken f\u00fcr die Bev\u00f6lkerung minimieren kann\u201c, betonte Czyborra.<\/p>\n<p>BUND \u00e4u\u00dfert Kritik<\/p>\n<p class=\"article_paragraph__hXYKJ\">Umweltverb\u00e4nde zeigen sich allerdings entt\u00e4uscht. Der BUND Berlin kritisierte den Entwurf als \u201eunsystematische Klimaanpassungsstrategie statt eines akuten Hitzeaktionsplans\u201c. Gesch\u00e4ftsf\u00fchrerin Gabi Jung sprach von einem Vorhaben, das viel zu sp\u00e4t komme und \u201egenauso ambitionslos sei wie die gesamte Klimapolitik der schwarz-roten Koalition\u201c. Bereits im Sommer 2024 hatte auch die Gr\u00fcnen-Fraktion bem\u00e4ngelt, dass der Senat sich viel zu sp\u00e4t mit einem Hitzeschutzplan besch\u00e4ftige.<\/p>\n<p class=\"article_paragraph__hXYKJ\">Ein Blick nach Brandenburg zeigt, dass es auch schneller geht: In Potsdam wurde bereits im Sommer 2023 ein offizieller Hitzeschutz eingef\u00fchrt. Dort entstanden zus\u00e4tzliche Trinkwasserstellen, eine Online-Karte mit k\u00fchlen Orten sowie ein Hitzetelefon f\u00fcr \u00e4ltere Menschen. Berlin will mit seinem Entwurf nun nachziehen \u2013 ob die Ma\u00dfnahmen ausreichen, bleibt jedoch umstritten.<\/p>\n","protected":false},"excerpt":{"rendered":"Die Stadt\u00a0Berlin hat lange ohne eigenen Hitzeschutzplan auskommen m\u00fcssen, trotz steigender Temperaturen und zunehmender Hitzetage. Am Dienstag stellte&hellip;\n","protected":false},"author":2,"featured_media":357355,"comment_status":"","ping_status":"","sticky":false,"template":"","format":"standard","meta":{"footnotes":""},"categories":[1825],"tags":[1941,1939,296,1937,29,30,1940,1938],"class_list":{"0":"post-357354","1":"post","2":"type-post","3":"status-publish","4":"format-standard","5":"has-post-thumbnail","7":"category-berlin","8":"tag-aktuelle-nachrichten-aus-berlin","9":"tag-aktuelle-news-aus-berlin","10":"tag-berlin","11":"tag-berlin-news","12":"tag-deutschland","13":"tag-germany","14":"tag-nachrichten-aus-berlin","15":"tag-news-aus-berlin"},"share_on_mastodon":{"url":"https:\/\/pubeurope.com\/@de\/115056913020111570","error":""},"_links":{"self":[{"href":"https:\/\/www.europesays.com\/de\/wp-json\/wp\/v2\/posts\/357354","targetHints":{"allow":["GET"]}}],"collection":[{"href":"https:\/\/www.europesays.com\/de\/wp-json\/wp\/v2\/posts"}],"about":[{"href":"https:\/\/www.europesays.com\/de\/wp-json\/wp\/v2\/types\/post"}],"author":[{"embeddable":true,"href":"https:\/\/www.europesays.com\/de\/wp-json\/wp\/v2\/users\/2"}],"replies":[{"embeddable":true,"href":"https:\/\/www.europesays.com\/de\/wp-json\/wp\/v2\/comments?post=357354"}],"version-history":[{"count":0,"href":"https:\/\/www.europesays.com\/de\/wp-json\/wp\/v2\/posts\/357354\/revisions"}],"wp:featuredmedia":[{"embeddable":true,"href":"https:\/\/www.europesays.com\/de\/wp-json\/wp\/v2\/media\/357355"}],"wp:attachment":[{"href":"https:\/\/www.europesays.com\/de\/wp-json\/wp\/v2\/media?parent=357354"}],"wp:term":[{"taxonomy":"category","embeddable":true,"href":"https:\/\/www.europesays.com\/de\/wp-json\/wp\/v2\/categories?post=357354"},{"taxonomy":"post_tag","embeddable":true,"href":"https:\/\/www.europesays.com\/de\/wp-json\/wp\/v2\/tags?post=357354"}],"curies":[{"name":"wp","href":"https:\/\/api.w.org\/{rel}","templated":true}]}}